{"id":3905,"date":"2019-07-12T08:16:55","date_gmt":"2019-07-12T11:16:55","guid":{"rendered":"https:\/\/blogs.correiobraziliense.com.br\/denise\/?p=3905"},"modified":"2019-07-12T08:19:07","modified_gmt":"2019-07-12T11:19:07","slug":"se-indicar-eduardo-a-embaixada-bolsonaro-arrisca-colocar-o-prestigio-pessoal-em-jogo-no-senado","status":"publish","type":"post","link":"https:\/\/blogs.correiobraziliense.com.br\/denise\/se-indicar-eduardo-a-embaixada-bolsonaro-arrisca-colocar-o-prestigio-pessoal-em-jogo-no-senado\/","title":{"rendered":"Se indicar Eduardo \u00e0 embaixada, Bolsonaro arrisca colocar o prest\u00edgio pessoal em jogo no Senado"},"content":{"rendered":"<h6><strong>Coluna Bras\u00edlia-DF<\/strong><\/h6>\n<p>Ao n\u00e3o descartar o nome do deputado Eduardo Bolsonaro para embaixador do Brasil em Washington, o presidente Jair Bolsonaro arrisca colocar o prest\u00edgio pessoal em jogo no Senado. \u00c9 que, nunca antes na hist\u00f3ria do pa\u00eds, um presidente indicou o pr\u00f3prio filho para um cargo t\u00e3o importante. Ainda que 03 seja inteligente, fale ingl\u00eas e tenha boas rela\u00e7\u00f5es com a fam\u00edlia do presidente Donald Trump, n\u00e3o \u00e9 da tradi\u00e7\u00e3o da diplomacia brasileira.<\/p>\n<h2><strong>Risco<\/strong><\/h2>\n<p>Se decidir mesmo indicar o filho, o presidente assume a responsabilidade de n\u00e3o poder perder essa vota\u00e7\u00e3o no Senado, onde a base \u00e9 incerta e o voto para escolha de autoridades \u00e9 secreto. Alguns senadores n\u00e3o engolem a frase de 03, ainda na campanha, sobre bastar um carro-tanque e um soldado para fechar o Supremo Tribunal Federal. E, nos Estados Unidos, n\u00e3o se brinca com a m\u00e1xima democracia acima de tudo.<\/p>\n<h2><strong>Exce\u00e7\u00e3o<\/strong><\/h2>\n<p>O \u00faltimo embaixador fora da carreira diplom\u00e1tica nos Estados Unidos foi Juracy Magalh\u00e3es, em 1964, no governo do marechal Castelo Branco. Ele sucedeu Roberto Campos, diplomata e economista, que havia sido nomeado por Jo\u00e3o Goulart.<\/p>\n","protected":false},"excerpt":{"rendered":"<p>Coluna Bras\u00edlia-DF Ao n\u00e3o descartar o nome do deputado Eduardo Bolsonaro para embaixador do Brasil em Washington, o presidente Jair Bolsonaro arrisca colocar o prest\u00edgio pessoal em jogo no Senado. \u00c9 que, nunca antes na hist\u00f3ria do pa\u00eds, um presidente indicou o pr\u00f3prio filho para um cargo t\u00e3o importante. Ainda que 03 seja inteligente, fale ingl\u00eas e tenha boas rela\u00e7\u00f5es [&hellip;]<\/p>\n","protected":false},"author":29,"featured_media":3908,"comment_status":"closed","ping_status":"closed","sticky":false,"template":"","format":"standard","meta":{"footnotes":""},"categories":[4],"tags":[28,138,137,101],"class_list":["post-3905","post","type-post","status-publish","format-standard","has-post-thumbnail","hentry","category-coluna-brasilia-df","tag-bolsonaro","tag-eduardo-bolsonaro","tag-embaixada","tag-eua"],"_links":{"self":[{"href":"https:\/\/blogs.correiobraziliense.com.br\/denise\/wp-json\/wp\/v2\/posts\/3905","targetHints":{"allow":["GET"]}}],"collection":[{"href":"https:\/\/blogs.correiobraziliense.com.br\/denise\/wp-json\/wp\/v2\/posts"}],"about":[{"href":"https:\/\/blogs.correiobraziliense.com.br\/denise\/wp-json\/wp\/v2\/types\/post"}],"author":[{"embeddable":true,"href":"https:\/\/blogs.correiobraziliense.com.br\/denise\/wp-json\/wp\/v2\/users\/29"}],"replies":[{"embeddable":true,"href":"https:\/\/blogs.correiobraziliense.com.br\/denise\/wp-json\/wp\/v2\/comments?post=3905"}],"version-history":[{"count":2,"href":"https:\/\/blogs.correiobraziliense.com.br\/denise\/wp-json\/wp\/v2\/posts\/3905\/revisions"}],"predecessor-version":[{"id":3911,"href":"https:\/\/blogs.correiobraziliense.com.br\/denise\/wp-json\/wp\/v2\/posts\/3905\/revisions\/3911"}],"wp:featuredmedia":[{"embeddable":true,"href":"https:\/\/blogs.correiobraziliense.com.br\/denise\/wp-json\/wp\/v2\/media\/3908"}],"wp:attachment":[{"href":"https:\/\/blogs.correiobraziliense.com.br\/denise\/wp-json\/wp\/v2\/media?parent=3905"}],"wp:term":[{"taxonomy":"category","embeddable":true,"href":"https:\/\/blogs.correiobraziliense.com.br\/denise\/wp-json\/wp\/v2\/categories?post=3905"},{"taxonomy":"post_tag","embeddable":true,"href":"https:\/\/blogs.correiobraziliense.com.br\/denise\/wp-json\/wp\/v2\/tags?post=3905"}],"curies":[{"name":"wp","href":"https:\/\/api.w.org\/{rel}","templated":true}]}}