{"id":3888,"date":"2019-07-11T08:38:29","date_gmt":"2019-07-11T11:38:29","guid":{"rendered":"https:\/\/blogs.correiobraziliense.com.br\/denise\/?p=3888"},"modified":"2019-07-11T08:38:29","modified_gmt":"2019-07-11T11:38:29","slug":"votacao-da-previdencia-alca-rodrigo-maia-a-posicao-de-primeiro-ministro","status":"publish","type":"post","link":"https:\/\/blogs.correiobraziliense.com.br\/denise\/votacao-da-previdencia-alca-rodrigo-maia-a-posicao-de-primeiro-ministro\/","title":{"rendered":"Vota\u00e7\u00e3o da Previd\u00eancia al\u00e7a Rodrigo Maia \u00e0 posi\u00e7\u00e3o de &#8220;primeiro-ministro&#8221;"},"content":{"rendered":"<h6><strong>Coluna Bras\u00edlia-DF<\/strong><\/h6>\n<p>Antes mesmo de o presidente da C\u00e2mara, Rodrigo Maia, anunciar o placar surpreendente de 379 votos em favor da reforma da Previd\u00eancia, ele j\u00e1 era tratado pelos colegas como o grande vencedor da noite.<\/p>\n<p>Em seu discurso, refor\u00e7ou essa posi\u00e7\u00e3o, ao mencionar a recupera\u00e7\u00e3o da \u201cfor\u00e7a da C\u00e2mara\u201d. Sem citar o presidente Jair Bolsonaro, Maia defendeu a necessidade de uma \u201crela\u00e7\u00e3o diferente, onde o di\u00e1logo e o respeito prevale\u00e7am\u201d.<\/p>\n<p>H\u00e1 a\u00ed uma janela para que governo e Parlamento se entendam para a batalha da reforma tribut\u00e1ria e medida provis\u00f3ria da liberdade econ\u00f4mica, os pr\u00f3ximos itens da agenda de reformas.<\/p>\n<p>Em tempo: A guerra da Previd\u00eancia ainda n\u00e3o terminou. A forma s\u00fabita como Maia encerrou a sess\u00e3o prevista para seguir madrugada adentro deixou muitos governistas com a sensa\u00e7\u00e3o de que \u00e9 preciso acertar o passo.<\/p>\n<p>Afinal, do alto da mesa diretora dos trabalhos, o presidente percebeu que poderia perder o destaque que pretendia tirar os professores da reforma.<\/p>\n<p>E n\u00e3o dava para, depois da grande vit\u00f3ria, come\u00e7ar os destaques com uma derrota. Ainda h\u00e1 outras vota\u00e7\u00f5es envolvendo policiais, vi\u00favas e at\u00e9 professores. E, reza a lenda, o diabo mora nos detalhes.<\/p>\n<h2>\n<strong>O que interessa<\/strong><\/h2>\n<p>A agenda de costumes, t\u00e3o cara ao presidente Jair Bolsonaro, n\u00e3o est\u00e1 entre as prioridades do \u201cprimeiro-ministro\u201d, Rodrigo Maia. O deputado apostar\u00e1 na agenda que ajude a recuperar a economia e gerar empregos. O resto \u00e9 perfumaria.<\/p>\n<h2>\n<strong>H\u00e1 exce\u00e7\u00f5es<\/strong><\/h2>\n<p>Entre as propostas que n\u00e3o mexem diretamente com a economia, mas v\u00e3o entrar na pauta de Rodrigo Maia, est\u00e3o a lei do abuso de autoridade e o pacote anticrime de S\u00e9rgio Moro.<\/p>\n<h2>\n<strong>A volta de Onyx<\/strong><\/h2>\n<p>O resultado pra l\u00e1 de favor\u00e1vel ao texto base da reforma deu novo f\u00f4lego ao ministro da Casa Civil, Onyx Lorenzoni. Agora, caber\u00e1 ao novo ministro da Secretaria de Governo, general Luiz Eduardo Ramos, conseguir manter o mesmo n\u00edvel de di\u00e1logo com o Parlamento.<\/p>\n<h2>\n<strong>Enquanto isso, no Minist\u00e9rio da Economia\u2026<\/strong><\/h2>\n<p>O ministro Paulo Guedes avisou que entregar\u00e1 sua proposta de reforma tribut\u00e1ria nos pr\u00f3ximos dias.<br \/>\n\u00c9 para n\u00e3o deixar as propostas em discuss\u00e3o na C\u00e2mara, de Bernardo Appy, e no Senado, do ex-deputado Luiz Carlos Hauly, seguirem sem que o governo tenha dado o seu tom nesse quesito.<\/p>\n<h2><em><strong>Curtidas<\/strong><\/em><\/h2>\n<p><strong>Um por todos&#8230;\/<\/strong> &#8230;todos por um. Com 11 votos a favor da reforma da Previd\u00eancia dentro do PSB, de um total de 21 da bancada, os deputados ganharam um aliado forte, o ex-l\u00edder J\u00falio Delgado. \u201cO texto que chegou ao plen\u00e1rio \u00e9 muito diferente daquele que esteve em vota\u00e7\u00e3o na Comiss\u00e3o de Constitui\u00e7\u00e3o e Justi\u00e7a. Portanto, vou defender os deputados\u201d, disse ele.<\/p>\n<p><strong>Por falar em PSB&#8230;\/<\/strong> Pelo menos cinco partidos j\u00e1 estenderam o tapete vermelho para o deputado pesselista do Esp\u00edrito Santo Felipe Rigoni, o primeiro parlamentar cego, que vem se destacando por posi\u00e7\u00f5es equilibradas e firmes na Casa. Ele votou a favor da Previd\u00eancia. Se os socialistas insistirem em punir os deputados, Felipe n\u00e3o vai ficar ao relento.<\/p>\n<p><strong>Salvo-conduto\/<\/strong> Dos oito deputados do PDT que votaram a favor da reforma da Previd\u00eancia, T\u00e1bata Amaral (SP) tem em m\u00e3os uma carta do partido que lhe conferiu essa prerrogativa antes mesmo de ser eleita. \u201cA carta existe\u201d, disse T\u00e1bata \u00e0 coluna, sem esconder o mau humor. \u201cJ\u00e1 disse que n\u00e3o vou falar com a imprensa. O que eu tinha a dizer j\u00e1<br \/>\nest\u00e1 nas minhas redes sociais\u201d. Aff\u2026<\/p>\n<p><strong>Mais um AGU para o STF\/<\/strong> Ao se referir a um nome \u201cterrivelmente evang\u00e9lico\u201d para o Supremo Tribunal Federal (STF), o presidente Jair Bolsonaro tinha em mente o pastor Andr\u00e9 Mendon\u00e7a, advogado-geral da Uni\u00e3o, como j\u00e1 antecipou a coluna. Ali\u00e1s, Gilmar Mendes e o atual presidente do STF, Dias Toffoli, tamb\u00e9m j\u00e1 ocuparam o mesmo posto. S\u00f3 n\u00e3o s\u00e3o formados em teologia.<\/p>\n","protected":false},"excerpt":{"rendered":"<p>Coluna Bras\u00edlia-DF Antes mesmo de o presidente da C\u00e2mara, Rodrigo Maia, anunciar o placar surpreendente de 379 votos em favor da reforma da Previd\u00eancia, ele j\u00e1 era tratado pelos colegas como o grande vencedor da noite. Em seu discurso, refor\u00e7ou essa posi\u00e7\u00e3o, ao mencionar a recupera\u00e7\u00e3o da \u201cfor\u00e7a da C\u00e2mara\u201d. Sem citar o presidente Jair Bolsonaro, Maia defendeu a necessidade [&hellip;]<\/p>\n","protected":false},"author":29,"featured_media":3889,"comment_status":"closed","ping_status":"closed","sticky":false,"template":"","format":"standard","meta":{"footnotes":""},"categories":[4],"tags":[49,52,133,51],"class_list":["post-3888","post","type-post","status-publish","format-standard","has-post-thumbnail","hentry","category-coluna-brasilia-df","tag-paulo-guedes","tag-previdencia","tag-reforma-tributaria","tag-rodrigo-maia"],"_links":{"self":[{"href":"https:\/\/blogs.correiobraziliense.com.br\/denise\/wp-json\/wp\/v2\/posts\/3888","targetHints":{"allow":["GET"]}}],"collection":[{"href":"https:\/\/blogs.correiobraziliense.com.br\/denise\/wp-json\/wp\/v2\/posts"}],"about":[{"href":"https:\/\/blogs.correiobraziliense.com.br\/denise\/wp-json\/wp\/v2\/types\/post"}],"author":[{"embeddable":true,"href":"https:\/\/blogs.correiobraziliense.com.br\/denise\/wp-json\/wp\/v2\/users\/29"}],"replies":[{"embeddable":true,"href":"https:\/\/blogs.correiobraziliense.com.br\/denise\/wp-json\/wp\/v2\/comments?post=3888"}],"version-history":[{"count":1,"href":"https:\/\/blogs.correiobraziliense.com.br\/denise\/wp-json\/wp\/v2\/posts\/3888\/revisions"}],"predecessor-version":[{"id":3890,"href":"https:\/\/blogs.correiobraziliense.com.br\/denise\/wp-json\/wp\/v2\/posts\/3888\/revisions\/3890"}],"wp:featuredmedia":[{"embeddable":true,"href":"https:\/\/blogs.correiobraziliense.com.br\/denise\/wp-json\/wp\/v2\/media\/3889"}],"wp:attachment":[{"href":"https:\/\/blogs.correiobraziliense.com.br\/denise\/wp-json\/wp\/v2\/media?parent=3888"}],"wp:term":[{"taxonomy":"category","embeddable":true,"href":"https:\/\/blogs.correiobraziliense.com.br\/denise\/wp-json\/wp\/v2\/categories?post=3888"},{"taxonomy":"post_tag","embeddable":true,"href":"https:\/\/blogs.correiobraziliense.com.br\/denise\/wp-json\/wp\/v2\/tags?post=3888"}],"curies":[{"name":"wp","href":"https:\/\/api.w.org\/{rel}","templated":true}]}}