{"id":3885,"date":"2019-07-10T07:51:29","date_gmt":"2019-07-10T10:51:29","guid":{"rendered":"https:\/\/blogs.correiobraziliense.com.br\/denise\/?p=3885"},"modified":"2019-07-10T07:51:29","modified_gmt":"2019-07-10T10:51:29","slug":"deputados-avidos-por-recursos-sao-obstaculo-a-reforma-da-previdencia","status":"publish","type":"post","link":"https:\/\/blogs.correiobraziliense.com.br\/denise\/deputados-avidos-por-recursos-sao-obstaculo-a-reforma-da-previdencia\/","title":{"rendered":"Deputados \u00e1vidos por recursos s\u00e3o obst\u00e1culo \u00e0 reforma da Previd\u00eancia"},"content":{"rendered":"<h6><strong>Coluna Bras\u00edlia-DF<\/strong><\/h6>\n<p>A oposi\u00e7\u00e3o tentou dar \u00e0 divulga\u00e7\u00e3o de \u00e1udios de procuradores da Lava-Jato o mesmo peso que teve, em 2016, a conversa do ent\u00e3o presidente Michel Temer com o empres\u00e1rio Joesley Batista e, assim, adiar toda e qualquer discuss\u00e3o da reforma da Previd\u00eancia. N\u00e3o conseguiu. Por\u00e9m, nem tudo s\u00e3o flores para o governo. A parte dos deputados que espera a libera\u00e7\u00e3o das emendas ao Or\u00e7amento estava disposta a lutar at\u00e9 a madrugada para adiar a vota\u00e7\u00e3o.<\/p>\n<p>Tudo para levar o governo a garantir o empenho de quase R$ 2 bilh\u00f5es que faltam para completar os R$ 4 bilh\u00f5es das emendas de libera\u00e7\u00e3o obrigat\u00f3ria. Ao mesmo tempo, pretendem assegurar que n\u00e3o haja um \u201ccheque sem fundo\u201d, ou seja, que as emendas n\u00e3o sejam lastreadas em rubricas que n\u00e3o t\u00eam receita para honrar os compromissos assumidos.<\/p>\n<p>\u00bb \u00bb \u00bb<\/p>\n<p>Da mesma forma que a oposi\u00e7\u00e3o n\u00e3o conseguiu transformar o caso Deltan em algo capaz de paralisar a reforma, o presidente da C\u00e2mara, Rodrigo Maia, tamb\u00e9m n\u00e3o conseguiu conter os deputados \u00e1vidos por recursos para suas bases eleitorais. Como disse certa vez o deputado Marcelo Aro, \u201cisso n\u00e3o \u00e9 toma l\u00e1 d\u00e1 c\u00e1, \u00e9 dar discurso para que o deputado possa justificar o voto em favor de uma reforma que exige sacrif\u00edcios de todos\u201d. \u00c9 nesse p\u00e9 que o governo continuar\u00e1 hoje a batida pr\u00f3-reforma.<\/p>\n<h2>\n<strong>Fiquem tranquilos<\/strong><\/h2>\n<p>O ministro da Justi\u00e7a, S\u00e9rgio Moro, tem dito a amigos que n\u00e3o costuma usar \u00e1udios. Portanto, se houver algum que lhe diga respeito nessa nova temporada dos di\u00e1logos do site The Intercept, ele considera que n\u00e3o haver\u00e1 nada comprometedor. O procurador Deltan Dallagnol, entretanto, era dado a usar essa facilidade.<\/p>\n<h2>\n<strong>Mulheres, policiais e professores<\/strong><\/h2>\n<p>Esses s\u00e3o os pontos que mais preocupam deputados favor\u00e1veis \u00e0 reforma. Quanto \u00e0 popula\u00e7\u00e3o, avisam, at\u00e9 aqui, n\u00e3o houve grandes manifesta\u00e7\u00f5es na porta do Congresso contra o texto. As maiores contra o governo, at\u00e9 agora, foram em favor de recursos para as universidades p\u00fablicas.<\/p>\n<h2>\n<strong>O tempo de Rodrigo<\/strong><\/h2>\n<p>A expectativa do presidente da C\u00e2mara, Rodrigo Maia, se conseguir concluir os dois turnos da vota\u00e7\u00e3o da reforma previdenci\u00e1ria esta semana, \u00e9 poder adotar o discurso de que a Casa fez a sua parte, aprovando as novas regras para aposentadorias. E, de quebra, poder afirmar com todas as letras que a bola est\u00e1 nos p\u00e9s do ministro da Economia, Paulo Guedes. E n\u00e3o adianta chorar porque n\u00e3o houve capitaliza\u00e7\u00e3o. Afinal, o Parlamento, at\u00e9 aqui, n\u00e3o reduziu demais a economia de recursos.<\/p>\n<h2>\n<strong>O tempo de Marcelo<\/strong><\/h2>\n<p>O ministro do Turismo, Marcelo \u00c1lvaro Antonio, escolheu 6 de agosto para ir ao Senado falar sobre laranjas do PSL e outros assuntos da pasta, porque, at\u00e9 l\u00e1, conforme calculam os integrantes do partido, essa hist\u00f3ria estar\u00e1 mais clara. \u00c1lvaro repete dia e noite que n\u00e3o tem nada contra ele nem v\u00e3o encontrar nada que o incrimine.<\/p>\n<p><strong>Mais leves\/<\/strong> Tanto o senador Fl\u00e1vio Bolsonaro (PSL-RJ), o 01, quanto o deputado Eduardo Bolsonaro<br \/>\n(PSL-SP), o 03, est\u00e3o mais \u00e0 vontade no Congresso. Fl\u00e1vio estava solto na sala de caf\u00e9 dos senadores, durante a degusta\u00e7\u00e3o de queijos artesanais, enquanto o irm\u00e3o defendia a vaquejada no plen\u00e1rio da C\u00e2mara.<\/p>\n<p><strong>Ali\u00e1s&#8230;\/<\/strong> A vaquejada conseguiu colocar do mesmo lado os deputados Eduardo Bolsonaro, do PSL, e Renildo Calheiros, do PCdoB de Pernambuco. H\u00e1 quem diga que foi a \u00fanica vez em que os dois discursaram em defesa do projeto em vota\u00e7\u00e3o.<\/p>\n<p><strong>Moro \u00e9 gostosinho\/<\/strong> Calma, pessoal! \u00c9 o vinho Moro, da uva merlot, da casa Jo\u00e3o Moro, de Montes Belos (RS), na regi\u00e3o pr\u00f3xima a Gramado (RS). A bebida come\u00e7ou a fazer sucesso ontem, no Senado, na degusta\u00e7\u00e3o da produ\u00e7\u00e3o ga\u00facha e de queijos artesanais de v\u00e1rias regi\u00f5es do pa\u00eds. A senadora Soraya Thronicke, do PSL de Mato Grosso do Sul, provou o vinho e gostou. Com todo o respeito!<\/p>\n<p><strong>Por falar em Moro&#8230;\/<\/strong> Agora, sim, vamos ao ministro da Justi\u00e7a, S\u00e9rgio Moro: Ele e a esposa, Ros\u00e2ngela, foram nomeados conselheiros do Programa Nacional de Incentivo ao Voluntariado. Ele, como representante do governo e ela, da sociedade. Epa! Olha o nepotismo volunt\u00e1rio a\u00ed. Quem preside o Conselho \u00e9 a primeira-dama, Michelle Bolsonaro.<\/p>\n","protected":false},"excerpt":{"rendered":"<p>Coluna Bras\u00edlia-DF A oposi\u00e7\u00e3o tentou dar \u00e0 divulga\u00e7\u00e3o de \u00e1udios de procuradores da Lava-Jato o mesmo peso que teve, em 2016, a conversa do ent\u00e3o presidente Michel Temer com o empres\u00e1rio Joesley Batista e, assim, adiar toda e qualquer discuss\u00e3o da reforma da Previd\u00eancia. N\u00e3o conseguiu. Por\u00e9m, nem tudo s\u00e3o flores para o governo. A parte dos deputados que espera [&hellip;]<\/p>\n","protected":false},"author":29,"featured_media":3886,"comment_status":"closed","ping_status":"closed","sticky":false,"template":"","format":"standard","meta":{"footnotes":""},"categories":[4],"tags":[],"class_list":["post-3885","post","type-post","status-publish","format-standard","has-post-thumbnail","hentry","category-coluna-brasilia-df"],"_links":{"self":[{"href":"https:\/\/blogs.correiobraziliense.com.br\/denise\/wp-json\/wp\/v2\/posts\/3885","targetHints":{"allow":["GET"]}}],"collection":[{"href":"https:\/\/blogs.correiobraziliense.com.br\/denise\/wp-json\/wp\/v2\/posts"}],"about":[{"href":"https:\/\/blogs.correiobraziliense.com.br\/denise\/wp-json\/wp\/v2\/types\/post"}],"author":[{"embeddable":true,"href":"https:\/\/blogs.correiobraziliense.com.br\/denise\/wp-json\/wp\/v2\/users\/29"}],"replies":[{"embeddable":true,"href":"https:\/\/blogs.correiobraziliense.com.br\/denise\/wp-json\/wp\/v2\/comments?post=3885"}],"version-history":[{"count":1,"href":"https:\/\/blogs.correiobraziliense.com.br\/denise\/wp-json\/wp\/v2\/posts\/3885\/revisions"}],"predecessor-version":[{"id":3887,"href":"https:\/\/blogs.correiobraziliense.com.br\/denise\/wp-json\/wp\/v2\/posts\/3885\/revisions\/3887"}],"wp:featuredmedia":[{"embeddable":true,"href":"https:\/\/blogs.correiobraziliense.com.br\/denise\/wp-json\/wp\/v2\/media\/3886"}],"wp:attachment":[{"href":"https:\/\/blogs.correiobraziliense.com.br\/denise\/wp-json\/wp\/v2\/media?parent=3885"}],"wp:term":[{"taxonomy":"category","embeddable":true,"href":"https:\/\/blogs.correiobraziliense.com.br\/denise\/wp-json\/wp\/v2\/categories?post=3885"},{"taxonomy":"post_tag","embeddable":true,"href":"https:\/\/blogs.correiobraziliense.com.br\/denise\/wp-json\/wp\/v2\/tags?post=3885"}],"curies":[{"name":"wp","href":"https:\/\/api.w.org\/{rel}","templated":true}]}}