{"id":3872,"date":"2019-07-05T08:03:51","date_gmt":"2019-07-05T11:03:51","guid":{"rendered":"https:\/\/blogs.correiobraziliense.com.br\/denise\/?p=3872"},"modified":"2019-07-05T08:03:51","modified_gmt":"2019-07-05T11:03:51","slug":"regras-para-policiais-na-reforma-da-previdencia-e-desgaste-para-o-bolsonarismo","status":"publish","type":"post","link":"https:\/\/blogs.correiobraziliense.com.br\/denise\/regras-para-policiais-na-reforma-da-previdencia-e-desgaste-para-o-bolsonarismo\/","title":{"rendered":"Regras para policiais na reforma da Previd\u00eancia \u00e9 desgaste para o bolsonarismo"},"content":{"rendered":"<h6><strong>Coluna Bras\u00edlia-DF<\/strong><\/h6>\n<p>O presidente Jair Bolsonaro ter\u00e1 de gastar muita saliva para convencer policiais civis e guardas municipais de seu esfor\u00e7o em prol de uma situa\u00e7\u00e3o melhor para essas categorias na reforma previdenci\u00e1ria. Especialmente depois que a l\u00edder do governo no Congresso, Joice Hasselmann, capitaneou a troca de deputados na Comiss\u00e3o Especial para garantir a aprova\u00e7\u00e3o do texto-base da reforma e votos favor\u00e1veis \u00e0 manuten\u00e7\u00e3o da proposta quanto aos pontos destacados para vota\u00e7\u00e3o em separado.<\/p>\n<p>\u00bb \u00bb \u00bb<\/p>\n<p>A oposi\u00e7\u00e3o tem gravado tudo o que disse Bolsonaro e as atitudes dos l\u00edderes do governo. A ordem \u00e9 tentar colar na testa do presidente que o governo diz uma coisa e faz outra. Obviamente, ainda falta muito para a elei\u00e7\u00e3o municipal, mas os oposicionistas acreditam ter encontrado a\u00ed um discurso para desgastar o bolsonarismo.<\/p>\n<h2>\n<strong>Onde incomoda<\/strong><\/h2>\n<p>Procuradores da Lava-Jato est\u00e3o preocupados com as conversas particulares que mantiveram em seus chats no Telegram. Embora o The Intercept n\u00e3o tenha divulgado desabafos sobre assuntos pessoais dos procuradores, s\u00e3o temas dessa ordem que, dizem alguns, podem causar mais constrangimentos a alguns deles.<\/p>\n<h2>\n<strong>O campo fake&#8230;<\/strong><\/h2>\n<p>O senador Eduardo Gomes (MDB-TO) apresentou um pedido para que a Casa delimite os fatos a serem apurados pela CPI das Fake News. Um dos argumentos do parlamentar \u00e9 que, se isso foi pedido aos defensores da CPI da Lava Toga, tem de haver o mesmo tratamento para as demais comiss\u00f5es parlamentares de inqu\u00e9rito.<\/p>\n<h2>\n<strong>&#8230;\u00c9 vasto<\/strong><\/h2>\n<p>O pedido de Eduardo Gomes, que teve o nome citado para ministro do governo, tem tudo para atrasar a CPI e ajudar o PSL. O partido de Jair Bolsonaro recorreu \u00e0 Justi\u00e7a tentando barrar a cria\u00e7\u00e3o da comiss\u00e3o. Como tem fake news para todo lado, a discuss\u00e3o ser\u00e1 grande para definir que tipo de mentira travestida de not\u00edcia deve ser investigada.<\/p>\n<h2>\n<strong>Trabalho dobrado<\/strong><\/h2>\n<p>A aus\u00eancia dos presidentes da C\u00e2mara, Rodrigo Maia, e do Senado, Davi Alcolumbre, na posse do novo ministro da Secretaria de Governo, general Luiz Eduardo Ramos, foi lida como um sinal de que a articula\u00e7\u00e3o ser\u00e1 um desafio maior do que o militar espera. Alcolumbre j\u00e1 disse que continuar\u00e1 falando com Onyx.<\/p>\n<h2>\n<em><strong>Curtidas<\/strong><\/em><\/h2>\n<p><strong>N\u00e3o contem com ele\/<\/strong> A tirar pelos votos dos deputados Andr\u00e9 Figueiredo (PDT-CE) e Jos\u00e9 Guimar\u00e3es (PT-CE), ontem, na Comiss\u00e3o Especial da reforma da Previd\u00eancia, o governador do Cear\u00e1, Camilo Santana (PT), n\u00e3o vai se mobilizar em favor das mudan\u00e7as nas aposentadorias.<\/p>\n<p><strong>Nem com eles\/<\/strong> A Bancada da Bala vai atuar no plen\u00e1rio para tentar aliviar a situa\u00e7\u00e3o dos policiais. \u00c9 agora que come\u00e7a o esfor\u00e7o para unir o PSL.<\/p>\n<p><strong>Ali, \u201cex\u201d tem vez\/<\/strong> O deputado Paulo Ramos reclamou da presen\u00e7a do secret\u00e1rio de Previd\u00eancia, Rog\u00e9rio Marinho, \u00e0 mesa diretora dos trabalhos da Comiss\u00e3o Especial. \u201cRoberto Marinho n\u00e3o pode ficar a\u00ed\u201d, criticou. O presidente da comiss\u00e3o, Marcelo Ramos, que \u00e9 do tipo que perde o amigo, mas n\u00e3o a piada, saiu-se com esta: \u201cDoutor Roberto est\u00e1 no c\u00e9u. S\u00f3 estaria aqui se fosse uma sess\u00e3o esp\u00edrita. Rog\u00e9rio Marinho est\u00e1 aqui como ex-deputado. E, nessa condi\u00e7\u00e3o, ele s\u00f3 n\u00e3o tem prerrogativa de voto\u201d.<\/p>\n<p>S<strong>util diferen\u00e7a\/<\/strong> Em outros tempos, governos aprovaram reformas previdenci\u00e1rias sem comemora\u00e7\u00f5es. Pois, agora, houve muitos aplausos para se somar \u00e0 euforia do mercado, que fechou com recordes hist\u00f3ricos. Sinal de mudan\u00e7as tamb\u00e9m de comportamentos.<\/p>\n","protected":false},"excerpt":{"rendered":"<p>Coluna Bras\u00edlia-DF O presidente Jair Bolsonaro ter\u00e1 de gastar muita saliva para convencer policiais civis e guardas municipais de seu esfor\u00e7o em prol de uma situa\u00e7\u00e3o melhor para essas categorias na reforma previdenci\u00e1ria. Especialmente depois que a l\u00edder do governo no Congresso, Joice Hasselmann, capitaneou a troca de deputados na Comiss\u00e3o Especial para garantir a aprova\u00e7\u00e3o do texto-base da reforma [&hellip;]<\/p>\n","protected":false},"author":29,"featured_media":3360,"comment_status":"closed","ping_status":"closed","sticky":false,"template":"","format":"standard","meta":{"footnotes":""},"categories":[4],"tags":[28,127,52,94],"class_list":["post-3872","post","type-post","status-publish","format-standard","has-post-thumbnail","hentry","category-coluna-brasilia-df","tag-bolsonaro","tag-joice-hasselmann","tag-previdencia","tag-reforma"],"_links":{"self":[{"href":"https:\/\/blogs.correiobraziliense.com.br\/denise\/wp-json\/wp\/v2\/posts\/3872","targetHints":{"allow":["GET"]}}],"collection":[{"href":"https:\/\/blogs.correiobraziliense.com.br\/denise\/wp-json\/wp\/v2\/posts"}],"about":[{"href":"https:\/\/blogs.correiobraziliense.com.br\/denise\/wp-json\/wp\/v2\/types\/post"}],"author":[{"embeddable":true,"href":"https:\/\/blogs.correiobraziliense.com.br\/denise\/wp-json\/wp\/v2\/users\/29"}],"replies":[{"embeddable":true,"href":"https:\/\/blogs.correiobraziliense.com.br\/denise\/wp-json\/wp\/v2\/comments?post=3872"}],"version-history":[{"count":1,"href":"https:\/\/blogs.correiobraziliense.com.br\/denise\/wp-json\/wp\/v2\/posts\/3872\/revisions"}],"predecessor-version":[{"id":3873,"href":"https:\/\/blogs.correiobraziliense.com.br\/denise\/wp-json\/wp\/v2\/posts\/3872\/revisions\/3873"}],"wp:featuredmedia":[{"embeddable":true,"href":"https:\/\/blogs.correiobraziliense.com.br\/denise\/wp-json\/wp\/v2\/media\/3360"}],"wp:attachment":[{"href":"https:\/\/blogs.correiobraziliense.com.br\/denise\/wp-json\/wp\/v2\/media?parent=3872"}],"wp:term":[{"taxonomy":"category","embeddable":true,"href":"https:\/\/blogs.correiobraziliense.com.br\/denise\/wp-json\/wp\/v2\/categories?post=3872"},{"taxonomy":"post_tag","embeddable":true,"href":"https:\/\/blogs.correiobraziliense.com.br\/denise\/wp-json\/wp\/v2\/tags?post=3872"}],"curies":[{"name":"wp","href":"https:\/\/api.w.org\/{rel}","templated":true}]}}