{"id":3848,"date":"2019-07-03T08:12:34","date_gmt":"2019-07-03T11:12:34","guid":{"rendered":"https:\/\/blogs.correiobraziliense.com.br\/denise\/?p=3848"},"modified":"2019-07-03T08:12:34","modified_gmt":"2019-07-03T11:12:34","slug":"o-desafio-de-unir-o-psl-apos-bolsonaro-ser-chamado-de-traidor","status":"publish","type":"post","link":"https:\/\/blogs.correiobraziliense.com.br\/denise\/o-desafio-de-unir-o-psl-apos-bolsonaro-ser-chamado-de-traidor\/","title":{"rendered":"O desafio de unir o PSL ap\u00f3s Bolsonaro ser chamado de &#8220;traidor&#8221;"},"content":{"rendered":"<h6><strong>Coluna Bras\u00edlia-DF<\/strong><\/h6>\n<p>A manifesta\u00e7\u00e3o dos policiais em frente ao Planalto terminou chamando o presidente Jair Bolsonaro de \u201ctraidor\u201d e fez balan\u00e7ar o apoio do PSL \u00e0 reforma previdenci\u00e1ria. O esfor\u00e7o daqui para frente ser\u00e1 no sentido de unir o partido a votar o texto integral. Afinal, a legenda \u00e0 qual o presidente \u00e9 filiado tem que dar o exemplo para as demais.<\/p>\n<p>\u00bb \u00bb \u00bb<\/p>\n<p>A coluna registrou, h\u00e1 meses, que o governo de Jair Bolsonaro teria com o seu partido o mesmo problema que o ex-presidente Lula teve com o PT, quando a Previd\u00eancia esteve em debate. Nos tempos petistas, Helo\u00edsa Helena e um grupo de deputados deixaram a sigla e formaram o PSol. Resta saber o que far\u00e3o os integrantes que n\u00e3o concordam com as propostas do governo.<\/p>\n<h2>\n<strong>Por onde passa boi&#8230;<\/strong><\/h2>\n<p>Senadores pressionam o governo sobre cargos, porque come\u00e7aram a ver dois pesos e duas medidas nas indica\u00e7\u00f5es. A dire\u00e7\u00e3o da Sudeco, por exemplo, contou com o apoio do governador de Goi\u00e1s, Ronaldo Caiado. Agora, muitos consideram que a porteira est\u00e1 semiaberta. Ainda n\u00e3o passa boiada, mas\u2026<\/p>\n<h2>\n<strong>Por falar em Bolsonaro\u2026<\/strong><\/h2>\n<p>Ele abriu a reuni\u00e3o dos ministros, ontem, citando o caso de Marcelo \u00c1lvaro (Turismo). \u201cO governo tem que ser um s\u00f3. Se o governo n\u00e3o ficar junto, o pr\u00f3ximo pode ser qualquer um. Qualquer coisinha, a imprensa vem para cima. Hoje \u00e9 o Marcelo, o Moro. Querem atingir a mim, ao governo\u201d, disse o presidente, segundo relatos de ministros.<\/p>\n<h2>\n<strong>\u2026 ningu\u00e9m sai<\/strong><\/h2>\n<p>A forma como ele se referiu ao ministro do Turismo deixou gente na sala com a certeza de que Bolsonaro vai seguir \u00e0 risca o que disse anteriormente: s\u00f3 demite o ministro do Turismo se houver alguma prova cabal contra ele. Para completar, o ministro pediu licen\u00e7a para n\u00e3o integrar a lista dos que iriam ao jogo do Brasil, porque tem de ir a Mato Grosso do Sul lan\u00e7ar o Investe Turismo.<\/p>\n<h2>\n<strong>O clim\u00e3o na Casa<\/strong><\/h2>\n<p>Levantamento da consultoria Arko Advice com 113 deputados de 24 partidos: a maioria, 76,1%, acredita que a reforma ser\u00e1 aprovada. Metade prev\u00ea que a economia ficar\u00e1 entre R$ 800 bilh\u00f5es e R$ 1 trilh\u00e3o. S\u00e3o 513 deputados, apenas 113 foram ouvidos. Por\u00e9m, a sensa\u00e7\u00e3o geral \u00e9 de aprova\u00e7\u00e3o, inclusive entre parlamentares de oposi\u00e7\u00e3o.<\/p>\n<h2>\n<strong><em>Curtidas<\/em><\/strong><\/h2>\n<p><strong>Heleno pulou fogueira I\/<\/strong>O PT bem que tentou convocar o ministro-chefe do Gabinete de Seguran\u00e7a Institucional (GSI), general Augusto Heleno, para que ele explicasse aos senadores por que foi \u00e0 manifesta\u00e7\u00e3o de apoio a S\u00e9rgio Moro, que teve, entre um dos focos, a defesa da interven\u00e7\u00e3o militar e o fechamento do Congresso.<\/p>\n<p><strong>Heleno pulou fogueira II\/<\/strong> O \u00fanico partido que apoiou foi a Rede. Os demais n\u00e3o viram necessidade sequer para um convite. \u201cEle estava l\u00e1 como cidad\u00e3o e n\u00e3o como ministro\u201d, defendeu o senador Major Ol\u00edmpio, com apoio dos partidos de centro e at\u00e9 de alguns da oposi\u00e7\u00e3o.<\/p>\n<p><strong>Artistas na luta I\/<\/strong> Um grupo de m\u00fasicos foi ao Senado para pedir encarecidamente que o novo plano nacional de turismo n\u00e3o isente hot\u00e9is e mot\u00e9is do pagamento de direito autoral por m\u00fasica nos quartos. \u201cAs pessoas precisam entender que as m\u00fasicas t\u00eam autores e que eles vivem disso\u201d, afirma a cantora Sandra de S\u00e1.<\/p>\n<p><strong>Artistas na luta II\/<\/strong> O projeto ainda n\u00e3o est\u00e1 em vota\u00e7\u00e3o no plen\u00e1rio, mas \u00e9 certo que o tema vai esquentar no segundo semestre. Sandra pergunta: \u201cSer\u00e1 que os hot\u00e9is v\u00e3o baixar a di\u00e1ria ou deixar de cobrar dos compositores?\u201d<\/p>\n","protected":false},"excerpt":{"rendered":"<p>Coluna Bras\u00edlia-DF A manifesta\u00e7\u00e3o dos policiais em frente ao Planalto terminou chamando o presidente Jair Bolsonaro de \u201ctraidor\u201d e fez balan\u00e7ar o apoio do PSL \u00e0 reforma previdenci\u00e1ria. O esfor\u00e7o daqui para frente ser\u00e1 no sentido de unir o partido a votar o texto integral. Afinal, a legenda \u00e0 qual o presidente \u00e9 filiado tem que dar o exemplo para [&hellip;]<\/p>\n","protected":false},"author":29,"featured_media":3850,"comment_status":"closed","ping_status":"closed","sticky":false,"template":"","format":"standard","meta":{"footnotes":""},"categories":[4],"tags":[28,52,38],"class_list":["post-3848","post","type-post","status-publish","format-standard","has-post-thumbnail","hentry","category-coluna-brasilia-df","tag-bolsonaro","tag-previdencia","tag-psl"],"_links":{"self":[{"href":"https:\/\/blogs.correiobraziliense.com.br\/denise\/wp-json\/wp\/v2\/posts\/3848","targetHints":{"allow":["GET"]}}],"collection":[{"href":"https:\/\/blogs.correiobraziliense.com.br\/denise\/wp-json\/wp\/v2\/posts"}],"about":[{"href":"https:\/\/blogs.correiobraziliense.com.br\/denise\/wp-json\/wp\/v2\/types\/post"}],"author":[{"embeddable":true,"href":"https:\/\/blogs.correiobraziliense.com.br\/denise\/wp-json\/wp\/v2\/users\/29"}],"replies":[{"embeddable":true,"href":"https:\/\/blogs.correiobraziliense.com.br\/denise\/wp-json\/wp\/v2\/comments?post=3848"}],"version-history":[{"count":1,"href":"https:\/\/blogs.correiobraziliense.com.br\/denise\/wp-json\/wp\/v2\/posts\/3848\/revisions"}],"predecessor-version":[{"id":3851,"href":"https:\/\/blogs.correiobraziliense.com.br\/denise\/wp-json\/wp\/v2\/posts\/3848\/revisions\/3851"}],"wp:featuredmedia":[{"embeddable":true,"href":"https:\/\/blogs.correiobraziliense.com.br\/denise\/wp-json\/wp\/v2\/media\/3850"}],"wp:attachment":[{"href":"https:\/\/blogs.correiobraziliense.com.br\/denise\/wp-json\/wp\/v2\/media?parent=3848"}],"wp:term":[{"taxonomy":"category","embeddable":true,"href":"https:\/\/blogs.correiobraziliense.com.br\/denise\/wp-json\/wp\/v2\/categories?post=3848"},{"taxonomy":"post_tag","embeddable":true,"href":"https:\/\/blogs.correiobraziliense.com.br\/denise\/wp-json\/wp\/v2\/tags?post=3848"}],"curies":[{"name":"wp","href":"https:\/\/api.w.org\/{rel}","templated":true}]}}