{"id":3845,"date":"2019-07-02T07:51:24","date_gmt":"2019-07-02T10:51:24","guid":{"rendered":"https:\/\/blogs.correiobraziliense.com.br\/denise\/?p=3845"},"modified":"2019-07-02T07:51:24","modified_gmt":"2019-07-02T10:51:24","slug":"dallagnol-sera-alvo-de-toda-a-pressao-em-torno-dos-dialogos","status":"publish","type":"post","link":"https:\/\/blogs.correiobraziliense.com.br\/denise\/dallagnol-sera-alvo-de-toda-a-pressao-em-torno-dos-dialogos\/","title":{"rendered":"Dallagnol ser\u00e1 alvo de toda a press\u00e3o em torno dos di\u00e1logos"},"content":{"rendered":"<h6><strong>Coluna Bras\u00edlia-DF<\/strong><\/h6>\n<p>A explana\u00e7\u00e3o que o ministro da Justi\u00e7a, S\u00e9rgio Moro, far\u00e1 hoje \u00e0 C\u00e2mara dos Deputados vem sob encomenda para que o ex-juiz tente encerrar o desgaste a que foi exposto nas \u00faltimas semanas.<\/p>\n<p>A avalia\u00e7\u00e3o \u00e9 a de que, depois das manifesta\u00e7\u00f5es em seu favor do \u00faltimo domingo, Moro pula a fogueira acesa pelo <em>The Intercept<\/em>, se for t\u00e3o bem quanto foi no Senado e mantiver a frieza, apesar dos ataques a que ser\u00e1 submetido.<\/p>\n<p>Por\u00e9m, o salvo-conduto n\u00e3o valer\u00e1 para toda a for\u00e7a-tarefa da Lava-Jato. H\u00e1 convites ainda n\u00e3o respondidos pelo procurador Deltan Dallagnol, que passar\u00e1 a alvo de toda a press\u00e3o em torno dos di\u00e1logos.<\/p>\n<p>Dallagnol ficar\u00e1 entre a cruz e a espada: n\u00e3o poder\u00e1 recusar mais os convites, sob pena de passar a ideia de que est\u00e1 com medo das excel\u00eancias. Em segundo lugar, dever\u00e1 passar por muito mais dissabores do que Moro.<\/p>\n<p>Afinal, o ministro \u00e9 ex-juiz, e o procurador, que continua na ativa, n\u00e3o \u00e9 o mais querido entre os parlamentares. Tem muita gente ali \u00e1vida por interrogar o procurador que personificou a Lava-Jato. Resta saber se Dallagnol vai encarar.<\/p>\n<h2>\n<strong>O pulo do qu\u00f3rum I<\/strong><\/h2>\n<p>A perspectiva de os estados ingressarem na reforma da Previd\u00eancia, ainda que seja para que as assembleias legislativas aprovem suas pr\u00f3prias reformas com um qu\u00f3rum menor do que tr\u00eas quintos, acendeu o pisca-alerta entre parlamentares de partidos contr\u00e1rios \u00e0s mudan\u00e7as nas aposentadorias. \u00c9 que, se o qu\u00f3rum menor valer para os estados e munic\u00edpios, isso pode terminar valendo tamb\u00e9m para a Uni\u00e3o.<\/p>\n<h2>\n<strong>O pulo do qu\u00f3rum II<\/strong><\/h2>\n<p>Muitos t\u00eam receio de \u201cdesconstitucionalizar\u201d essa quest\u00e3o. A decis\u00e3o final ficou para esta ter\u00e7a-feira. E, agora, os oposicionistas querem que fique muito claro: as regras do governo federal n\u00e3o podem mudar sem ser por emenda constitucional. Nesse ritmo, em que tudo vira uma discuss\u00e3o e uma desconfian\u00e7a em si, e diante dos pedidos dos estados, a tend\u00eancia \u00e9 de que terminem fora da reforma. Pelo menos nessa fase de comiss\u00e3o especial.<\/p>\n<h2>\n<strong>FGTS em debate<\/strong><\/h2>\n<p>Na roda dos economistas mais gabaritados do pa\u00eds, j\u00e1 existe quem defenda a transforma\u00e7\u00e3o do Fundo de Garantia do Tempo de Servi\u00e7o (FGTS) em dep\u00f3sitos no Tesouro Direto, investimento no qual o empregado consegue, do seu smartphone, acompanhar os rendimentos.<\/p>\n<h2>\n<strong>A ideia de Paulo Guedes<\/strong><\/h2>\n<p>O ministro da Economia, Paulo Guedes, j\u00e1 deixou escapar a alguns amigos que, se dependesse dele, o Banco Nacional de Desenvolvimento Econ\u00f4mico e Social (BNDES) estaria extinto.<\/p>\n<h2>\n<strong><em>CURTIDAS<\/em><\/strong><\/h2>\n<p><strong>Ganha-ganha\/<\/strong> Relator da antiga reforma tribut\u00e1ria, o ex-deputado Luiz Carlos Hauly aposta que a Casa vai, sim, votar as duas reformas antes das elei\u00e7\u00f5es de 2020, a previdenci\u00e1ria e a tribut\u00e1ria. \u201cA da Previd\u00eancia divide a popula\u00e7\u00e3o e une a Federa\u00e7\u00e3o, que quer resolver a parte fiscal. A tribut\u00e1ria divide a Federa\u00e7\u00e3o e une a popula\u00e7\u00e3o, ou seja, d\u00e1 votos\u201d, diz ele.<\/p>\n<p><strong>A real do Real\/<\/strong> Anos depois, o economista P\u00e9rsio Arida confessa a encena\u00e7\u00e3o pol\u00edtica da \u00e9poca do Plano Real para conseguir criar o colch\u00e3o fiscal de desvincula\u00e7\u00e3o de receitas. \u201cFernando Henrique Cardoso tinha um poder de persuas\u00e3o muito grande: conseguiu aprovar o Fundo Social de Emerg\u00eancia, que n\u00e3o era nem fundo, nem social e nem de emerg\u00eancia. Mas o nome era bonito, n\u00e9?\u201d, afirmou Arida, no semin\u00e1rio do<strong> Correio Braziliense<\/strong> sobre os 25 anos do Real.<\/p>\n<p><strong>Um caf\u00e9 em prol da reforma<\/strong>\/ O CLP \u2014 Lideran\u00e7a Pol\u00edtica realiza nesta quarta-feira um caf\u00e9 na C\u00e2mara com parlamentares e outras institui\u00e7\u00f5es em defesa da reforma previdenci\u00e1ria. At\u00e9 a tarde de segunda-feira, havia 30 deputados confirmados. Parece pouco para um projeto em que se calculam 330 votos na conta de chegada. E \u00e9.<\/p>\n<p><strong>Reguffe sem partido<\/strong>\/ Convidado a ingressar em diversas legendas, o senador Reguffe tem falado muito com o Podemos, do senador \u00c1lvaro Dias, <a href=\"https:\/\/blogs.correiobraziliense.com.br\/denise\/senador-sem-partido-reguffe-esta-praticamente-fechado-com-o-podemos\/\">mas recha\u00e7a que esteja colocando na roda qualquer imposi\u00e7\u00e3o sobre dissolu\u00e7\u00e3o de blocos ou coisa que o valha<\/a>. \u201cQuem diz isso est\u00e1 mentindo\u201d, afirma. \u201cVou ficar sem partido um bom tempo ainda\u201d, completa.<\/p>\n","protected":false},"excerpt":{"rendered":"<p>Coluna Bras\u00edlia-DF A explana\u00e7\u00e3o que o ministro da Justi\u00e7a, S\u00e9rgio Moro, far\u00e1 hoje \u00e0 C\u00e2mara dos Deputados vem sob encomenda para que o ex-juiz tente encerrar o desgaste a que foi exposto nas \u00faltimas semanas. A avalia\u00e7\u00e3o \u00e9 a de que, depois das manifesta\u00e7\u00f5es em seu favor do \u00faltimo domingo, Moro pula a fogueira acesa pelo The Intercept, se for [&hellip;]<\/p>\n","protected":false},"author":29,"featured_media":3846,"comment_status":"closed","ping_status":"closed","sticky":false,"template":"","format":"standard","meta":{"footnotes":""},"categories":[4],"tags":[],"class_list":["post-3845","post","type-post","status-publish","format-standard","has-post-thumbnail","hentry","category-coluna-brasilia-df"],"_links":{"self":[{"href":"https:\/\/blogs.correiobraziliense.com.br\/denise\/wp-json\/wp\/v2\/posts\/3845","targetHints":{"allow":["GET"]}}],"collection":[{"href":"https:\/\/blogs.correiobraziliense.com.br\/denise\/wp-json\/wp\/v2\/posts"}],"about":[{"href":"https:\/\/blogs.correiobraziliense.com.br\/denise\/wp-json\/wp\/v2\/types\/post"}],"author":[{"embeddable":true,"href":"https:\/\/blogs.correiobraziliense.com.br\/denise\/wp-json\/wp\/v2\/users\/29"}],"replies":[{"embeddable":true,"href":"https:\/\/blogs.correiobraziliense.com.br\/denise\/wp-json\/wp\/v2\/comments?post=3845"}],"version-history":[{"count":1,"href":"https:\/\/blogs.correiobraziliense.com.br\/denise\/wp-json\/wp\/v2\/posts\/3845\/revisions"}],"predecessor-version":[{"id":3847,"href":"https:\/\/blogs.correiobraziliense.com.br\/denise\/wp-json\/wp\/v2\/posts\/3845\/revisions\/3847"}],"wp:featuredmedia":[{"embeddable":true,"href":"https:\/\/blogs.correiobraziliense.com.br\/denise\/wp-json\/wp\/v2\/media\/3846"}],"wp:attachment":[{"href":"https:\/\/blogs.correiobraziliense.com.br\/denise\/wp-json\/wp\/v2\/media?parent=3845"}],"wp:term":[{"taxonomy":"category","embeddable":true,"href":"https:\/\/blogs.correiobraziliense.com.br\/denise\/wp-json\/wp\/v2\/categories?post=3845"},{"taxonomy":"post_tag","embeddable":true,"href":"https:\/\/blogs.correiobraziliense.com.br\/denise\/wp-json\/wp\/v2\/tags?post=3845"}],"curies":[{"name":"wp","href":"https:\/\/api.w.org\/{rel}","templated":true}]}}