{"id":3798,"date":"2019-06-27T08:44:09","date_gmt":"2019-06-27T11:44:09","guid":{"rendered":"https:\/\/blogs.correiobraziliense.com.br\/denise\/?p=3798"},"modified":"2019-06-27T08:44:09","modified_gmt":"2019-06-27T11:44:09","slug":"o-que-falta-para-que-o-congresso-vote-a-reforma-da-previdencia","status":"publish","type":"post","link":"https:\/\/blogs.correiobraziliense.com.br\/denise\/o-que-falta-para-que-o-congresso-vote-a-reforma-da-previdencia\/","title":{"rendered":"O que falta para que o Congresso vote a reforma da Previd\u00eancia?"},"content":{"rendered":"<h6><strong>Coluna Bras\u00edlia-DF<\/strong><\/h6>\n<p>Empossado no cargo de presidente do PP de Minas Gerais, o deputado Marcelo Aro (PP-MG) n\u00e3o esconde o que falta para que o Congresso vote a reforma da Previd\u00eancia: \u201cHonrar os compromissos assumidos\u201d. E o que significa? \u201cLiberar as emendas extras dos deputados.\u201d Ele considera que isso \u00e9 fundamental para que os congressistas possam confrontar o discurso da oposi\u00e7\u00e3o contra a reforma. \u201cSe eu chego a uma cidade de Minas e digo que a reforma \u00e9 necess\u00e1ria para que haja economia e que, com isso, levaremos obras aos munic\u00edpios e equipamentos aos hospitais, e cumpriremos o que foi dito, as pessoas entendem e apoiam o voto a favor da reforma\u201d, diz ele. \u201cIsso n\u00e3o \u00e9 toma l\u00e1 d\u00e1 c\u00e1, isso \u00e9 articula\u00e7\u00e3o pol\u00edtica. N\u00e3o quero o dinheiro para mim, e sim para a popula\u00e7\u00e3o.\u201d<\/p>\n<p>\u00bb \u00bb \u00bb<\/p>\n<p><strong>Em tempo:<\/strong> na C\u00e2mara, embora tenha repercutido muito mal o fato de o ministro da Economia, Paulo Guedes, ter dito, segundo relato de governadores, que \u201co Congresso \u00e9 m\u00e1quina de corrup\u00e7\u00e3o\u201d, a ordem \u00e9 votar a reforma. As apostas de muitos s\u00e3o de que, ainda assim, o governo ter\u00e1 problemas e n\u00e3o poder\u00e1 acusar o Parlamento.<\/p>\n<h2>\n<strong>A resposta a Moro e a Dallagnol<\/strong><\/h2>\n<p>O projeto de abuso de autoridade, aprovado na esteira da divulga\u00e7\u00e3o dos di\u00e1logos entre o ex-juiz S\u00e9rgio Moro e procuradores da Lava-Jato, vai para a C\u00e2mara com o PSL disposto a passar um pente- fino na proposta. S\u00f3 tem um probleminha: o Centr\u00e3o, que hoje \u00e9 o dono do peda\u00e7o, quer aprovar o texto o mais r\u00e1pido poss\u00edvel.<\/p>\n<h2>\n<strong>At\u00e9 tu, Guedes?<\/strong><\/h2>\n<p>Os parlamentares elogiaram cedo demais o fato de o presidente Jair Bolsonaro trocar o decreto das armas por um projeto de lei. O novo decreto, editado na madrugada de ontem, somado \u00e0 frase de Paulo Guedes de que o Congresso \u00e9 uma m\u00e1quina de corrup\u00e7\u00e3o, estremeceram novamente as rela\u00e7\u00f5es. \u201cGuedes pegou pesado. N\u00e3o d\u00e1 para colocar todos no mesmo balaio\u201d, reclama o senador Omar Aziz.<\/p>\n<h2><em><strong>CURTIDAS<\/strong><\/em><\/h2>\n<p><strong>Sarney e Dino juntos<\/strong>\/ O governador do Maranh\u00e3o, Fl\u00e1vio Dino (foto), pediu e obteve esta semana um dedo de prosa com o ex-presidente Jos\u00e9 Sarney. A ideia surgiu depois que Dino leu a entrevista de Sarney ao Correio, no m\u00eas passado.<\/p>\n<p><strong>O jogo de D\u00f3ria<\/strong>\/ Depois de o governador de S\u00e3o Paulo, Jo\u00e3o D\u00f3ria, organizar uma \u201cpelada\u201d entre parlamentares e integrantes de seu governo, a turma dos deputados que joga futebol todas as ter\u00e7as-feiras planeja juntar os dois grupos de \u201cpeladeiros\u201d.<\/p>\n<p><strong>\u2026 com Bolsonaro<\/strong>\/ A ideia \u00e9 escolher uma data no segundo semestre para, em Bras\u00edlia, reunir o governador paulista, deputados, senadores e&#8230; o presidente Jair Bolsonaro. Os filhos do presidente j\u00e1 pediram que outros governadores sejam convidados, para n\u00e3o dar palco a D\u00f3ria. A ideia agora \u00e9 chamar, pelo menos, o governador do Rio, Wilson Witzel, e escolher um local neutro para a partida.<\/p>\n<p><strong>Amigos, amigos..<\/strong>\/ O presidente do Senado, Davi Alcolumbre, cumpriu o que havia dito no jantar do site Poder 360. Bom de papo e de articula\u00e7\u00e3o pol\u00edtica, ele tratou S\u00e9rgio Moro com a maior defer\u00eancia no jantar de ontem, na casa do senador Marcos do Val. \u201c\u00c9 dif\u00edcil brigar comigo!\u201d<\/p>\n","protected":false},"excerpt":{"rendered":"<p>Coluna Bras\u00edlia-DF Empossado no cargo de presidente do PP de Minas Gerais, o deputado Marcelo Aro (PP-MG) n\u00e3o esconde o que falta para que o Congresso vote a reforma da Previd\u00eancia: \u201cHonrar os compromissos assumidos\u201d. E o que significa? \u201cLiberar as emendas extras dos deputados.\u201d Ele considera que isso \u00e9 fundamental para que os congressistas possam confrontar o discurso da [&hellip;]<\/p>\n","protected":false},"author":29,"featured_media":2860,"comment_status":"closed","ping_status":"closed","sticky":false,"template":"","format":"standard","meta":{"footnotes":""},"categories":[4],"tags":[],"class_list":["post-3798","post","type-post","status-publish","format-standard","has-post-thumbnail","hentry","category-coluna-brasilia-df"],"_links":{"self":[{"href":"https:\/\/blogs.correiobraziliense.com.br\/denise\/wp-json\/wp\/v2\/posts\/3798","targetHints":{"allow":["GET"]}}],"collection":[{"href":"https:\/\/blogs.correiobraziliense.com.br\/denise\/wp-json\/wp\/v2\/posts"}],"about":[{"href":"https:\/\/blogs.correiobraziliense.com.br\/denise\/wp-json\/wp\/v2\/types\/post"}],"author":[{"embeddable":true,"href":"https:\/\/blogs.correiobraziliense.com.br\/denise\/wp-json\/wp\/v2\/users\/29"}],"replies":[{"embeddable":true,"href":"https:\/\/blogs.correiobraziliense.com.br\/denise\/wp-json\/wp\/v2\/comments?post=3798"}],"version-history":[{"count":1,"href":"https:\/\/blogs.correiobraziliense.com.br\/denise\/wp-json\/wp\/v2\/posts\/3798\/revisions"}],"predecessor-version":[{"id":3800,"href":"https:\/\/blogs.correiobraziliense.com.br\/denise\/wp-json\/wp\/v2\/posts\/3798\/revisions\/3800"}],"wp:featuredmedia":[{"embeddable":true,"href":"https:\/\/blogs.correiobraziliense.com.br\/denise\/wp-json\/wp\/v2\/media\/2860"}],"wp:attachment":[{"href":"https:\/\/blogs.correiobraziliense.com.br\/denise\/wp-json\/wp\/v2\/media?parent=3798"}],"wp:term":[{"taxonomy":"category","embeddable":true,"href":"https:\/\/blogs.correiobraziliense.com.br\/denise\/wp-json\/wp\/v2\/categories?post=3798"},{"taxonomy":"post_tag","embeddable":true,"href":"https:\/\/blogs.correiobraziliense.com.br\/denise\/wp-json\/wp\/v2\/tags?post=3798"}],"curies":[{"name":"wp","href":"https:\/\/api.w.org\/{rel}","templated":true}]}}