{"id":3791,"date":"2019-06-26T08:18:51","date_gmt":"2019-06-26T11:18:51","guid":{"rendered":"https:\/\/blogs.correiobraziliense.com.br\/denise\/?p=3791"},"modified":"2019-06-26T08:18:51","modified_gmt":"2019-06-26T11:18:51","slug":"ao-revogar-decreto-das-armas-bolsonaro-acena-com-bandeira-branca-ao-parlamento","status":"publish","type":"post","link":"https:\/\/blogs.correiobraziliense.com.br\/denise\/ao-revogar-decreto-das-armas-bolsonaro-acena-com-bandeira-branca-ao-parlamento\/","title":{"rendered":"Ao revogar decreto das armas, Bolsonaro acena com bandeira branca ao parlamento"},"content":{"rendered":"<p><strong>Coluna Bras\u00edlia-DF<\/strong><\/p>\n<p>Ao revogar o decreto das armas e enviar um projeto de lei ao Congresso para tratar do tema, o presidente Jair Bolsonaro empunha uma bandeira branca aos parlamentares.<\/p>\n<p>\u00c9 a tr\u00e9gua at\u00e9 a mudan\u00e7a do articulador pol\u00edtico do Planalto, que ali\u00e1s, n\u00e3o ser\u00e1 reconhecido como tal pelo presidente do Senado, Davi Alcolumbre, do DEM, mesmo partido do ministro da Casa Civil, Onyx Lorenzoni, que trabalhou pela sua elei\u00e7\u00e3o para o comando da C\u00e2mara Alta.<\/p>\n<p>O Parlamento se apresenta mais independente a cada dia e a tend\u00eancia n\u00e3o vai mudar. A devolu\u00e7\u00e3o do trecho da medida provis\u00f3ria que tratava da demarca\u00e7\u00e3o das terras ind\u00edgenas foi um exemplo e n\u00e3o vai parar a\u00ed.<\/p>\n<p>Seja na reforma da Previd\u00eancia, seja na tribut\u00e1ria, o governo ser\u00e1 ouvido como parte no processo, mas n\u00e3o o principal protagonista.<\/p>\n<p>Em tempo: Se o Poder Executivo tem alguma d\u00favida, a inten\u00e7\u00e3o dos parlamentares \u00e9 deixar isso claro hoje com a san\u00e7\u00e3o do Or\u00e7amento Impositivo para emendas coletivas. Pelo menos, essa \u00e9 a inten\u00e7\u00e3o.<\/p>\n<h2><strong>Descompasso<\/strong><\/h2>\n<p>Tem muita gente no governo esperando baixar o pre\u00e7o do g\u00e1s at\u00e9 as elei\u00e7\u00f5es municipais. O setor, entretanto, calcula um prazo de tr\u00eas a cinco anos.<\/p>\n<p><strong>Esque\u00e7am as CPIs<\/strong>\/ Se depender do presidente do Senado, Davi Alcolumbre, os pedidos de CPis v\u00e3o todos para a gaveta, inclusive as que tentam investigar responsabilidade pelo vazamento dos supostos di\u00e1logos do ministro S\u00e9rgio Moro e procuradores.<\/p>\n<p><strong>Agora vai\/<\/strong> Est\u00e1 tudo pronto para instala\u00e7\u00e3o do Conselho de \u00c9tica do Senado na semana que vem, com o senador Jayme Campos no leme.<\/p>\n<p><strong>Nem tanto<\/strong>\/ Aqueles que esperam uma a\u00e7\u00e3o contra o senador Fl\u00e1vio Bolsonaro (foto) por causa do esc\u00e2ndalo envolvendo o ex-assessor Fabr\u00edcio Queiroz podem se preparar para a frustra\u00e7\u00e3o. O caso \u00e9 anterior ao mandato.<\/p>\n<p><strong>Hoje tem\/<\/strong> CB.Poder, 13h20 na <em>Tv Bras\u00edlia<\/em>. Sempre uma boa entrevista para voc\u00ea, dispon\u00edvel tamb\u00e9m nas redes sociais do Correio Braziliense. Liga l\u00e1.<\/p>\n","protected":false},"excerpt":{"rendered":"<p>Coluna Bras\u00edlia-DF Ao revogar o decreto das armas e enviar um projeto de lei ao Congresso para tratar do tema, o presidente Jair Bolsonaro empunha uma bandeira branca aos parlamentares. \u00c9 a tr\u00e9gua at\u00e9 a mudan\u00e7a do articulador pol\u00edtico do Planalto, que ali\u00e1s, n\u00e3o ser\u00e1 reconhecido como tal pelo presidente do Senado, Davi Alcolumbre, do DEM, mesmo partido do ministro [&hellip;]<\/p>\n","protected":false},"author":29,"featured_media":3332,"comment_status":"closed","ping_status":"closed","sticky":false,"template":"","format":"standard","meta":{"footnotes":""},"categories":[4],"tags":[],"class_list":["post-3791","post","type-post","status-publish","format-standard","has-post-thumbnail","hentry","category-coluna-brasilia-df"],"_links":{"self":[{"href":"https:\/\/blogs.correiobraziliense.com.br\/denise\/wp-json\/wp\/v2\/posts\/3791","targetHints":{"allow":["GET"]}}],"collection":[{"href":"https:\/\/blogs.correiobraziliense.com.br\/denise\/wp-json\/wp\/v2\/posts"}],"about":[{"href":"https:\/\/blogs.correiobraziliense.com.br\/denise\/wp-json\/wp\/v2\/types\/post"}],"author":[{"embeddable":true,"href":"https:\/\/blogs.correiobraziliense.com.br\/denise\/wp-json\/wp\/v2\/users\/29"}],"replies":[{"embeddable":true,"href":"https:\/\/blogs.correiobraziliense.com.br\/denise\/wp-json\/wp\/v2\/comments?post=3791"}],"version-history":[{"count":1,"href":"https:\/\/blogs.correiobraziliense.com.br\/denise\/wp-json\/wp\/v2\/posts\/3791\/revisions"}],"predecessor-version":[{"id":3794,"href":"https:\/\/blogs.correiobraziliense.com.br\/denise\/wp-json\/wp\/v2\/posts\/3791\/revisions\/3794"}],"wp:featuredmedia":[{"embeddable":true,"href":"https:\/\/blogs.correiobraziliense.com.br\/denise\/wp-json\/wp\/v2\/media\/3332"}],"wp:attachment":[{"href":"https:\/\/blogs.correiobraziliense.com.br\/denise\/wp-json\/wp\/v2\/media?parent=3791"}],"wp:term":[{"taxonomy":"category","embeddable":true,"href":"https:\/\/blogs.correiobraziliense.com.br\/denise\/wp-json\/wp\/v2\/categories?post=3791"},{"taxonomy":"post_tag","embeddable":true,"href":"https:\/\/blogs.correiobraziliense.com.br\/denise\/wp-json\/wp\/v2\/tags?post=3791"}],"curies":[{"name":"wp","href":"https:\/\/api.w.org\/{rel}","templated":true}]}}