{"id":3787,"date":"2019-06-25T07:59:55","date_gmt":"2019-06-25T10:59:55","guid":{"rendered":"https:\/\/blogs.correiobraziliense.com.br\/denise\/?p=3787"},"modified":"2019-06-25T08:34:28","modified_gmt":"2019-06-25T11:34:28","slug":"bolsonaro-ve-doria-como-seu-maior-adversario-para-2022","status":"publish","type":"post","link":"https:\/\/blogs.correiobraziliense.com.br\/denise\/bolsonaro-ve-doria-como-seu-maior-adversario-para-2022\/","title":{"rendered":"Bolsonaro v\u00ea Doria como seu maior advers\u00e1rio para 2022"},"content":{"rendered":"<h6><strong>Coluna Bras\u00edlia-DF<\/strong><\/h6>\n<p>Ainda h\u00e1 muito ch\u00e3o, suor, ora\u00e7\u00e3o e trabalho at\u00e9 2022, mas o presidente Jair Bolsonaro v\u00ea o atual governador de S\u00e3o Paulo, Jo\u00e3o Doria, como o principal concorrente que enfrentar\u00e1 quando for candidato \u00e0 reelei\u00e7\u00e3o \u2014 sim, o PSL pressionar\u00e1 para que o presidente seja candidato. (E, ainda que o presidente n\u00e3o queira, tem que dizer que \u00e9 pr\u00e9-candidato para evitar que todos saiam muito cedo da toca, atrapalhando o governo).<\/p>\n<p>A pre\u00e7os de hoje, Bolsonaro, sempre que puder, far\u00e1 algum gesto ou dar\u00e1 alguma declara\u00e7\u00e3o que tire Doria da zona de conforto. A transfer\u00eancia da F\u00f3rmula 1 de S\u00e3o Paulo para o Rio de Janeiro e a declara\u00e7\u00e3o de que as mudan\u00e7a \u00e9 \u201ca favor do Brasil\u201d foi apenas o primeiro tiro. Outros vir\u00e3o.<\/p>\n<h2><strong>O risco de Onyx<\/strong><\/h2>\n<p>Deputados que fizeram as contas est\u00e3o de olho: depois da Medida Provis\u00f3ria n\u00ba 886, que transferiu a coordena\u00e7\u00e3o pol\u00edtica para a Secretaria de Governo, o ministro da Casa Civil, Onyx Lorenzoni, n\u00e3o tem mais respaldo legal para fazer a ponte entre o Congresso e o Planalto. Se o fizer, ser\u00e1 uma a\u00e7\u00e3o ilegal.<\/p>\n<h2><strong>A solu\u00e7\u00e3o para Onyx<\/strong><\/h2>\n<p>Se Jair Bolsonaro quiser que o ministro continue com essa tarefa, at\u00e9 que o general Ramos assuma a Secretaria de Governo, ter\u00e1 que baixar uma nova MP, curtinha, dando esse prazo at\u00e9 o final da tramita\u00e7\u00e3o da MP n\u00ba 886.<\/p>\n<h2><strong>O receio<\/strong><\/h2>\n<p>O alerta dos l\u00edderes \u00e9 para que Onyx n\u00e3o feche acordos que possam ser objeto de contesta\u00e7\u00e3o judicial depois. Sabe como \u00e9: no servi\u00e7o p\u00fablico, o que est\u00e1 na lei vale.<br \/>\nO que n\u00e3o est\u00e1, ningu\u00e9m tem compromisso.<\/p>\n<h2><strong>Os contorcionistas<\/strong><\/h2>\n<p>At\u00e9 aqui, a aposta geral \u00e9 a de que os di\u00e1logos entre o ministro da Justi\u00e7a, S\u00e9rgio Moro, e os procuradores, em especial, Deltan Dallagnol, n\u00e3o ter\u00e3o qualquer puni\u00e7\u00e3o, e o desgaste ficar\u00e1 no campo pol\u00edtico. Por\u00e9m, se o Conselho Nacional do Minist\u00e9rio P\u00fablico tomar qualquer atitude contra Dallagnol, n\u00e3o vai dar para deixar Moro sem qualquer advert\u00eancia. O problema \u00e9 como fazer.<\/p>\n<p><strong>Na bagagem\/<\/strong> A Comiss\u00e3o de Rela\u00e7\u00f5es Exteriores da C\u00e2mara marcou para hoje a vota\u00e7\u00e3o do acordo entre Brasil e Estados Unidos para uso da Base de Lan\u00e7amento de Alc\u00e2ntara. A ideia \u00e9 votar logo para que o presidente Jair Bolsonaro chegue \u00e0 reuni\u00e3o do G-20, em Osaka, no Jap\u00e3o, com um sinal positivo sobre acordos assinados por seu governo.<\/p>\n<p><strong>A hora do balan\u00e7o\/<\/strong> Ao se encontrar com o presidente da China, Xi Jinping, e com o pr\u00edncipe herdeiro da Ar\u00e1bia Saudita, Mohammed bin Salman, o presidente Jair Bolsonaro espera tirar a pecha de que \u00e9 defensor do alinhamento exclusivo com os Estados Unidos. T\u00e9cnicos que vivem de olho na balan\u00e7a comercial est\u00e3o com excelentes expectativas a respeito desses encontros.<\/p>\n<p><strong>#ficouadica\/<\/strong> O veto \u00e0 lista tr\u00edplice para escolha dos diretores de ag\u00eancias reguladoras deixou integrantes do Minist\u00e9rio P\u00fablico com receio de que o presidente feche os olhos para a lista dos postulantes ao cargo de procurador-geral da Rep\u00fablica. Em setores do Planalto, a procuradora Raquel Dodge \u00e9 vista como um \u201ctime que est\u00e1 ganhando\u201d, ou seja, \u201cn\u00e3o se mexe\u201d.<\/p>\n<p><strong>Enquanto isso, no Congresso&#8230;\/<\/strong> A discuss\u00e3o sobre as armas promete esquentar mais uma vez. A bancada evang\u00e9lica continua contra armar a popula\u00e7\u00e3o. Nesse tema, a bancada da B\u00edblia n\u00e3o fecha. Restar\u00e1 a da bala e a do boi.<\/p>\n<p><strong>\u2026 semana de ajustes\/<\/strong> Dif\u00edcil votar nesta semana a reforma da Previd\u00eancia. Por\u00e9m, aos trancos e barrancos, alguma reforma ser\u00e1 aprovada at\u00e9 o final deste m\u00eas na comiss\u00e3o especial.<\/p>\n","protected":false},"excerpt":{"rendered":"<p>Coluna Bras\u00edlia-DF Ainda h\u00e1 muito ch\u00e3o, suor, ora\u00e7\u00e3o e trabalho at\u00e9 2022, mas o presidente Jair Bolsonaro v\u00ea o atual governador de S\u00e3o Paulo, Jo\u00e3o Doria, como o principal concorrente que enfrentar\u00e1 quando for candidato \u00e0 reelei\u00e7\u00e3o \u2014 sim, o PSL pressionar\u00e1 para que o presidente seja candidato. (E, ainda que o presidente n\u00e3o queira, tem que dizer que \u00e9 [&hellip;]<\/p>\n","protected":false},"author":29,"featured_media":3051,"comment_status":"closed","ping_status":"closed","sticky":false,"template":"","format":"standard","meta":{"footnotes":""},"categories":[4],"tags":[],"class_list":["post-3787","post","type-post","status-publish","format-standard","has-post-thumbnail","hentry","category-coluna-brasilia-df"],"_links":{"self":[{"href":"https:\/\/blogs.correiobraziliense.com.br\/denise\/wp-json\/wp\/v2\/posts\/3787","targetHints":{"allow":["GET"]}}],"collection":[{"href":"https:\/\/blogs.correiobraziliense.com.br\/denise\/wp-json\/wp\/v2\/posts"}],"about":[{"href":"https:\/\/blogs.correiobraziliense.com.br\/denise\/wp-json\/wp\/v2\/types\/post"}],"author":[{"embeddable":true,"href":"https:\/\/blogs.correiobraziliense.com.br\/denise\/wp-json\/wp\/v2\/users\/29"}],"replies":[{"embeddable":true,"href":"https:\/\/blogs.correiobraziliense.com.br\/denise\/wp-json\/wp\/v2\/comments?post=3787"}],"version-history":[{"count":2,"href":"https:\/\/blogs.correiobraziliense.com.br\/denise\/wp-json\/wp\/v2\/posts\/3787\/revisions"}],"predecessor-version":[{"id":3790,"href":"https:\/\/blogs.correiobraziliense.com.br\/denise\/wp-json\/wp\/v2\/posts\/3787\/revisions\/3790"}],"wp:featuredmedia":[{"embeddable":true,"href":"https:\/\/blogs.correiobraziliense.com.br\/denise\/wp-json\/wp\/v2\/media\/3051"}],"wp:attachment":[{"href":"https:\/\/blogs.correiobraziliense.com.br\/denise\/wp-json\/wp\/v2\/media?parent=3787"}],"wp:term":[{"taxonomy":"category","embeddable":true,"href":"https:\/\/blogs.correiobraziliense.com.br\/denise\/wp-json\/wp\/v2\/categories?post=3787"},{"taxonomy":"post_tag","embeddable":true,"href":"https:\/\/blogs.correiobraziliense.com.br\/denise\/wp-json\/wp\/v2\/tags?post=3787"}],"curies":[{"name":"wp","href":"https:\/\/api.w.org\/{rel}","templated":true}]}}