{"id":3770,"date":"2019-06-19T08:05:29","date_gmt":"2019-06-19T11:05:29","guid":{"rendered":"https:\/\/blogs.correiobraziliense.com.br\/denise\/?p=3770"},"modified":"2019-06-19T08:05:29","modified_gmt":"2019-06-19T11:05:29","slug":"governo-nao-cumpre-acordo-feito-para-aprovar-credito-suplementar","status":"publish","type":"post","link":"https:\/\/blogs.correiobraziliense.com.br\/denise\/governo-nao-cumpre-acordo-feito-para-aprovar-credito-suplementar\/","title":{"rendered":"Governo n\u00e3o cumpre acordo feito para aprovar cr\u00e9dito suplementar"},"content":{"rendered":"<h6><strong>Coluna Bras\u00edlia-DF<\/strong><\/h6>\n<p>Os l\u00edderes est\u00e3o desconfiados de que o governo n\u00e3o pretende cumprir a parte dele no acordo feito para que fosse aprovado o cr\u00e9dito de R$ 248,9 bilh\u00f5es na semana passada. A promessa era liberar, na sexta-feira passada, R$ 1 bilh\u00e3o para a \u00e1rea de habita\u00e7\u00e3o, leia-se Minha Casa Minha Vida, e R$ 550 milh\u00f5es para as obras de transposi\u00e7\u00e3o do Rio S\u00e3o Francisco. De quebra, havia ainda o compromisso de desbloquear R$ 1 bilh\u00e3o da \u00e1rea de educa\u00e7\u00e3o. O acordo foi selado pelo ministro da Casa Civil, Onyx Lorenzoni, pela l\u00edder Joice Hasselmann, pelo relator Hildo Rocha e pela equipe econ\u00f4mica.<\/p>\n<p>Os l\u00edderes ficaram com as barbas de molho depois dessa. A desconfian\u00e7a \u00e9 tal que come\u00e7a a ganhar corpo a tese de que, se o governo n\u00e3o cumprir esse acordo, n\u00e3o haver\u00e1 clima para outros entendimentos que envolvam dois temas caros ao Executivo, como o decreto de armas e a reforma previdenci\u00e1ria. Restar\u00e1 ao Planalto contentar-se, nesse campo, com o que for consenso entre os partidos, deixando de lado seus projetos.<\/p>\n<h2>\n<strong>Exp\u00f5e a\u00ed<\/strong><\/h2>\n<p>O PT chega hoje \u00e0 Comiss\u00e3o de Constitui\u00e7\u00e3o e Justi\u00e7a do Senado disposto a arrancar de S\u00e9rgio Moro a declara\u00e7\u00e3o de que, em rela\u00e7\u00e3o ao processo contra Lula, tudo foi feito com base nas provas obtidas pela equipe de Deltan Dallagnol. Assim, os petistas esperam conseguir mostrar que, de acordo com os di\u00e1logos, Deltan n\u00e3o tinha provas cabais contra o ex-presidente. Assim, colocando Moro atrelado a Deltan, o projeto do PT \u00e9 pedir a anula\u00e7\u00e3o da condena\u00e7\u00e3o.<\/p>\n<h2>\n<strong>Blinda a\u00ed<\/strong><\/h2>\n<p>PSL e Podemos estar\u00e3o a postos na comiss\u00e3o para blindar o ministro S\u00e9rgio Moro. E o ex-juiz, da sua parte, dir\u00e1 que fez tudo de acordo com as provas dispon\u00edveis nos autos. Ou seja, n\u00e3o condenou um inocente.<\/p>\n<h2>\n<strong>Que Moro que nada&#8230;<\/strong><\/h2>\n<p>Em S\u00e3o Paulo, empres\u00e1rios e economistas sequer mencionam S\u00e9rgio Moro. Querem mesmo \u00e9 saber como ficar\u00e1 a reforma da Previd\u00eancia e o que ser\u00e1 da reforma tribut\u00e1ria. Em 4 de julho, o Conselho dos Secret\u00e1rios de Fazenda (Confaz) apresentar\u00e1 os pontos que pretende modificar na Proposta de Emenda Constitucional (PEC) que cria o Imposto sobre Bens e Servi\u00e7os (IBS), com v\u00e1rios pontos pol\u00eamicos.<\/p>\n<h2>\n<strong>\u2026 \u00c9 a economia que interessa<\/strong><\/h2>\n<p>No IV Congresso Luso Brasileiro dos Auditores Fiscais, o presidente do Confaz, Rafael Fonteles, citou, por exemplo, que o grupo de secret\u00e1rios encarregado de analisar a proposta pretende tirar a Uni\u00e3o do comit\u00ea gestor. O economista Bernardo Appy, um dos autores da PEC, foi direto: \u201c\u00c9 uma posi\u00e7\u00e3o pol\u00edtica. A nossa \u00e9 t\u00e9cnica, com representa\u00e7\u00e3o de todos os entes federativos\u201d.<\/p>\n<figure id=\"attachment_3771\" aria-describedby=\"caption-attachment-3771\" style=\"width: 300px\" class=\"wp-caption aligncenter\"><a href=\"https:\/\/blogs.correiobraziliense.com.br\/denise\/wp-content\/uploads\/sites\/12\/2019\/06\/WhatsApp-Image-2019-06-18-at-21.49.57.jpeg\"><img loading=\"lazy\" decoding=\"async\" class=\"size-medium wp-image-3771\" src=\"https:\/\/blogs.correiobraziliense.com.br\/denise\/wp-content\/uploads\/sites\/12\/2019\/06\/WhatsApp-Image-2019-06-18-at-21.49.57-300x200.jpeg\" alt=\"o professor Eurico De Santi\" width=\"300\" height=\"200\" srcset=\"https:\/\/blogs.correiobraziliense.com.br\/denise\/wp-content\/uploads\/sites\/12\/2019\/06\/WhatsApp-Image-2019-06-18-at-21.49.57-300x200.jpeg 300w, https:\/\/blogs.correiobraziliense.com.br\/denise\/wp-content\/uploads\/sites\/12\/2019\/06\/WhatsApp-Image-2019-06-18-at-21.49.57-768x512.jpeg 768w, https:\/\/blogs.correiobraziliense.com.br\/denise\/wp-content\/uploads\/sites\/12\/2019\/06\/WhatsApp-Image-2019-06-18-at-21.49.57-1024x682.jpeg 1024w, https:\/\/blogs.correiobraziliense.com.br\/denise\/wp-content\/uploads\/sites\/12\/2019\/06\/WhatsApp-Image-2019-06-18-at-21.49.57-350x233.jpeg 350w, https:\/\/blogs.correiobraziliense.com.br\/denise\/wp-content\/uploads\/sites\/12\/2019\/06\/WhatsApp-Image-2019-06-18-at-21.49.57-550x367.jpeg 550w, https:\/\/blogs.correiobraziliense.com.br\/denise\/wp-content\/uploads\/sites\/12\/2019\/06\/WhatsApp-Image-2019-06-18-at-21.49.57-230x153.jpeg 230w, https:\/\/blogs.correiobraziliense.com.br\/denise\/wp-content\/uploads\/sites\/12\/2019\/06\/WhatsApp-Image-2019-06-18-at-21.49.57.jpeg 1280w\" sizes=\"auto, (max-width: 300px) 100vw, 300px\" \/><\/a><figcaption id=\"caption-attachment-3771\" class=\"wp-caption-text\">Joel Silva<\/figcaption><\/figure>\n<p><strong>Zorra total\/<\/strong> O sistema de impostos no pa\u00eds \u00e9 t\u00e3o confuso que os economistas j\u00e1 fazem piada. Durante exposi\u00e7\u00e3o no IV Congresso Luso Brasileiro dos Auditores Fiscais, em S\u00e3o Paulo, o professor Eurico De Santi (foto) tirou o sapat\u00eanis no p\u00falpito onde proferia a palestra, e perguntou: \u201cImposto do sapato, 20%,do t\u00eanis, 10%. E o sapat\u00eanis? Cobra como sapato ou como t\u00eanis? \u00c9 de couro? Tem cadar\u00e7o? Catorze anos para o processo chegar ao Supremo Tribunal Federal, com 100 laudas de um voto do Celso de Mello para falar sobre o sapat\u00eanis\u201d, disse, provocando risadas da plateia.<\/p>\n<p><strong>Acha que \u00e9 brincadeira?!!\/<\/strong> Diretora do Centro de Cidadania Fiscal (CCiF), Vanessa Canado lembrou o caso do p\u00e3o: \u201cO p\u00e3ozinho \u00e9 isento, por\u00e9m, a farinha de rosca, feita de p\u00e3o, n\u00e3o. Pasmem: esse assunto foi at\u00e9 ao Superior Tribunal de Justi\u00e7a\u201d.<\/p>\n<p><strong>Enquanto isso, no Senado e na C\u00e2mara..<\/strong>.\/ A discuss\u00e3o da reforma previdenci\u00e1ria, na C\u00e2mara e a mobiliza\u00e7\u00e3o na noite de ontem contra o decreto das armas, no Senado, surpreenderam at\u00e9 mesmo a oposi\u00e7\u00e3o. E, com o governo sem base, desde cedo a impress\u00e3o dos l\u00edderes era a de que o presidente Jair Bolsonaro iria perder essa.<\/p>\n<p><strong>&#8230;melhor j\u00e1 ir se acostumando\/<\/strong> A vida do governo, ali\u00e1s, n\u00e3o ser\u00e1 f\u00e1cil em seus projetos. O Congresso est\u00e1 cada vez mais independente e com uma boa parte gostando desse novo modelo. Cabe ao governo, a partir de agora, viver a cada dia a sua afli\u00e7\u00e3o.<\/p>\n","protected":false},"excerpt":{"rendered":"<p>Coluna Bras\u00edlia-DF Os l\u00edderes est\u00e3o desconfiados de que o governo n\u00e3o pretende cumprir a parte dele no acordo feito para que fosse aprovado o cr\u00e9dito de R$ 248,9 bilh\u00f5es na semana passada. A promessa era liberar, na sexta-feira passada, R$ 1 bilh\u00e3o para a \u00e1rea de habita\u00e7\u00e3o, leia-se Minha Casa Minha Vida, e R$ 550 milh\u00f5es para as obras de [&hellip;]<\/p>\n","protected":false},"author":29,"featured_media":3705,"comment_status":"closed","ping_status":"closed","sticky":false,"template":"","format":"standard","meta":{"footnotes":""},"categories":[4],"tags":[116,90,117],"class_list":["post-3770","post","type-post","status-publish","format-standard","has-post-thumbnail","hentry","category-coluna-brasilia-df","tag-credito-suplementar","tag-lava-jato","tag-moro"],"_links":{"self":[{"href":"https:\/\/blogs.correiobraziliense.com.br\/denise\/wp-json\/wp\/v2\/posts\/3770","targetHints":{"allow":["GET"]}}],"collection":[{"href":"https:\/\/blogs.correiobraziliense.com.br\/denise\/wp-json\/wp\/v2\/posts"}],"about":[{"href":"https:\/\/blogs.correiobraziliense.com.br\/denise\/wp-json\/wp\/v2\/types\/post"}],"author":[{"embeddable":true,"href":"https:\/\/blogs.correiobraziliense.com.br\/denise\/wp-json\/wp\/v2\/users\/29"}],"replies":[{"embeddable":true,"href":"https:\/\/blogs.correiobraziliense.com.br\/denise\/wp-json\/wp\/v2\/comments?post=3770"}],"version-history":[{"count":1,"href":"https:\/\/blogs.correiobraziliense.com.br\/denise\/wp-json\/wp\/v2\/posts\/3770\/revisions"}],"predecessor-version":[{"id":3772,"href":"https:\/\/blogs.correiobraziliense.com.br\/denise\/wp-json\/wp\/v2\/posts\/3770\/revisions\/3772"}],"wp:featuredmedia":[{"embeddable":true,"href":"https:\/\/blogs.correiobraziliense.com.br\/denise\/wp-json\/wp\/v2\/media\/3705"}],"wp:attachment":[{"href":"https:\/\/blogs.correiobraziliense.com.br\/denise\/wp-json\/wp\/v2\/media?parent=3770"}],"wp:term":[{"taxonomy":"category","embeddable":true,"href":"https:\/\/blogs.correiobraziliense.com.br\/denise\/wp-json\/wp\/v2\/categories?post=3770"},{"taxonomy":"post_tag","embeddable":true,"href":"https:\/\/blogs.correiobraziliense.com.br\/denise\/wp-json\/wp\/v2\/tags?post=3770"}],"curies":[{"name":"wp","href":"https:\/\/api.w.org\/{rel}","templated":true}]}}