{"id":3741,"date":"2019-06-13T08:29:00","date_gmt":"2019-06-13T11:29:00","guid":{"rendered":"https:\/\/blogs.correiobraziliense.com.br\/denise\/?p=3741"},"modified":"2019-06-13T08:31:14","modified_gmt":"2019-06-13T11:31:14","slug":"relator-da-previdencia-diz-que-saida-dos-estados-pode-ser-exclusao-temporaria","status":"publish","type":"post","link":"https:\/\/blogs.correiobraziliense.com.br\/denise\/relator-da-previdencia-diz-que-saida-dos-estados-pode-ser-exclusao-temporaria\/","title":{"rendered":"Relator da Previd\u00eancia diz que sa\u00edda dos estados pode ser \u201cexclus\u00e3o tempor\u00e1ria\u201d"},"content":{"rendered":"<h6><strong>Coluna Bras\u00edlia-DF<\/strong><\/h6>\n<p>Saiu, mas\u2026 Pode voltar. O relator da reforma da Previd\u00eancia, deputado Samuel Moreira (PSDB-SP), comentou com a coluna que os estados e munic\u00edpios podem ter uma \u201cexclus\u00e3o tempor\u00e1ria\u201d da reforma. Esse promete ser um dos pontos que provocar\u00e1 mais debate no plen\u00e1rio, junto com a transi\u00e7\u00e3o para o novo modelo dos servidores p\u00fablicos e a desconstitucionaliza\u00e7\u00e3o. Vai depender do trabalho dos governadores e prefeitos por votos.<\/p>\n<h2><strong>\u201cDemonizou\u201d<\/strong><\/h2>\n<p>Deputados e senadores de partidos de centro, essenciais para aprovar a reforma, se referem ao modelo de capitaliza\u00e7\u00e3o proposto pelo governo como algo t\u00e3o t\u00f3xico quanto a CPMF. Hoje, n\u00e3o d\u00e1 para propor um imposto de cheque sem que haja uma celeuma. Da mesma forma, n\u00e3o ser\u00e1 poss\u00edvel aprovar a capitaliza\u00e7\u00e3o.<\/p>\n<h2><strong>Os fiadores<\/strong><\/h2>\n<p>Sentados ao lado do presidente da C\u00e2mara, Rodrigo Maia (DEM-RJ), no in\u00edcio da noite, os l\u00edderes da maioria, Aguinaldo Ribeiro (PP-PB); do PP, Arthur Lyra (AL), s\u00e3o considerados hoje fundamentais para aprova\u00e7\u00e3o da reforma da Previd\u00eancia. Os l\u00edderes do governo ficaram em segundo plano.<\/p>\n<p>&nbsp;<\/p>\n","protected":false},"excerpt":{"rendered":"<p>Coluna Bras\u00edlia-DF Saiu, mas\u2026 Pode voltar. O relator da reforma da Previd\u00eancia, deputado Samuel Moreira (PSDB-SP), comentou com a coluna que os estados e munic\u00edpios podem ter uma \u201cexclus\u00e3o tempor\u00e1ria\u201d da reforma. Esse promete ser um dos pontos que provocar\u00e1 mais debate no plen\u00e1rio, junto com a transi\u00e7\u00e3o para o novo modelo dos servidores p\u00fablicos e a desconstitucionaliza\u00e7\u00e3o. Vai depender [&hellip;]<\/p>\n","protected":false},"author":29,"featured_media":3746,"comment_status":"closed","ping_status":"closed","sticky":false,"template":"","format":"standard","meta":{"footnotes":""},"categories":[4],"tags":[],"class_list":["post-3741","post","type-post","status-publish","format-standard","has-post-thumbnail","hentry","category-coluna-brasilia-df"],"_links":{"self":[{"href":"https:\/\/blogs.correiobraziliense.com.br\/denise\/wp-json\/wp\/v2\/posts\/3741","targetHints":{"allow":["GET"]}}],"collection":[{"href":"https:\/\/blogs.correiobraziliense.com.br\/denise\/wp-json\/wp\/v2\/posts"}],"about":[{"href":"https:\/\/blogs.correiobraziliense.com.br\/denise\/wp-json\/wp\/v2\/types\/post"}],"author":[{"embeddable":true,"href":"https:\/\/blogs.correiobraziliense.com.br\/denise\/wp-json\/wp\/v2\/users\/29"}],"replies":[{"embeddable":true,"href":"https:\/\/blogs.correiobraziliense.com.br\/denise\/wp-json\/wp\/v2\/comments?post=3741"}],"version-history":[{"count":2,"href":"https:\/\/blogs.correiobraziliense.com.br\/denise\/wp-json\/wp\/v2\/posts\/3741\/revisions"}],"predecessor-version":[{"id":3747,"href":"https:\/\/blogs.correiobraziliense.com.br\/denise\/wp-json\/wp\/v2\/posts\/3741\/revisions\/3747"}],"wp:featuredmedia":[{"embeddable":true,"href":"https:\/\/blogs.correiobraziliense.com.br\/denise\/wp-json\/wp\/v2\/media\/3746"}],"wp:attachment":[{"href":"https:\/\/blogs.correiobraziliense.com.br\/denise\/wp-json\/wp\/v2\/media?parent=3741"}],"wp:term":[{"taxonomy":"category","embeddable":true,"href":"https:\/\/blogs.correiobraziliense.com.br\/denise\/wp-json\/wp\/v2\/categories?post=3741"},{"taxonomy":"post_tag","embeddable":true,"href":"https:\/\/blogs.correiobraziliense.com.br\/denise\/wp-json\/wp\/v2\/tags?post=3741"}],"curies":[{"name":"wp","href":"https:\/\/api.w.org\/{rel}","templated":true}]}}