{"id":3731,"date":"2019-06-11T08:13:00","date_gmt":"2019-06-11T11:13:00","guid":{"rendered":"https:\/\/blogs.correiobraziliense.com.br\/denise\/?p=3731"},"modified":"2019-06-11T08:18:32","modified_gmt":"2019-06-11T11:18:32","slug":"e-a-toga-de-sergio-moro-caiu","status":"publish","type":"post","link":"https:\/\/blogs.correiobraziliense.com.br\/denise\/e-a-toga-de-sergio-moro-caiu\/","title":{"rendered":"E a toga de S\u00e9rgio Moro caiu"},"content":{"rendered":"<h6><strong>Coluna Bras\u00edlia-DF<\/strong><\/h6>\n<p>Se o ministro da Justi\u00e7a, S\u00e9rgio Moro, fosse indicado hoje para uma vaga no Supremo Tribunal Federal, a tend\u00eancia do Senado seria rejeitar a indica\u00e7\u00e3o do governo. Para completar, o sil\u00eancio do presidente Jair Bolsonaro sobre o caso nas primeiras 24 horas indica que a estrat\u00e9gia do Planalto \u00e9 esperar essa crise decantar, da mesma forma que fez em rela\u00e7\u00e3o ao ministro do Turismo, Marcelo \u00c1lvaro. No Congresso, por\u00e9m a leitura \u00e9 de que o caso \u00e9 a chance perfeita para tentar deixar o ministro menor.<\/p>\n<p>Bolsonaro, entretanto, tem se cercado de cuidados. O pacote anticrime, por exemplo, n\u00e3o foi levado pessoalmente por Jair Bolsonaro ao Congresso, e, h\u00e1 alguns dias, o presidente mencionou se n\u00e3o seria a hora de indicar um evang\u00e9lico para o STF. Embora os filhos do presidente tenham defendido o ministro Moro e o ex-juiz tenha muito respaldo popular, a ordem, no governo, \u00e9 deixa estar para ver como \u00e9 que fica, concentrando o caso no Poder Judici\u00e1rio.<\/p>\n<h2><strong>Tem mais<\/strong><\/h2>\n<p>O <em>The Intercept<\/em> Brasil ainda tem muito material para soltar. V\u00eam por a\u00ed di\u00e1logos entre os procuradores criticando os ministros do Supremo Tribunal Federal (STF) e do Superior Tribunal de Justi\u00e7a (STJ).<\/p>\n<h2><strong>Tem menos<\/strong><\/h2>\n<p>Come\u00e7ou um movimento, ontem, no sentido de tentar deixar apenas os procuradores na linha do fogo cruzado, e preservar o ministro S\u00e9rgio Moro. Afinal, o ministro sabe muito de muita gente. Resta saber se vai colar.<\/p>\n<h2><strong>Tem eles<\/strong><\/h2>\n<p>Integrantes dos partidos de centro enroscados na Lava-Jato vibraram com os ind\u00edcios de que o ex-juiz feriu o C\u00f3digo de Processo Penal. Se o caso dos di\u00e1logos esquentar mais um pouquinho, alguns pensam em pressionar pela queda do ministro. Por enquanto, a ordem \u00e9 aguardar.<\/p>\n<h2><strong>Enquanto isso, no PT\u2026<\/strong><\/h2>\n<p>A ordem \u00e9 n\u00e3o sossegar enquanto S\u00e9rgio Moro n\u00e3o cair. S\u00f3 tem um detalhe: Bolsonaro n\u00e3o vai demitir o ministro por press\u00e3o do Partido dos Trabalhadores.<\/p>\n<h2><strong>A calhar<\/strong><\/h2>\n<p>O caso divulgado pelo site <em>The Intercept Brasil<\/em> serviu como uma luva para que o relator da reforma da Previd\u00eancia, deputado Samuel Moreira (PSDB-SP), aproveite esta ter\u00e7a-feira para amarrar melhor a proposta com os governadores.<\/p>\n<p><strong>\u00c0s ruas\/<\/strong> Simpatizantes do governo preparam nova manifesta\u00e7\u00e3o para 7 de julho em apoio ao ministro da Justi\u00e7a, S\u00e9rgio Moro. A anteced\u00eancia da convoca\u00e7\u00e3o \u00e9 para garantir uma mobiliza\u00e7\u00e3o capaz de superar a de 26 de maio, em apoio ao presidente Jair Bolsonaro.<\/p>\n<p><strong>Ades\u00e3o aumentou\/<\/strong> Pesquisa da Arko Advice com 109 deputados detectou um aumento no apoio \u00e0 reforma previdenci\u00e1ria. Em mar\u00e7o, esse apoio era de 55,96%, hoje \u00e9 de 75,22%. Obviamente, pregam mudan\u00e7as no texto.<\/p>\n<p><strong>FHC e Mour\u00e3o\/<\/strong> At\u00e9 aqui, o vice-presidente Hamilton Mour\u00e3o e o ex-presidente Fernando Henrique Cardoso foram as autoridades que sa\u00edrem em defesa de Moro. Nenhum dos dois quer ver comprometido o que foi apurado pela Lava-Jato.<\/p>\n<p><strong>Por falar em Mour\u00e3o&#8230;\/<\/strong> O jornalista Andr\u00e9 Gustavo Stumpf deixou o comando da comunica\u00e7\u00e3o social da Vice-Presid\u00eancia. Sua experi\u00eancia far\u00e1 falta por ali.<\/p>\n","protected":false},"excerpt":{"rendered":"<p>Coluna Bras\u00edlia-DF Se o ministro da Justi\u00e7a, S\u00e9rgio Moro, fosse indicado hoje para uma vaga no Supremo Tribunal Federal, a tend\u00eancia do Senado seria rejeitar a indica\u00e7\u00e3o do governo. Para completar, o sil\u00eancio do presidente Jair Bolsonaro sobre o caso nas primeiras 24 horas indica que a estrat\u00e9gia do Planalto \u00e9 esperar essa crise decantar, da mesma forma que fez [&hellip;]<\/p>\n","protected":false},"author":29,"featured_media":3733,"comment_status":"closed","ping_status":"closed","sticky":false,"template":"","format":"standard","meta":{"footnotes":""},"categories":[4],"tags":[],"class_list":["post-3731","post","type-post","status-publish","format-standard","has-post-thumbnail","hentry","category-coluna-brasilia-df"],"_links":{"self":[{"href":"https:\/\/blogs.correiobraziliense.com.br\/denise\/wp-json\/wp\/v2\/posts\/3731","targetHints":{"allow":["GET"]}}],"collection":[{"href":"https:\/\/blogs.correiobraziliense.com.br\/denise\/wp-json\/wp\/v2\/posts"}],"about":[{"href":"https:\/\/blogs.correiobraziliense.com.br\/denise\/wp-json\/wp\/v2\/types\/post"}],"author":[{"embeddable":true,"href":"https:\/\/blogs.correiobraziliense.com.br\/denise\/wp-json\/wp\/v2\/users\/29"}],"replies":[{"embeddable":true,"href":"https:\/\/blogs.correiobraziliense.com.br\/denise\/wp-json\/wp\/v2\/comments?post=3731"}],"version-history":[{"count":2,"href":"https:\/\/blogs.correiobraziliense.com.br\/denise\/wp-json\/wp\/v2\/posts\/3731\/revisions"}],"predecessor-version":[{"id":3734,"href":"https:\/\/blogs.correiobraziliense.com.br\/denise\/wp-json\/wp\/v2\/posts\/3731\/revisions\/3734"}],"wp:featuredmedia":[{"embeddable":true,"href":"https:\/\/blogs.correiobraziliense.com.br\/denise\/wp-json\/wp\/v2\/media\/3733"}],"wp:attachment":[{"href":"https:\/\/blogs.correiobraziliense.com.br\/denise\/wp-json\/wp\/v2\/media?parent=3731"}],"wp:term":[{"taxonomy":"category","embeddable":true,"href":"https:\/\/blogs.correiobraziliense.com.br\/denise\/wp-json\/wp\/v2\/categories?post=3731"},{"taxonomy":"post_tag","embeddable":true,"href":"https:\/\/blogs.correiobraziliense.com.br\/denise\/wp-json\/wp\/v2\/tags?post=3731"}],"curies":[{"name":"wp","href":"https:\/\/api.w.org\/{rel}","templated":true}]}}