{"id":3726,"date":"2019-06-10T07:59:17","date_gmt":"2019-06-10T10:59:17","guid":{"rendered":"https:\/\/blogs.correiobraziliense.com.br\/denise\/?p=3726"},"modified":"2019-06-10T08:14:37","modified_gmt":"2019-06-10T11:14:37","slug":"para-governadores-modelo-de-capitalizacao-nao-fecha-a-conta-na-previdencia","status":"publish","type":"post","link":"https:\/\/blogs.correiobraziliense.com.br\/denise\/para-governadores-modelo-de-capitalizacao-nao-fecha-a-conta-na-previdencia\/","title":{"rendered":"Para governadores, modelo de capitaliza\u00e7\u00e3o n\u00e3o fecha a conta na Previd\u00eancia"},"content":{"rendered":"<p>Cresce entre os parlamentares a ideia de que a manuten\u00e7\u00e3o dos sistemas de Previd\u00eancia estaduais no texto da reforma n\u00e3o combina com o modelo de capitaliza\u00e7\u00e3o proposto pelo governo. Isso porque n\u00e3o garante uma renda \u00e0queles que recebem valores mais modestos, at\u00e9 dois sal\u00e1rios m\u00ednimos, por exemplo. Al\u00e9m disso, j\u00e1 se sabe que o custo de transi\u00e7\u00e3o do sistema de reparti\u00e7\u00e3o para o de capitaliza\u00e7\u00e3o \u00e9 alto e, at\u00e9 aqui, os estados n\u00e3o disseram se v\u00e3o arcar, cada um, com essa fatura ou se v\u00e3o deixar a conta para o governo federal. Diante das dificuldades nas contas dos estados, alguns governadores n\u00e3o ter\u00e3o meios de garantir os recursos dessa passagem. Logo, avisam as excel\u00eancias, mantida a Previd\u00eancia dos estados no projeto da reforma, n\u00e3o d\u00e1 para permanecer com a capitaliza\u00e7\u00e3o.<\/p>\n<h2><strong>PT sob teste<\/strong><\/h2>\n<p>O fato de a presidente do PT, Gleisi Hoffmann, ter entrado na convoca\u00e7\u00e3o da greve geral contra a reforma da Previd\u00eancia colocou o partido sob foco. Afinal, nas hostes governistas, a greve \u00e9 vista mais como uma prova para verificar a capacidade de mobiliza\u00e7\u00e3o dos sindicatos do que um movimento capaz de medir o n\u00edvel de apoio da popula\u00e7\u00e3o \u00e0s mudan\u00e7as no sistema de aposentadorias.<\/p>\n<h2><strong>Se arrependimento matasse\u2026<\/strong><\/h2>\n<p>Muitas autoridades do governo consideram que o presidente Jair Bolsonaro perdeu tempo por n\u00e3o ter aprovado a reforma previdenci\u00e1ria antes da posse, ainda que fosse o texto do governo de Michel Temer. Assim, poderia avan\u00e7ar agora com a capitaliza\u00e7\u00e3o. Ao que tudo indica, ter\u00e1 mesmo de se contentar com idade m\u00ednima.<\/p>\n<h2><strong>E n\u00e3o \u00e9 que mudou?<\/strong><\/h2>\n<p>Ok, a reforma da Previd\u00eancia ainda n\u00e3o chegou ao ponto de vota\u00e7\u00e3o e, esta semana, ter\u00e1 o cr\u00e9dito sumplementar de R$ 248,9 bilh\u00f5es na roda. Mas, no geral, a avalia\u00e7\u00e3o \u00e9 de que a estrat\u00e9gia de Bolsonaro em rela\u00e7\u00e3o ao Congresso at\u00e9 aqui n\u00e3o deu t\u00e3o errado como era de se supor. Os projetos caminham, e o Parlamento faz<br \/>\no seu papel.<\/p>\n<h2><strong>Onde mora o perigo<\/strong><\/h2>\n<p>Quem acompanha tudo por dentro acredita que o \u00fanico risco no momento \u00e9 o presidente ficar incomodado com o protagonismo do Congresso. At\u00e9 aqui, quando se incomodou, foi buscar apoio nas ruas.<\/p>\n<blockquote><p>\u201cContingenciar, cortar, reduzir, n\u00e3o importa a denomina\u00e7\u00e3o. \u00c9 um sinal de um retrocesso civilizat\u00f3rio para a educa\u00e7\u00e3o e triste para o futuro do nosso pa\u00eds\u201d<\/p><\/blockquote>\n<p style=\"text-align: right\"><strong>Da deputada Fl\u00e1via Arruda (PL-DF),engrossando a lista daqueles que veem essa \u00e1rea estrat\u00e9gica em descompasso total.<\/strong><\/p>\n<p><strong>Outros tempos I\/<\/strong> A decis\u00e3o do presidente da C\u00e2mara, Rodrigo Maia, de cancelar a sess\u00e3o em homenagem ao Dia Mundial de Jerusal\u00e9m, requerida pelo deputado Evandro Roman (PSD-PR), foi um pedido do PSL e evitou que o plen\u00e1rio se transformasse numa arena.<\/p>\n<p><strong>Outros tempos II\/<\/strong> O Dia Mundial de Jerusal\u00e9m \u00e9 comemorado nos territ\u00f3rios palestinos com queima de bandeiras dos Estados Unidos e de Israel. Informados da sess\u00e3o, deputados evang\u00e9licos e do PSL, ligados a Israel, entraram no circuito e criaram um alvoro\u00e7o nos bastidores.<\/p>\n<p><strong>Outros tempos III\/<\/strong> Os pesselistas telefonaram, primeiro para o deputado Joaquim Passarinho (PSD-PA), e pediram que ele conversassse com o seu colega de partido e o convencesse a desistir da sess\u00e3o. Roman fincou o p\u00e9. Foi a\u00ed que apelaram a Maia, e a sess\u00e3o terminou cancelada.<\/p>\n<p><strong>Outros tempos IV\/<\/strong> Em 14 de junho de 2018, o mesmo Evandro Roman presidiu uma sess\u00e3o id\u00eantica sem estresse por parte dos deputados simp\u00e1ticos a Israel. Agora, os bolsonaristas planejavam cerrar fileiras para protestar no plen\u00e1rio neste 12 de junho. No ano passado, o presidente Rodrigo Maia enviou, inclusive, um discurso pregando a paz e o di\u00e1logo. Desta vez, n\u00e3o teve conversa. O presidente n\u00e3o quer s\u00f3 pregar a paz. Quer paz na Casa.<\/p>\n<p><strong>\u00c9tica em segundo plano\/<\/strong> At\u00e9 aqui, nada do Conselho de \u00c9tica do Senado.<\/p>\n<p><em>Colaborou Rodolfo Costa<\/em><\/p>\n","protected":false},"excerpt":{"rendered":"<p>Cresce entre os parlamentares a ideia de que a manuten\u00e7\u00e3o dos sistemas de Previd\u00eancia estaduais no texto da reforma n\u00e3o combina com o modelo de capitaliza\u00e7\u00e3o proposto pelo governo. Isso porque n\u00e3o garante uma renda \u00e0queles que recebem valores mais modestos, at\u00e9 dois sal\u00e1rios m\u00ednimos, por exemplo. Al\u00e9m disso, j\u00e1 se sabe que o custo de transi\u00e7\u00e3o do sistema de [&hellip;]<\/p>\n","protected":false},"author":29,"featured_media":3209,"comment_status":"closed","ping_status":"closed","sticky":false,"template":"","format":"standard","meta":{"footnotes":""},"categories":[4],"tags":[],"class_list":["post-3726","post","type-post","status-publish","format-standard","has-post-thumbnail","hentry","category-coluna-brasilia-df"],"_links":{"self":[{"href":"https:\/\/blogs.correiobraziliense.com.br\/denise\/wp-json\/wp\/v2\/posts\/3726","targetHints":{"allow":["GET"]}}],"collection":[{"href":"https:\/\/blogs.correiobraziliense.com.br\/denise\/wp-json\/wp\/v2\/posts"}],"about":[{"href":"https:\/\/blogs.correiobraziliense.com.br\/denise\/wp-json\/wp\/v2\/types\/post"}],"author":[{"embeddable":true,"href":"https:\/\/blogs.correiobraziliense.com.br\/denise\/wp-json\/wp\/v2\/users\/29"}],"replies":[{"embeddable":true,"href":"https:\/\/blogs.correiobraziliense.com.br\/denise\/wp-json\/wp\/v2\/comments?post=3726"}],"version-history":[{"count":4,"href":"https:\/\/blogs.correiobraziliense.com.br\/denise\/wp-json\/wp\/v2\/posts\/3726\/revisions"}],"predecessor-version":[{"id":3730,"href":"https:\/\/blogs.correiobraziliense.com.br\/denise\/wp-json\/wp\/v2\/posts\/3726\/revisions\/3730"}],"wp:featuredmedia":[{"embeddable":true,"href":"https:\/\/blogs.correiobraziliense.com.br\/denise\/wp-json\/wp\/v2\/media\/3209"}],"wp:attachment":[{"href":"https:\/\/blogs.correiobraziliense.com.br\/denise\/wp-json\/wp\/v2\/media?parent=3726"}],"wp:term":[{"taxonomy":"category","embeddable":true,"href":"https:\/\/blogs.correiobraziliense.com.br\/denise\/wp-json\/wp\/v2\/categories?post=3726"},{"taxonomy":"post_tag","embeddable":true,"href":"https:\/\/blogs.correiobraziliense.com.br\/denise\/wp-json\/wp\/v2\/tags?post=3726"}],"curies":[{"name":"wp","href":"https:\/\/api.w.org\/{rel}","templated":true}]}}