{"id":3720,"date":"2019-06-07T08:13:25","date_gmt":"2019-06-07T11:13:25","guid":{"rendered":"https:\/\/blogs.correiobraziliense.com.br\/denise\/?p=3720"},"modified":"2019-06-07T08:13:25","modified_gmt":"2019-06-07T11:13:25","slug":"cpi-investigara-impulsionamentos-para-destruir-reputacoes-de-politicos","status":"publish","type":"post","link":"https:\/\/blogs.correiobraziliense.com.br\/denise\/cpi-investigara-impulsionamentos-para-destruir-reputacoes-de-politicos\/","title":{"rendered":"CPI investigar\u00e1 impulsionamentos para destruir reputa\u00e7\u00f5es de pol\u00edticos"},"content":{"rendered":"<p><strong>Coluna Bras\u00edlia-DF<\/strong><\/p>\n<p>Enquanto os l\u00edderes do governo cuidam de criar um ambiente favor\u00e1vel \u00e0 aprova\u00e7\u00e3o do cr\u00e9dito suplementar de R$ 248 bilh\u00f5es ao Or\u00e7amento da Uni\u00e3o, as c\u00fapulas da C\u00e2mara e do Senado se dedicam aos preparativos para instalar rapidamente a Comiss\u00e3o Parlamentar Mista de Inqu\u00e9rito do Cyberbullying. Desta vez, diferentemente de CPI dos Crimes Cibern\u00e9ticos de 2015\/2016, a Comiss\u00e3o vai mirar nos impulsionamentos e nos grupos montados especificamente para destruir reputa\u00e7\u00f5es de advers\u00e1rios pol\u00edticos. Depois de uma campanha eleitoral marcada por mensagens falsas transmitidas, especialmente, via grupos de WhatsApp, material n\u00e3o falta para aumentar a temperatura pol\u00edtica.<\/p>\n<p>E, como se sabe, a maioria das CPIs d\u00e1 trabalho para governo, seja qual for. Por isso, j\u00e1 tem gente preocupada. Embora o Executivo ainda n\u00e3o tenha calculado o grau de instabilidade e o ponto de ebuli\u00e7\u00e3o, a hora \u00e9 de ficar de olho, a fim de influir na escolha dos comandantes do colegiado. S\u00f3 tem um probleminha a\u00ed: os partidos de centro n\u00e3o descartam indicar algu\u00e9m da oposi\u00e7\u00e3o para essa tarefa.<\/p>\n<h2>\n<strong>Feir\u00e3o das subs<\/strong><\/h2>\n<p>A decis\u00e3o do Supremo Tribunal Federal (STF) de permitir a venda de subsidi\u00e1rias de estatais sem precisar de autoriza\u00e7\u00e3o legislativa foi comemorada pela equipe econ\u00f4mica. A aposta \u00e9 de que vai se acelerar a venda de participa\u00e7\u00e3o de empresas penduradas na Petrobras. Hoje, s\u00e3o mais de 20.<\/p>\n<h2>\n<strong>Marca<\/strong><\/h2>\n<p>A pressa dos congressistas para aprovar o pacote de mudan\u00e7as no marco regulat\u00f3rio da minera\u00e7\u00e3o assustou o governo. A vota\u00e7\u00e3o foi adiada, e n\u00e3o h\u00e1 prazo fechado para delibera\u00e7\u00e3o. Tudo o que os defensores dos projetos desejam \u00e9 que eles v\u00e3o a voto. \u201c\u00c9 simples: quem estiver contra que vote e deixe claro que est\u00e1 a favor das mineradoras\u201d, comentou o deputado J\u00falio Delgado (PSB-MG).<\/p>\n<h2>\n<strong>\u00c9 por ali<\/strong><\/h2>\n<p>O fato de o governador da Bahia, Rui Costa (PT), ter se recusado a assinar a carta pedindo para incluir os estados na reforma previdenci\u00e1ria tem um jogo pol\u00edtico: se diferenciar do partido do prefeito de Salvador, ACM Neto, que defende a reforma.<\/p>\n<blockquote><p>\u201cVamos votar o que for importante para o pa\u00eds, mas n\u00e3o seremos subservientes ao ponto de fazer tudo o que o governo manda\u201d<\/p><\/blockquote>\n<p style=\"text-align: right\"><strong>Do l\u00edder do PL, Wellington Roberto, que, na pr\u00f3xima semana, se dedicar\u00e1 a buscar votos para o projeto do partido de reforma da Previd\u00eancia<\/strong><\/p>\n<p><strong>FHC no TCU\/<\/strong> A s\u00e9rie de di\u00e1logos dos servidores do Tribunal de Contas da Uni\u00e3o recebeu esta semana o ex-presidente Fernando Henrique Cardoso. Democrata at\u00e9 o \u00faltimo fio de cabelo, o ex-presidente considera que a sociedade est\u00e1 participando mais da vida do pa\u00eds e isso \u00e9 positivo. Muitos sa\u00edram de l\u00e1 com a sensa\u00e7\u00e3o de que h\u00e1 luz no fim do t\u00fanel.<\/p>\n<p><strong>Amigos, amigos&#8230;\/<\/strong> \u2026 partidos \u00e0 parte. O senador Reguffe (DF), que continua sem partido, aproveitou o dia da vota\u00e7\u00e3o dos vetos para conversar com o deputado Marcelo Freixo (PSol-RJ). Reguffe, por\u00e9m, jura que n\u00e3o tem qualquer rela\u00e7\u00e3o com seu futuro pol\u00edtico. Discutiam as pautas das duas Casas. Ah\u00e3.<\/p>\n<p><strong>Vai mudar\/<\/strong> Pelo jeit\u00e3o dos discursos dos parlamentares, o projeto de lei que muda parte do C\u00f3digo Nacional de Tr\u00e2nsito ser\u00e1 alterado. Ontem, foi a vez do deputado Alexandre Frota (PSL-SP) usar a tribuna para dizer que discorda do fim do exame toxicol\u00f3gico. \u201cTinha que ser a cada tr\u00eas meses\u201d, afirmou.<\/p>\n<p><strong>Olho na cor\/<\/strong> Os deputados n\u00e3o perdem uma. Mal saiu a not\u00edcia sobre o interesse da ministra Damares Alves em se casar novamente, eles brincavam com os colegas: \u201cSe quiser ir l\u00e1, nada de camisa rosa!\u201d.<\/p>\n","protected":false},"excerpt":{"rendered":"<p>Coluna Bras\u00edlia-DF Enquanto os l\u00edderes do governo cuidam de criar um ambiente favor\u00e1vel \u00e0 aprova\u00e7\u00e3o do cr\u00e9dito suplementar de R$ 248 bilh\u00f5es ao Or\u00e7amento da Uni\u00e3o, as c\u00fapulas da C\u00e2mara e do Senado se dedicam aos preparativos para instalar rapidamente a Comiss\u00e3o Parlamentar Mista de Inqu\u00e9rito do Cyberbullying. Desta vez, diferentemente de CPI dos Crimes Cibern\u00e9ticos de 2015\/2016, a Comiss\u00e3o [&hellip;]<\/p>\n","protected":false},"author":29,"featured_media":3721,"comment_status":"closed","ping_status":"closed","sticky":false,"template":"","format":"standard","meta":{"footnotes":""},"categories":[4],"tags":[],"class_list":["post-3720","post","type-post","status-publish","format-standard","has-post-thumbnail","hentry","category-coluna-brasilia-df"],"_links":{"self":[{"href":"https:\/\/blogs.correiobraziliense.com.br\/denise\/wp-json\/wp\/v2\/posts\/3720","targetHints":{"allow":["GET"]}}],"collection":[{"href":"https:\/\/blogs.correiobraziliense.com.br\/denise\/wp-json\/wp\/v2\/posts"}],"about":[{"href":"https:\/\/blogs.correiobraziliense.com.br\/denise\/wp-json\/wp\/v2\/types\/post"}],"author":[{"embeddable":true,"href":"https:\/\/blogs.correiobraziliense.com.br\/denise\/wp-json\/wp\/v2\/users\/29"}],"replies":[{"embeddable":true,"href":"https:\/\/blogs.correiobraziliense.com.br\/denise\/wp-json\/wp\/v2\/comments?post=3720"}],"version-history":[{"count":1,"href":"https:\/\/blogs.correiobraziliense.com.br\/denise\/wp-json\/wp\/v2\/posts\/3720\/revisions"}],"predecessor-version":[{"id":3722,"href":"https:\/\/blogs.correiobraziliense.com.br\/denise\/wp-json\/wp\/v2\/posts\/3720\/revisions\/3722"}],"wp:featuredmedia":[{"embeddable":true,"href":"https:\/\/blogs.correiobraziliense.com.br\/denise\/wp-json\/wp\/v2\/media\/3721"}],"wp:attachment":[{"href":"https:\/\/blogs.correiobraziliense.com.br\/denise\/wp-json\/wp\/v2\/media?parent=3720"}],"wp:term":[{"taxonomy":"category","embeddable":true,"href":"https:\/\/blogs.correiobraziliense.com.br\/denise\/wp-json\/wp\/v2\/categories?post=3720"},{"taxonomy":"post_tag","embeddable":true,"href":"https:\/\/blogs.correiobraziliense.com.br\/denise\/wp-json\/wp\/v2\/tags?post=3720"}],"curies":[{"name":"wp","href":"https:\/\/api.w.org\/{rel}","templated":true}]}}