{"id":3715,"date":"2019-06-06T07:59:44","date_gmt":"2019-06-06T10:59:44","guid":{"rendered":"https:\/\/blogs.correiobraziliense.com.br\/denise\/?p=3715"},"modified":"2019-06-06T12:31:04","modified_gmt":"2019-06-06T15:31:04","slug":"governo-aprovara-credito-suplementar-desde-que-o-vincule-a-saude","status":"publish","type":"post","link":"https:\/\/blogs.correiobraziliense.com.br\/denise\/governo-aprovara-credito-suplementar-desde-que-o-vincule-a-saude\/","title":{"rendered":"Governo aprovar\u00e1 cr\u00e9dito suplementar desde que o vincule \u00e0 sa\u00fade e \u00e0 educa\u00e7\u00e3o"},"content":{"rendered":"<p><strong>Coluna Bras\u00edlia-DF<\/strong><\/p>\n<p>O c\u00e1lculo dos parlamentares \u00e9 de que o governo, apesar dos problemas de articula\u00e7\u00e3o pol\u00edtica, conseguir\u00e1 aprovar o cr\u00e9dito suplementar de R$ 248 bilh\u00f5es no \u00faltimo minuto, desde que amarre a dota\u00e7\u00e3o a programas sociais, em especial, sa\u00fade e educa\u00e7\u00e3o. Se n\u00e3o for assim, n\u00e3o vai. Afinal, ningu\u00e9m quer ser respons\u00e1vel por deixar os programas sociais \u00e0 m\u00edngua.<\/p>\n<p>\u00bb \u00bb \u00bb<\/p>\n<p>Enquanto a l\u00edder do governo, Joice Hasselmann (PSL-SP), dizia na tribuna que tinha acordo fechado com os l\u00edderes partid\u00e1rios para vota\u00e7\u00e3o dos vetos, esses mesmos l\u00edderes afirmavam ao fundo do plen\u00e1rio que n\u00e3o haviam feito qualquer acerto para apreciar os vetos. \u201cEu n\u00e3o fechei acordo nenhum, votamos conforme definido ontem em reuni\u00e3o de bancada\u201d, disse \u00e0 coluna o l\u00edder do DEM, Elmar Nascimento. \u201cAcordo, que acordo?\u201d, perguntava-se o l\u00edder do PL, Wellington Roberto. Outros partidos seguiram na mesma linha. Para completar, o PSL distribuiu uma c\u00e9dula diferente daquela apresentada pela l\u00edder do governo. Nos bastidores, os deputados se perguntavam: se est\u00e1 assim agora, imagine quando chegar a reforma da Previd\u00eancia.<\/p>\n<h2><strong>Derrota de Raquel<\/strong><\/h2>\n<p>A procuradora-geral da Rep\u00fablica, Raquel Dodge, n\u00e3o conseguiu emplacar a lista tr\u00edplice dos seus sonhos para o Conselho Nacional do Minist\u00e9rio P\u00fablico (CNMP). Ela torcia por Denise Abade, Caroline da Mata e Darlan Dias. O mais votado foi S\u00edlvio Roberto Amorim J\u00fanior, com 723 votos. Darlan ficou em segundo, com 384, seguido por Andr\u00e9 Libonati, 336. S\u00edlvio ficou com 82,07% dos votos v\u00e1lidos.<\/p>\n<h2><strong>Modo de fazer<\/strong><\/h2>\n<p>Quem acompanha o dia a dia da pol\u00edtica n\u00e3o se esquece. Em abril, dias depois de Hildo Rocha (MDB-MA) ser nomeado relator do cr\u00e9dito adicional de R$ 248 bilh\u00f5es, o governo exonerou Marco Ant\u00f4nio Toccolini do cargo de secret\u00e1rio especial de Sa\u00fade Ind\u00edgena. Era indicado justamente pelo relator do texto mais importante hoje para o Poder Executivo.<\/p>\n<h2><strong>Enquanto isso, no Senado&#8230;<\/strong><\/h2>\n<p>Os senadores est\u00e3o em busca de uma pauta que possa dar protagonismo \u00e0 Casa. At\u00e9 aqui, n\u00e3o encontraram. A lei do saneamento, que estar\u00e1 em pauta hoje, ainda n\u00e3o \u00e9 vista como aquela proposta para dar visibilidade \u00e0 Casa.<\/p>\n<h2><strong>O que vem por a\u00ed<\/strong><\/h2>\n<p>Com a emenda constitucional do Or\u00e7amento Impositivo prestes a ser sancionada, o governo perde mais for\u00e7a na hora de dizer que obras devem ser prioridade no pa\u00eds. \u00c9 o Congresso respondendo ao desgaste que o Poder Executivo tentou impor aos parlamentares desde o in\u00edcio do governo.<\/p>\n<h2><strong>CURTIDAS<\/strong><\/h2>\n<p><strong>F\u00edsico, dez<\/strong>\/ O senador Major Ol\u00edmpio (PSL-SP) mostrou que, pelo menos, est\u00e1 com um bom condicionamento f\u00edsico. Assim que se deu conta da manuten\u00e7\u00e3o do veto da equipara\u00e7\u00e3o dos agentes penitenci\u00e1rios com trabalho policial, ele correu ao plen\u00e1rio, furioso.<\/p>\n<p><strong>Experi\u00eancia pol\u00edtica&#8230;<\/strong>\/ &#8230;Faltou. Quem est\u00e1 acostumado a an\u00e1lise de vetos, avisa: essa hist\u00f3ria de vota\u00e7\u00e3o em c\u00e9dula deve ser acompanhada bem de perto. N\u00e3o houve, at\u00e9 hoje, um governo ou parlamentar que n\u00e3o tivesse sido pego de surpresa com o resultado dessas vota\u00e7\u00f5es em bloco.<\/p>\n<p><strong>Conta comigo<\/strong>\/ Ao levar o projeto da nova carteira de motorista ao Congresso, o presidente Jair Bolsonaro ganhou a simpatia de taxistas e caminhoneiros. S\u00e3o duas categorias que v\u00e3o para as ruas defend\u00ea-lo, se forem chamados.<\/p>\n<p><strong>J\u00e1 a Sociedade Brasileira de Pediatria&#8230;<\/strong>\/ A quest\u00e3o da cadeira apropriada para levar as crian\u00e7as foi considerada o maior trope\u00e7o. Est\u00e1 forte a press\u00e3o para que o presidente volte atr\u00e1s \u201cnisso da\u00ed\u201d at\u00e9 dentro do PSL.<\/p>\n","protected":false},"excerpt":{"rendered":"<p>Coluna Bras\u00edlia-DF O c\u00e1lculo dos parlamentares \u00e9 de que o governo, apesar dos problemas de articula\u00e7\u00e3o pol\u00edtica, conseguir\u00e1 aprovar o cr\u00e9dito suplementar de R$ 248 bilh\u00f5es no \u00faltimo minuto, desde que amarre a dota\u00e7\u00e3o a programas sociais, em especial, sa\u00fade e educa\u00e7\u00e3o. Se n\u00e3o for assim, n\u00e3o vai. Afinal, ningu\u00e9m quer ser respons\u00e1vel por deixar os programas sociais \u00e0 m\u00edngua. [&hellip;]<\/p>\n","protected":false},"author":29,"featured_media":3716,"comment_status":"closed","ping_status":"closed","sticky":false,"template":"","format":"standard","meta":{"footnotes":""},"categories":[4],"tags":[],"class_list":["post-3715","post","type-post","status-publish","format-standard","has-post-thumbnail","hentry","category-coluna-brasilia-df"],"_links":{"self":[{"href":"https:\/\/blogs.correiobraziliense.com.br\/denise\/wp-json\/wp\/v2\/posts\/3715","targetHints":{"allow":["GET"]}}],"collection":[{"href":"https:\/\/blogs.correiobraziliense.com.br\/denise\/wp-json\/wp\/v2\/posts"}],"about":[{"href":"https:\/\/blogs.correiobraziliense.com.br\/denise\/wp-json\/wp\/v2\/types\/post"}],"author":[{"embeddable":true,"href":"https:\/\/blogs.correiobraziliense.com.br\/denise\/wp-json\/wp\/v2\/users\/29"}],"replies":[{"embeddable":true,"href":"https:\/\/blogs.correiobraziliense.com.br\/denise\/wp-json\/wp\/v2\/comments?post=3715"}],"version-history":[{"count":3,"href":"https:\/\/blogs.correiobraziliense.com.br\/denise\/wp-json\/wp\/v2\/posts\/3715\/revisions"}],"predecessor-version":[{"id":3719,"href":"https:\/\/blogs.correiobraziliense.com.br\/denise\/wp-json\/wp\/v2\/posts\/3715\/revisions\/3719"}],"wp:featuredmedia":[{"embeddable":true,"href":"https:\/\/blogs.correiobraziliense.com.br\/denise\/wp-json\/wp\/v2\/media\/3716"}],"wp:attachment":[{"href":"https:\/\/blogs.correiobraziliense.com.br\/denise\/wp-json\/wp\/v2\/media?parent=3715"}],"wp:term":[{"taxonomy":"category","embeddable":true,"href":"https:\/\/blogs.correiobraziliense.com.br\/denise\/wp-json\/wp\/v2\/categories?post=3715"},{"taxonomy":"post_tag","embeddable":true,"href":"https:\/\/blogs.correiobraziliense.com.br\/denise\/wp-json\/wp\/v2\/tags?post=3715"}],"curies":[{"name":"wp","href":"https:\/\/api.w.org\/{rel}","templated":true}]}}