{"id":3712,"date":"2019-06-05T08:15:28","date_gmt":"2019-06-05T11:15:28","guid":{"rendered":"https:\/\/blogs.correiobraziliense.com.br\/denise\/?p=3712"},"modified":"2019-06-05T08:15:28","modified_gmt":"2019-06-05T11:15:28","slug":"congressistas-querem-o-toma-la-da-ca-para-aprovar-credito-suplementar","status":"publish","type":"post","link":"https:\/\/blogs.correiobraziliense.com.br\/denise\/congressistas-querem-o-toma-la-da-ca-para-aprovar-credito-suplementar\/","title":{"rendered":"Congressistas querem o &#8216;toma l\u00e1 d\u00e1 c\u00e1&#8217; para aprovar cr\u00e9dito suplementar"},"content":{"rendered":"<p><strong>Coluna Bras\u00edlia-DF<\/strong><\/p>\n<p>Depois de muita conversa e estudos, congressistas que s\u00e3o da base do governo, e alguns mais independentes, chegam ao meio da semana dispostos a aprovar o cr\u00e9dito suplementar de R$ 248 bilh\u00f5es, sem redu\u00e7\u00e3o de valores. Mas, antes de ceder o cr\u00e9dito, querem aprovar o Or\u00e7amento Impositivo, ou seja, o que o Congresso recomendar em termos de or\u00e7amento ter\u00e1 que ser executado pelo governo. Assim, o governo n\u00e3o ter\u00e1 folga no ano que vem.<\/p>\n<h2>\n<strong>Sem pressa<\/strong><\/h2>\n<p>Os senadores simplesmente se esqueceram do Conselho de \u00c9tica da Casa. Em conversas reservadas, alguns dizem que, antes da instala\u00e7\u00e3o do colegiado, \u00e9 preciso \u201cacalmar os \u00e2nimos\u201d. Em outras palavras, saber para onde v\u00e3o as investiga\u00e7\u00f5es a respeito de Fabr\u00edcio Queiroz, ex-assessor do senador Fl\u00e1vio Bolsonaro nos tempos em que 01 era deputado estadual no Rio de Janeiro.<\/p>\n<h2>\n<strong>Olho no olho<\/strong><\/h2>\n<p>O presidente Jair Bolsonaro teve outra conversa daquelas de p\u00e9 de ouvido com o presidente da C\u00e2mara, Rodrigo Maia. A avalia\u00e7\u00e3o geral \u00e9 de que o governo come\u00e7a a respirar, apesar dos percal\u00e7os.<\/p>\n<h2>\n<strong>O DEM que incomoda<\/strong><\/h2>\n<p>Os partidos potenciais aliados do presidente Jair Bolsonaro est\u00e3o para l\u00e1 de irritados com o Democratas. \u00c9 que, vira e mexe, o partido dos presidentes das duas Casas Legislativas, senador Davi Alcolumbre e deputado Rodrigo Maia, e do ministro do Gabinete Civil, Onyx Lorenzoni, tiram prefeitos de legendas \u201camigas\u201d do governo.<\/p>\n<h2>\n<strong>Assim, n\u00e3o vai<\/strong><\/h2>\n<p>Com essas incurs\u00f5es do DEM sobre prefeitos de outros partidos, Jair Bolsonaro pode ir ao Congresso quanta vezes quiser que o humor da turma n\u00e3o mudar\u00e1. E, se brincar, vai ter muita gente colocando a culpa no Poder Executivo.<\/p>\n<h2>\n<strong>Mudan\u00e7a de lema<\/strong><\/h2>\n<p>A recomenda\u00e7\u00e3o do Minist\u00e9rio P\u00fablico para que o ex-presidente Luiz In\u00e1cio Lula da Silva v\u00e1 para o regime semiaberto \u00e9 vista pelo PT como uma boa not\u00edcia, mas, politicamente, deixa a desejar. Afinal, tira for\u00e7a do \u201cLula Livre\u201d, sem que o petista deixe de fato a cadeia. O partido agora estar\u00e1 dedicado a como trabalhar essa nova situa\u00e7\u00e3o do ponto de vista pol\u00edtico.<\/p>\n<h2>\n<strong>Alegria de pobre dura pouco<\/strong><\/h2>\n<p>Muitos petistas consideram que pode ocorrer com Lula o mesmo que houve com Jos\u00e9 Dirceu. O ex-ministro saiu da cadeia, mas teve que voltar por causa de outro processo. Lula ainda tem contra ele um leque de a\u00e7\u00f5es, inclusive a do s\u00edtio de Atibaia, ou seja, n\u00e3o adianta ficar muito euf\u00f3rico com essa quase-liberdade.<\/p>\n<p><strong>Agarrem-se no servi\u00e7o!<\/strong>\/ Se os governadores quiserem deixar seus estados na reforma da Previd\u00eancia, ter\u00e3o que correr atr\u00e1s de votos e botar a cara para defender a proposta.<\/p>\n<p><strong>Mour\u00e3o, China e excel\u00eancias\/<\/strong> O vice-presidente, Hamilton Mour\u00e3o, jantou com toda a frente parlamentar Brasil-China, ontem, no clube do Ex\u00e9rcito. Isso depois de passar boa parte da<br \/>\ntarde recebendo deputados no Planalto.<\/p>\n<p><strong>O corpo fala<\/strong>\/ A express\u00e3o de Rodrigo Maia ao lado de Jair Bolsonaro deixou claro para muitos que n\u00e3o era a prioridade n\u00famero um do pa\u00eds a pauta de ampliar a validade da carteira de motorista e, de quebra, acabar com a multa para quem n\u00e3o conduz crian\u00e7a em cadeirinhas apropriadas.<\/p>\n<p><strong>Por falar em Bolsonaro&#8230;<\/strong>\/ Os deputados e senadores t\u00eam dito que Carlos, o 02, est\u00e1 mais recolhido. Agora o tratam assim: \u201cA crise deu um tempo\u201d. Por quanto tempo \u00e9 que n\u00e3o se sabe.<\/p>\n","protected":false},"excerpt":{"rendered":"<p>Coluna Bras\u00edlia-DF Depois de muita conversa e estudos, congressistas que s\u00e3o da base do governo, e alguns mais independentes, chegam ao meio da semana dispostos a aprovar o cr\u00e9dito suplementar de R$ 248 bilh\u00f5es, sem redu\u00e7\u00e3o de valores. Mas, antes de ceder o cr\u00e9dito, querem aprovar o Or\u00e7amento Impositivo, ou seja, o que o Congresso recomendar em termos de or\u00e7amento [&hellip;]<\/p>\n","protected":false},"author":29,"featured_media":3713,"comment_status":"closed","ping_status":"closed","sticky":false,"template":"","format":"standard","meta":{"footnotes":""},"categories":[4],"tags":[],"class_list":["post-3712","post","type-post","status-publish","format-standard","has-post-thumbnail","hentry","category-coluna-brasilia-df"],"_links":{"self":[{"href":"https:\/\/blogs.correiobraziliense.com.br\/denise\/wp-json\/wp\/v2\/posts\/3712","targetHints":{"allow":["GET"]}}],"collection":[{"href":"https:\/\/blogs.correiobraziliense.com.br\/denise\/wp-json\/wp\/v2\/posts"}],"about":[{"href":"https:\/\/blogs.correiobraziliense.com.br\/denise\/wp-json\/wp\/v2\/types\/post"}],"author":[{"embeddable":true,"href":"https:\/\/blogs.correiobraziliense.com.br\/denise\/wp-json\/wp\/v2\/users\/29"}],"replies":[{"embeddable":true,"href":"https:\/\/blogs.correiobraziliense.com.br\/denise\/wp-json\/wp\/v2\/comments?post=3712"}],"version-history":[{"count":1,"href":"https:\/\/blogs.correiobraziliense.com.br\/denise\/wp-json\/wp\/v2\/posts\/3712\/revisions"}],"predecessor-version":[{"id":3714,"href":"https:\/\/blogs.correiobraziliense.com.br\/denise\/wp-json\/wp\/v2\/posts\/3712\/revisions\/3714"}],"wp:featuredmedia":[{"embeddable":true,"href":"https:\/\/blogs.correiobraziliense.com.br\/denise\/wp-json\/wp\/v2\/media\/3713"}],"wp:attachment":[{"href":"https:\/\/blogs.correiobraziliense.com.br\/denise\/wp-json\/wp\/v2\/media?parent=3712"}],"wp:term":[{"taxonomy":"category","embeddable":true,"href":"https:\/\/blogs.correiobraziliense.com.br\/denise\/wp-json\/wp\/v2\/categories?post=3712"},{"taxonomy":"post_tag","embeddable":true,"href":"https:\/\/blogs.correiobraziliense.com.br\/denise\/wp-json\/wp\/v2\/tags?post=3712"}],"curies":[{"name":"wp","href":"https:\/\/api.w.org\/{rel}","templated":true}]}}