{"id":3707,"date":"2019-06-04T08:14:58","date_gmt":"2019-06-04T11:14:58","guid":{"rendered":"https:\/\/blogs.correiobraziliense.com.br\/denise\/?p=3707"},"modified":"2019-06-04T08:18:20","modified_gmt":"2019-06-04T11:18:20","slug":"agencias-reguladoras-viram-alvo-de-militares","status":"publish","type":"post","link":"https:\/\/blogs.correiobraziliense.com.br\/denise\/agencias-reguladoras-viram-alvo-de-militares\/","title":{"rendered":"Ag\u00eancias reguladoras viram alvo de militares"},"content":{"rendered":"<p><strong>Coluna Bras\u00edlia-DF<\/strong><\/p>\n<p>Objeto de desejo dos partidos pol\u00edticos, os cargos de diretores das ag\u00eancias reguladoras entraram no radar dos militares da reserva, da mesma forma que outros postos do governo. A briga promete ser grande. S\u00e3o oito vagas distribu\u00eddas em sete ag\u00eancias at\u00e9 o final do ano: uma na Nacional de \u00c1guas (Ana), uma na de Avia\u00e7\u00e3o Civil (Anac), uma na de Cinema (Ancine), uma na de Telecomunica\u00e7\u00f5es (Anatel), uma na de Sa\u00fade (ANS) e duas na de Vigil\u00e2ncia Sanit\u00e1ria (Anvisa).<\/p>\n<p>\u00bb \u00bb \u00bb<\/p>\n<p>A primeira indica\u00e7\u00e3o, a da Ag\u00eancia Nacional de Transportes Terrestres (ANTT), que j\u00e1 est\u00e1 no Congresso, passou antes da mobiliza\u00e7\u00e3o dos pol\u00edticos e dos militares. A indica\u00e7\u00e3o do ministro Tarc\u00edsio Freitas foi o engenheiro Davi Barreto, graduado em engenharia eletr\u00f4nica pelo Instituto Tecnol\u00f3gico da Aeron\u00e1utica (ITA), com mestrado em economia pela Universidade de Bras\u00edlia.<\/p>\n<h2><strong>Oposi\u00e7\u00e3o dividida<\/strong><\/h2>\n<p>Um senador reclamava ontem que, gra\u00e7as \u00e0 \u201coposi\u00e7\u00e3o consentida\u201d do l\u00edder da Rede Solidariedade, Randolfe Rodrigues, o governo conseguiria aprovar a Medida Provis\u00f3ria 871 \u2014 que pretende criar instrumentos para evitar as fraudes no INSS. Ali\u00e1s, o governo tem contado com uma certa ajuda de oposicionistas em temas importantes e espera contar em outros.<\/p>\n<h2><strong>E agora, Centr\u00e3o?<\/strong><\/h2>\n<p>Com o DEM e o PSDB dispostos a fechar quest\u00e3o a favor da reforma da Previd\u00eancia, n\u00e3o \u00e9 s\u00f3 o PSL que ser\u00e1 chamado a fazer o mesmo. Vir\u00e1 press\u00e3o tamb\u00e9m sobre o chamado Centr\u00e3o \u2014 PP, PL e outros. H\u00e1 quem diga que, se esse grupo ficar totalmente contra o projeto a ser apresentado pelo relator, Samuel Moreira (PSDB-SP), vai se expor como a turma do toma l\u00e1 d\u00e1 c\u00e1.<\/p>\n<h2><strong>Agora, chega<\/strong><\/h2>\n<p>Depois da sess\u00e3o de ontem, de MP a toque de caixa no Senado, os senadores querem pressionar para acabar com essa urg\u00eancia de n\u00e3o ter tempo de analisar os textos. S\u00f3 tem um probleminha: ainda h\u00e1, pelo menos, tr\u00eas medidas nessa situa\u00e7\u00e3o.<\/p>\n<h2><strong>Tem para todos<\/strong><\/h2>\n<p>Disposto a conter a briga no MDB pela vice-presid\u00eancia do partido, o comandante da sigla, Romero Juc\u00e1, criou quatro vices na nova estrutura, cada um com uma fun\u00e7\u00e3o: articula\u00e7\u00e3o e comunica\u00e7\u00e3o, mobiliza\u00e7\u00e3o, assuntos legislativos e rela\u00e7\u00f5es internacionais.<\/p>\n<h2><strong>S\u00f3 fica um<\/strong><\/h2>\n<p>A escolha do vice que substituir\u00e1 o futuro presidente da sigla, caso o escolhido seja um governador, ser\u00e1 feita pela comiss\u00e3o executiva do partido. H\u00e1 quem diga que Juc\u00e1 cortou esse terno sob medida para que possa continuar na condu\u00e7\u00e3o da legenda. Por\u00e9m, todos podem ter essa miss\u00e3o. Basta ter votos na Executiva.<\/p>\n<p><strong>Sapatada na l\u00edder&#8230;\/<\/strong> Algu\u00e9m, entretanto, se esqueceu de avisar a l\u00edder Joice Hasselmann da m\u00e3ozinha que a oposi\u00e7\u00e3o pode dar. No Maranh\u00e3o, s\u00e1bado, ela irritou senadores e deputados aliados do governador Fl\u00e1vio Dino e cruciais para ajudar o governo a aprovar o cr\u00e9dito de R$ 248 bilh\u00f5es ainda esta semana (ainda que fique em R$ 92 bilh\u00f5es). Ela disse que Dino precisava \u201ctrabalhar\u201d e aconselhou os maranhenses a \u201ctrocar o governo\u201d<br \/>\ndo estado.<\/p>\n<p><strong>\u2026 vai respingar no governo\/<\/strong> Eliziane Gama, l\u00edder do Cidadania, e Weverton, do PDT, esperam o apoio de Dino para concorrer \u00e0 sucess\u00e3o dele no estado. S\u00e3o solid\u00e1rios ao governador. N\u00e3o \u00e9 hora de l\u00edder bater na oposi\u00e7\u00e3o que pode ajudar a aprovar as propostas do governo.<\/p>\n<p><strong>Por falar em R$ 92 bilh\u00f5es&#8230;\/<\/strong> A briga hoje na Comiss\u00e3o Mista de Or\u00e7amento promete. Afinal, sem os R$ 248 bilh\u00f5es, ou mesmo os R$ 146 bilh\u00f5es, o governo ficar\u00e1 ref\u00e9m do Congresso a cada dia que gastar mais do que deve.<\/p>\n<p><strong>Debate n\u00e3o falta\/<\/strong> Nunca se discutiram tanto as perspectivas de crescimento do pa\u00eds. O presidente da C\u00e2mara, Rodrigo Maia, o do Senado, Davi Alcolumbre, e o ministro da Economia, Paulo Guedes, abrem hoje, \u00e0s 19h, o 9\u00ba Semin\u00e1rio Internacional de Administra\u00e7\u00e3o P\u00fablica e Economia, no Instituto Brasiliense de Direito P\u00fablico (IDP), com o ministro do Supremo Tribunal Federal Gilmar Mendes. Na pauta, a agenda de reformas e a volta do crescimento.<\/p>\n","protected":false},"excerpt":{"rendered":"<p>Coluna Bras\u00edlia-DF Objeto de desejo dos partidos pol\u00edticos, os cargos de diretores das ag\u00eancias reguladoras entraram no radar dos militares da reserva, da mesma forma que outros postos do governo. A briga promete ser grande. S\u00e3o oito vagas distribu\u00eddas em sete ag\u00eancias at\u00e9 o final do ano: uma na Nacional de \u00c1guas (Ana), uma na de Avia\u00e7\u00e3o Civil (Anac), uma [&hellip;]<\/p>\n","protected":false},"author":29,"featured_media":3709,"comment_status":"closed","ping_status":"closed","sticky":false,"template":"","format":"standard","meta":{"footnotes":""},"categories":[4],"tags":[],"class_list":["post-3707","post","type-post","status-publish","format-standard","has-post-thumbnail","hentry","category-coluna-brasilia-df"],"_links":{"self":[{"href":"https:\/\/blogs.correiobraziliense.com.br\/denise\/wp-json\/wp\/v2\/posts\/3707","targetHints":{"allow":["GET"]}}],"collection":[{"href":"https:\/\/blogs.correiobraziliense.com.br\/denise\/wp-json\/wp\/v2\/posts"}],"about":[{"href":"https:\/\/blogs.correiobraziliense.com.br\/denise\/wp-json\/wp\/v2\/types\/post"}],"author":[{"embeddable":true,"href":"https:\/\/blogs.correiobraziliense.com.br\/denise\/wp-json\/wp\/v2\/users\/29"}],"replies":[{"embeddable":true,"href":"https:\/\/blogs.correiobraziliense.com.br\/denise\/wp-json\/wp\/v2\/comments?post=3707"}],"version-history":[{"count":2,"href":"https:\/\/blogs.correiobraziliense.com.br\/denise\/wp-json\/wp\/v2\/posts\/3707\/revisions"}],"predecessor-version":[{"id":3710,"href":"https:\/\/blogs.correiobraziliense.com.br\/denise\/wp-json\/wp\/v2\/posts\/3707\/revisions\/3710"}],"wp:featuredmedia":[{"embeddable":true,"href":"https:\/\/blogs.correiobraziliense.com.br\/denise\/wp-json\/wp\/v2\/media\/3709"}],"wp:attachment":[{"href":"https:\/\/blogs.correiobraziliense.com.br\/denise\/wp-json\/wp\/v2\/media?parent=3707"}],"wp:term":[{"taxonomy":"category","embeddable":true,"href":"https:\/\/blogs.correiobraziliense.com.br\/denise\/wp-json\/wp\/v2\/categories?post=3707"},{"taxonomy":"post_tag","embeddable":true,"href":"https:\/\/blogs.correiobraziliense.com.br\/denise\/wp-json\/wp\/v2\/tags?post=3707"}],"curies":[{"name":"wp","href":"https:\/\/api.w.org\/{rel}","templated":true}]}}