{"id":3701,"date":"2019-05-31T08:07:18","date_gmt":"2019-05-31T11:07:18","guid":{"rendered":"https:\/\/blogs.correiobraziliense.com.br\/denise\/?p=3701"},"modified":"2019-05-31T08:07:18","modified_gmt":"2019-05-31T11:07:18","slug":"lideres-partidarios-querem-liberar-credito-suplementar-em-suaves-prestacoes","status":"publish","type":"post","link":"https:\/\/blogs.correiobraziliense.com.br\/denise\/lideres-partidarios-querem-liberar-credito-suplementar-em-suaves-prestacoes\/","title":{"rendered":"L\u00edderes partid\u00e1rios querem liberar cr\u00e9dito suplementar em suaves presta\u00e7\u00f5es"},"content":{"rendered":"<h6><strong>Coluna Bras\u00edlia-DF<\/strong><\/h6>\n<p>A tend\u00eancia dos l\u00edderes partid\u00e1rios \u00e9 de reduzir para R$ 92 bilh\u00f5es o cr\u00e9dito suplementar de R$ 248 bilh\u00f5es pedidos pelo governo para fechar as contas deste ano. O valor \u00e9 o mais baixo do card\u00e1pio oferecido pelo relator, deputado Hildo Rocha (MDB-MA). Assim, dizem alguns l\u00edderes, o Poder Executivo ser\u00e1 obrigado a pedir novo cr\u00e9dito em setembro, caso a arrecada\u00e7\u00e3o continue modesta.<\/p>\n<p>A ideia \u00e9 n\u00e3o deixar o governo deitar em ber\u00e7o espl\u00eandido. Sem todos os recursos pedidos para este ano \u2014 um m\u00ednimo de R$ 146 bilh\u00f5es dos R$ 248 bilh\u00f5es solicitados no cr\u00e9dito suplementar \u2014, o Executivo continuar\u00e1 dependente dos parlamentares no segundo semestre, quando a reforma da Previd\u00eancia estar\u00e1 praticamente definida.<\/p>\n<h2>\n<strong>\u201cAcordo, que acordo?\u201d<\/strong><\/h2>\n<p>Quem teve a curiosidade de perguntar aos integrantes do DEM se est\u00e1 fechado o acordo para que o l\u00edder do PP, Arthur Lyra, seja o sucessor de Rodrigo Maia na Presid\u00eancia da C\u00e2mara no futuro pr\u00f3ximo, a resposta se resumia a dois pontos. 1) \u00c9 cedo para tratar do assunto. 2) N\u00e3o h\u00e1 essa hip\u00f3tese.<\/p>\n<h2>\n<strong>Diferen\u00e7a marcante I<\/strong><\/h2>\n<p>Grande parte dos discursos na conven\u00e7\u00e3o do DEM lembrou uma diferen\u00e7a importante entre a sigla e os partidos do Centr\u00e3o. Nos governos Lula e Dilma, o DEM esteve na oposi\u00e7\u00e3o e<br \/>\nficou menor. PP, PR (hoje PL), PTB e PSD foram parceiros<br \/>\ndos petistas.<\/p>\n<h2>\n<strong>Diferen\u00e7a marcante II<\/strong><\/h2>\n<p>O DEM n\u00e3o vai apoiar o governo Bolsonaro como um todo e, sim, a agenda de reformas e os ministros do partido. Esse \u00e9 o ponto de equil\u00edbrio. Quanto \u00e0 volta de Bolsonaro para o Democratas, cogitada pelo ministro Onyx Lorenzoni, a maioria considera que o futuro a Deus pertence.<\/p>\n<h2>\n<strong>Mexeu com ele\u2026<\/strong><\/h2>\n<p>&#8230;Mexeu com todos. Apesar das diferen\u00e7as, o ministro da Casa Civil, Onyx Lorenzoni, passou a contar com o apoio de seu partido. A partir de agora, quem quiser balan\u00e7\u00e1-lo no cargo n\u00e3o ter\u00e1 o aval do Democratas.<\/p>\n<p><strong>O corpo fala<\/strong>\/ Enquanto o governador de Goi\u00e1s, Ronaldo Caiado, discursava cobrando uma posi\u00e7\u00e3o mais firme de apoio do DEM \u00e0 gest\u00e3o Bolsonaro, Rodrigo Maia cruzava os bra\u00e7os, um sinal de que n\u00e3o estava aberto para aquela conversa, e mexia o pesco\u00e7o. Ao fim, n\u00e3o aplaudiu.<\/p>\n<p><strong>Ele respira<\/strong>\/ Quando foi citado na conven\u00e7\u00e3o do DEM, Alberto Fraga foi o mais aplaudido pela plateia, lotada de cabos eleitorais do ex-deputado. Em pol\u00edtica, dizem as vozes da experi\u00eancia, at\u00e9 o fundo do po\u00e7o tem mola.<\/p>\n<p><strong>Enquanto isso, no PSDB\u2026<\/strong>\/ Na conven\u00e7\u00e3o de hoje, o PSDB pretende consolidar a lideran\u00e7a do governador de S\u00e3o Paulo, Jo\u00e3o Doria, uma das apostas para o futuro.<\/p>\n<p><strong>Que sirva de exemplo I<\/strong>\/ O DEM, antigo PFL, fez quest\u00e3o de relembrar aqueles que fizeram e fazem sua hist\u00f3ria: Antonio Carlos Magalh\u00e3es, Luiz Eduardo Magalh\u00e3es, Marco Maciel, Jorge Bornhausen, Jos\u00e9 Agripino, Her\u00e1clito Fortes, Jos\u00e9 Carlos Aleluia. Feliz de um partido que n\u00e3o se esquece daqueles que j\u00e1 foram e daqueles que, mesmo sem mandato, t\u00eam muito a contribuir.<\/p>\n<p><strong>Que sirva de exemplo II\/<\/strong> A Multiplan, dona de 18 shoppings no pa\u00eds, incluindo o ParkShopping, entrega hoje 50 motocicletas para a Pol\u00edcia Militar do Rio de Janeiro, justamente no momento em que o estado est\u00e1 impedido de fazer compras b\u00e1sicas por falta de dinheiro no caixa. A doa\u00e7\u00e3o faz parte da filosofia colaborativa da empresa, que n\u00e3o recebe contrapartidas fiscais ou tribut\u00e1rias. A iniciativa \u00e9 inspirada na cultura de empresas norte-americanas e europeias que investem em benfeitorias para a sociedade e seu entorno.<\/p>\n","protected":false},"excerpt":{"rendered":"<p>Coluna Bras\u00edlia-DF A tend\u00eancia dos l\u00edderes partid\u00e1rios \u00e9 de reduzir para R$ 92 bilh\u00f5es o cr\u00e9dito suplementar de R$ 248 bilh\u00f5es pedidos pelo governo para fechar as contas deste ano. O valor \u00e9 o mais baixo do card\u00e1pio oferecido pelo relator, deputado Hildo Rocha (MDB-MA). Assim, dizem alguns l\u00edderes, o Poder Executivo ser\u00e1 obrigado a pedir novo cr\u00e9dito em setembro, [&hellip;]<\/p>\n","protected":false},"author":29,"featured_media":3702,"comment_status":"closed","ping_status":"closed","sticky":false,"template":"","format":"standard","meta":{"footnotes":""},"categories":[4],"tags":[],"class_list":["post-3701","post","type-post","status-publish","format-standard","has-post-thumbnail","hentry","category-coluna-brasilia-df"],"_links":{"self":[{"href":"https:\/\/blogs.correiobraziliense.com.br\/denise\/wp-json\/wp\/v2\/posts\/3701","targetHints":{"allow":["GET"]}}],"collection":[{"href":"https:\/\/blogs.correiobraziliense.com.br\/denise\/wp-json\/wp\/v2\/posts"}],"about":[{"href":"https:\/\/blogs.correiobraziliense.com.br\/denise\/wp-json\/wp\/v2\/types\/post"}],"author":[{"embeddable":true,"href":"https:\/\/blogs.correiobraziliense.com.br\/denise\/wp-json\/wp\/v2\/users\/29"}],"replies":[{"embeddable":true,"href":"https:\/\/blogs.correiobraziliense.com.br\/denise\/wp-json\/wp\/v2\/comments?post=3701"}],"version-history":[{"count":1,"href":"https:\/\/blogs.correiobraziliense.com.br\/denise\/wp-json\/wp\/v2\/posts\/3701\/revisions"}],"predecessor-version":[{"id":3703,"href":"https:\/\/blogs.correiobraziliense.com.br\/denise\/wp-json\/wp\/v2\/posts\/3701\/revisions\/3703"}],"wp:featuredmedia":[{"embeddable":true,"href":"https:\/\/blogs.correiobraziliense.com.br\/denise\/wp-json\/wp\/v2\/media\/3702"}],"wp:attachment":[{"href":"https:\/\/blogs.correiobraziliense.com.br\/denise\/wp-json\/wp\/v2\/media?parent=3701"}],"wp:term":[{"taxonomy":"category","embeddable":true,"href":"https:\/\/blogs.correiobraziliense.com.br\/denise\/wp-json\/wp\/v2\/categories?post=3701"},{"taxonomy":"post_tag","embeddable":true,"href":"https:\/\/blogs.correiobraziliense.com.br\/denise\/wp-json\/wp\/v2\/tags?post=3701"}],"curies":[{"name":"wp","href":"https:\/\/api.w.org\/{rel}","templated":true}]}}