{"id":3698,"date":"2019-05-30T08:03:59","date_gmt":"2019-05-30T11:03:59","guid":{"rendered":"https:\/\/blogs.correiobraziliense.com.br\/denise\/?p=3698"},"modified":"2019-05-30T08:03:59","modified_gmt":"2019-05-30T11:03:59","slug":"so-apos-analisar-vetos-presidenciais-camara-votara-credito-para-salvar-o-orcamento","status":"publish","type":"post","link":"https:\/\/blogs.correiobraziliense.com.br\/denise\/so-apos-analisar-vetos-presidenciais-camara-votara-credito-para-salvar-o-orcamento\/","title":{"rendered":"S\u00f3 ap\u00f3s analisar vetos presidenciais, C\u00e2mara votar\u00e1 cr\u00e9dito para salvar o or\u00e7amento"},"content":{"rendered":"<p><strong>Coluna Bras\u00edlia-DF<\/strong><\/p>\n<p>Se esta semana parlamentar foi marcada pela pressa em votar as medidas provis\u00f3rias, a pr\u00f3xima ser\u00e1 tomada pela mesma correria a fim de analisar os vetos presidenciais. S\u00e3o 211, distribu\u00eddos em 23 leis, das quais 19 (que somam 195 vetos), t\u00eam prioridade de vota\u00e7\u00e3o. S\u00f3 depois de cumprida essa maratona, \u00e9 que o plen\u00e1rio do Congresso estar\u00e1 liberado para votar o cr\u00e9dito de R$ 248 bilh\u00f5es, fundamental para evitar que o governo se veja obrigado a cortar mais despesas ou, ent\u00e3o \u201cpedalar\u201d, como fez Dilma. Se as dificuldades est\u00e3o mesmo no ponto em que revela o secret\u00e1rio do Tesouro, Mansueto Almeida, \u00e9 uma situa\u00e7\u00e3o t\u00e3o urgente quanto a da MP que reestruturou o governo.<\/p>\n<h2><strong>MPs: o pr\u00f3ximo embate<\/strong><\/h2>\n<p>Nem reforma da Previd\u00eancia, nem tribut\u00e1ria. O que promete levar a um confronto forte entre o governo e os partidos na C\u00e2mara s\u00e3o as medidas provis\u00f3rias. Numa reuni\u00e3o fechada ontem \u00e0 noite, deputados do Centr\u00e3o \u2014 sempre ele \u2014 levantaram a hip\u00f3tese de aprovar uma proposta de emenda \u00e0 Constitui\u00e7\u00e3o (PEC) para acabar com esse instituto. Foram dissuadidos, mas a intriga est\u00e1 lan\u00e7ada.<\/p>\n<h2><strong>Por enquanto, apenas um aviso<\/strong><\/h2>\n<p>Os exerc\u00edcios pol\u00edticos, por\u00e9m, n\u00e3o s\u00e3o para j\u00e1. A ordem entre os deputados \u00e9 deixar um leque de possibilidades aberto para que, caso Bolsonaro volte a atuar no \u201cmodo confronto\u201d, eles tenham uma artilharia de defesa pronta. \u00c9 nesse signo da desconfian\u00e7a que termina a semana do pacto entre Poderes, em que o presidente Jair Bolsonaro estendeu a m\u00e3o \u00e0s negocia\u00e7\u00f5es pol\u00edticas republicanas.<\/p>\n<h2><strong>Desgaste precoce<\/strong><\/h2>\n<p>Senadores independentes que votaram em Davi Alcolumbre para presidente do Senado come\u00e7am a ficar decepcionados. Jorge Kajuru PSB-GO) saiu do plen\u00e1rio na noite de ter\u00e7a-feira com um brado: \u201cVolta, Renan!\u201d. Omar Aziz (PSD-AM) foi outro que reclamou, j\u00e1 se dirigindo ao elevador: \u201cEle fez o que tem feito, subservi\u00eancia ao governo\u201d.<\/p>\n<h2><strong>Em cima do lance<\/strong><\/h2>\n<p>O fato de o senador Fernando Collor ter ido para o exterior fazer um curso foi visto por seus colegas como um sinal de que ele sabia o que estava por vir. Pelo menos, est\u00e1 a salvo de passar pelo constrangimento de a Pol\u00edcia Federal bater \u00e0 porta dele.<\/p>\n<h2><strong>Nome ao boi<\/strong><\/h2>\n<p>Todas as vezes que algu\u00e9m tenta incluir o DEM no tal \u201cCentr\u00e3o pejorativo\u201d, os deputados do partido logo contam uma hist\u00f3ria que remonta ao tempo em que Eduardo Cunha, ent\u00e3o presidente da C\u00e2mara, vetou o nome de Rodrigo Maia para l\u00edder do governo. Para completar, ainda lan\u00e7ou um nome do PSD contra o democrata.<\/p>\n<h2><strong>Desse, escapou<\/strong><\/h2>\n<p>Os petistas respiraram aliviados ao saber que Antonio Palocci ficou calado na CPI do BNDES. Embora o partido esteja na muda, uma frase do ex-ministro de Lula e de Dilma sempre coloca a legenda na berlinda novamente.<\/p>\n<p><strong>Coincid\u00eancia divina\/<\/strong> No dia em que o presidente da Confer\u00eancia Nacional dos Bispos do Brasil (CNBB), Dom Walmor, vai ao Planalto se encontrar com o presidente Jair Bolsonaro, o site do petista Luiz In\u00e1cio Lula da Silva divulga uma carta em que o papa Francisco pede ao ex-presidente preso que, diante das duras provas, n\u00e3o desanime e siga confiando em Deus.<\/p>\n<p><strong>Por falar em Lula&#8230;\/<\/strong> O parlamentares notaram que os manifestantes pr\u00f3-Bolsonaro do \u00faltimo domingo n\u00e3o levaram muitos \u201cpixulecos\u201d, aqueles bonecos infl\u00e1veis com Lula vestido de presidi\u00e1rio. H\u00e1 uma avalia\u00e7\u00e3o geral de que esqueceram os petistas e focam em outros alvos.<br \/>\nMeu brother?\/ O abra\u00e7o e a cara de felicidade do ministro Onyx Lorenzoni (foto) para com Rodrigo Maia ontem de manh\u00e3 na C\u00e2mara passou a impress\u00e3o de que est\u00e1 tudo bem entre eles. Quem conhece os dois avisa: foi s\u00f3 impress\u00e3o.<\/p>\n<p><strong>Perca o amigo\/ \u2026<\/strong> Mas n\u00e3o a piada. Deputados e senadores apaixonados por m\u00fasica faziam piada com a carta de Jair Bolsonaro ao presidente do Senado, Davi Alcolumbre, lembrando a m\u00fasica Mensagem, que a turma com menos de 60 conhece na voz de Maria Beth\u00e2nia. \u201cQuando o carteiro chegou\u2026 (&#8230;) vendo o envelope bonito\/o seu sobrescrito eu reconheci\/ a mesma caligrafia que me disse um dia \u2018estou farto de ti\u201d.<\/p>\n","protected":false},"excerpt":{"rendered":"<p>Coluna Bras\u00edlia-DF Se esta semana parlamentar foi marcada pela pressa em votar as medidas provis\u00f3rias, a pr\u00f3xima ser\u00e1 tomada pela mesma correria a fim de analisar os vetos presidenciais. S\u00e3o 211, distribu\u00eddos em 23 leis, das quais 19 (que somam 195 vetos), t\u00eam prioridade de vota\u00e7\u00e3o. S\u00f3 depois de cumprida essa maratona, \u00e9 que o plen\u00e1rio do Congresso estar\u00e1 liberado [&hellip;]<\/p>\n","protected":false},"author":29,"featured_media":3699,"comment_status":"closed","ping_status":"closed","sticky":false,"template":"","format":"standard","meta":{"footnotes":""},"categories":[4],"tags":[],"class_list":["post-3698","post","type-post","status-publish","format-standard","has-post-thumbnail","hentry","category-coluna-brasilia-df"],"_links":{"self":[{"href":"https:\/\/blogs.correiobraziliense.com.br\/denise\/wp-json\/wp\/v2\/posts\/3698","targetHints":{"allow":["GET"]}}],"collection":[{"href":"https:\/\/blogs.correiobraziliense.com.br\/denise\/wp-json\/wp\/v2\/posts"}],"about":[{"href":"https:\/\/blogs.correiobraziliense.com.br\/denise\/wp-json\/wp\/v2\/types\/post"}],"author":[{"embeddable":true,"href":"https:\/\/blogs.correiobraziliense.com.br\/denise\/wp-json\/wp\/v2\/users\/29"}],"replies":[{"embeddable":true,"href":"https:\/\/blogs.correiobraziliense.com.br\/denise\/wp-json\/wp\/v2\/comments?post=3698"}],"version-history":[{"count":1,"href":"https:\/\/blogs.correiobraziliense.com.br\/denise\/wp-json\/wp\/v2\/posts\/3698\/revisions"}],"predecessor-version":[{"id":3700,"href":"https:\/\/blogs.correiobraziliense.com.br\/denise\/wp-json\/wp\/v2\/posts\/3698\/revisions\/3700"}],"wp:featuredmedia":[{"embeddable":true,"href":"https:\/\/blogs.correiobraziliense.com.br\/denise\/wp-json\/wp\/v2\/media\/3699"}],"wp:attachment":[{"href":"https:\/\/blogs.correiobraziliense.com.br\/denise\/wp-json\/wp\/v2\/media?parent=3698"}],"wp:term":[{"taxonomy":"category","embeddable":true,"href":"https:\/\/blogs.correiobraziliense.com.br\/denise\/wp-json\/wp\/v2\/categories?post=3698"},{"taxonomy":"post_tag","embeddable":true,"href":"https:\/\/blogs.correiobraziliense.com.br\/denise\/wp-json\/wp\/v2\/tags?post=3698"}],"curies":[{"name":"wp","href":"https:\/\/api.w.org\/{rel}","templated":true}]}}