{"id":3695,"date":"2019-05-29T08:09:09","date_gmt":"2019-05-29T11:09:09","guid":{"rendered":"https:\/\/blogs.correiobraziliense.com.br\/denise\/?p=3695"},"modified":"2019-05-29T08:09:09","modified_gmt":"2019-05-29T11:09:09","slug":"decisao-sobre-coaf-mostra-que-bolsonaro-precisara-recorrer-aos-senadores","status":"publish","type":"post","link":"https:\/\/blogs.correiobraziliense.com.br\/denise\/decisao-sobre-coaf-mostra-que-bolsonaro-precisara-recorrer-aos-senadores\/","title":{"rendered":"Decis\u00e3o sobre Coaf mostra que Bolsonaro precisar\u00e1 recorrer aos senadores"},"content":{"rendered":"<p><em><strong>Coluna Bras\u00edlia-DF<\/strong><\/em><\/p>\n<p>Os apelos do presidente Jair Bolsonaro para que os senadores do PSL n\u00e3o repetissem o comportamento dos deputados que lutaram para manter o Controle de Atividades Financeiras (Coaf) nas m\u00e3os de S\u00e9rgio Moro mostraram que, quando o assunto \u00e9 \u201cde vida ou morte\u201d, Bolsonaro conseguir\u00e1 enquadrar os seus quatro votos no Senado. Na C\u00e2mara, entretanto, a influ\u00eancia do presidente \u00e9 considerada menor, uma vez que os deputados fizeram quest\u00e3o de quebrar o acordo feito pelo ministro da Casa Civil, Onyx Lorenzoni, para que a vota\u00e7\u00e3o da medida de reestrutura\u00e7\u00e3o do governo fosse r\u00e1pida.<\/p>\n<p>\u00bb \u00bb \u00bb<\/p>\n<p>O cen\u00e1rio preocupa. \u00c9 que se Bolsonaro n\u00e3o conseguir segurar os seus na C\u00e2mara, n\u00e3o ser\u00e1 o Centr\u00e3o, criticado nas ruas pelos apoiadores do presidente, que ir\u00e1 alegremente ajudar o governo quando surgir uma nova vota\u00e7\u00e3o de vida ou morte na Casa. Mais uma vez, caber\u00e1 ao presidente recorrer aos senadores. Para tristeza de Major Ol\u00edmpio, que ontem se viu obrigado, pela primeira vez neste mandato, a trocar o desejo das ruas pela realidade.<\/p>\n<h2>\n<strong>01 na encolha<\/strong><\/h2>\n<p>Ningu\u00e9m viu uma manifesta\u00e7\u00e3o do senador Fl\u00e1vio Bolsonaro (PSL-RJ) em defesa da medida provis\u00f3ria que fixou a estrutura do governo de seu pai. H\u00e1 quem diga que h\u00e1 o receio de ele abrir a boca e algu\u00e9m vir com um \u201cCad\u00ea o Queiroz?\u201d<\/p>\n<h2>\n<strong>Bolsonaro segurou o mercado<\/strong><\/h2>\n<p>Muitos ficaram intrigados sobre o porqu\u00ea de as bolsas terem fechado em alta ontem, depois das preocupa\u00e7\u00f5es do mercado com as cr\u00edticas dos manifestantes de domingo ao presidente da C\u00e2mara, Rodrigo Maia \u2014 o fiador das reformas. O humor positivo foi atribu\u00eddo ao gesto do presidente Jair Bolsonaro: \u201cO grande trigger (motivo que desencadeou o movimento) foi o caf\u00e9 entre os presidentes dos tr\u00eas Poderes\u201d, diz Rafael Furlanetti, diretor da XP Investimentos.<\/p>\n<blockquote><p>\n&#8220;Se Dilma tivesse uma oposi\u00e7\u00e3o como essa, estaria no poder at\u00e9 hoje&#8221;<\/p><\/blockquote>\n<p style=\"text-align: right\"><strong>Da senadora K\u00e1tia Abreu (PDT-TO),\u00a0<\/strong><strong>referindo-se \u00e0 ajuda que os\u00a0<\/strong><strong>oposicionistas deram ao governo ao\u00a0<\/strong><strong>aprovar a MP 870 sem retoques em\u00a0<\/strong><strong>rela\u00e7\u00e3o ao projeto aprovado na C\u00e2mara<\/strong><\/p>\n<h2><strong>Hora dos recados<\/strong><\/h2>\n<p>O DEM aproveitar\u00e1 a conven\u00e7\u00e3o nacional, amanh\u00e3, para tentar se descolar um pouco do tal Centr\u00e3o, que inclui o PP, o PL (antigo PR), o PRB, o PTB e outras legendas de centro.<\/p>\n<h2>\n<em><strong>CURTIDAS<\/strong><\/em><\/h2>\n<p><strong>Renan, o discreto\/<\/strong> Ex-presidente do Senado, o senador Renan Calheiros s\u00f3 chegou para a sess\u00e3o no fim da tarde, depois da reuni\u00e3o de l\u00edderes. Desde que Davi Alcolumbre assumiu, ele n\u00e3o tem participado das discuss\u00f5es mais acaloradas da Casa.<\/p>\n<p><strong>Moro contra Moro<\/strong>\/ O ministro da Justi\u00e7a, S\u00e9rgio Moro (foto), precisou ligar para o senador Major Ol\u00edmpio\u00a0(PSL-SP), a fim de dizer a ele que o momento era de pensar no pa\u00eds e n\u00e3o no Coaf sob o guarda-chuva da Justi\u00e7a. Paulo Guedes fez a mesma coisa.<\/p>\n<p>Tribut\u00e1ria na roda\/ Relator do cr\u00e9dito suplementar de R$ 248 bilh\u00f5es, o deputado Hildo Rocha lan\u00e7a hoje o livro O Sistema Tribut\u00e1rio que Queremos, \u00e0s 14h30, no hall de caf\u00e9 do sal\u00e3o verde da C\u00e2mara dos Deputados.<\/p>\n<p><strong>Ficamos assim<\/strong>\/ Resumo da \u00f3pera pol\u00edtica em Bras\u00edlia: a vota\u00e7\u00e3o da MP 870 no Senado mostrou que est\u00e1 tudo bem entre Executivo e Legislativo at\u00e9 a pr\u00f3xima crise. \u201cNem o presidente Bolsonaro imaginava que teria todos esses votos\u201d, ironizou o senador Esperidi\u00e3o Amin.<\/p>\n<h2><em><strong>S\u00f3 papos<\/strong><\/em><\/h2>\n<blockquote><p>\u201cO governador Ibaneis Rocha assina decreto que determina retirada de armas das m\u00e3os de policiais militares, civis e bombeiros que sejam indiciados na Lei Maria da Penha. A medida tem total apoio da SSP-DF, e \u00e9 mais uma medida do Governo do DF de combate ao feminic\u00eddio\u201d<\/p><\/blockquote>\n<p style=\"text-align: right\"><strong>Secret\u00e1rio de Seguran\u00e7a P\u00fablica, Anderson Torres<\/strong><\/p>\n<blockquote><p>\n\u201cIbaneis est\u00e1 surfando em uma onda que n\u00e3o \u00e9 dele. A PMDF e o CBMDF, h\u00e1 tempo, j\u00e1 recolhem o armamento do militar envolvido em qualquer crime violento, incluindo, \u00e9 claro, viol\u00eancia dom\u00e9stica\u201d<\/p><\/blockquote>\n<p style=\"text-align: right\"><strong>Coronel da reserva Cl\u00e1udio Ribas, ex-chefe da Casa Militar<\/strong><\/p>\n","protected":false},"excerpt":{"rendered":"<p>Coluna Bras\u00edlia-DF Os apelos do presidente Jair Bolsonaro para que os senadores do PSL n\u00e3o repetissem o comportamento dos deputados que lutaram para manter o Controle de Atividades Financeiras (Coaf) nas m\u00e3os de S\u00e9rgio Moro mostraram que, quando o assunto \u00e9 \u201cde vida ou morte\u201d, Bolsonaro conseguir\u00e1 enquadrar os seus quatro votos no Senado. Na C\u00e2mara, entretanto, a influ\u00eancia do [&hellip;]<\/p>\n","protected":false},"author":29,"featured_media":3634,"comment_status":"closed","ping_status":"closed","sticky":false,"template":"","format":"standard","meta":{"footnotes":""},"categories":[4],"tags":[],"class_list":["post-3695","post","type-post","status-publish","format-standard","has-post-thumbnail","hentry","category-coluna-brasilia-df"],"_links":{"self":[{"href":"https:\/\/blogs.correiobraziliense.com.br\/denise\/wp-json\/wp\/v2\/posts\/3695","targetHints":{"allow":["GET"]}}],"collection":[{"href":"https:\/\/blogs.correiobraziliense.com.br\/denise\/wp-json\/wp\/v2\/posts"}],"about":[{"href":"https:\/\/blogs.correiobraziliense.com.br\/denise\/wp-json\/wp\/v2\/types\/post"}],"author":[{"embeddable":true,"href":"https:\/\/blogs.correiobraziliense.com.br\/denise\/wp-json\/wp\/v2\/users\/29"}],"replies":[{"embeddable":true,"href":"https:\/\/blogs.correiobraziliense.com.br\/denise\/wp-json\/wp\/v2\/comments?post=3695"}],"version-history":[{"count":1,"href":"https:\/\/blogs.correiobraziliense.com.br\/denise\/wp-json\/wp\/v2\/posts\/3695\/revisions"}],"predecessor-version":[{"id":3696,"href":"https:\/\/blogs.correiobraziliense.com.br\/denise\/wp-json\/wp\/v2\/posts\/3695\/revisions\/3696"}],"wp:featuredmedia":[{"embeddable":true,"href":"https:\/\/blogs.correiobraziliense.com.br\/denise\/wp-json\/wp\/v2\/media\/3634"}],"wp:attachment":[{"href":"https:\/\/blogs.correiobraziliense.com.br\/denise\/wp-json\/wp\/v2\/media?parent=3695"}],"wp:term":[{"taxonomy":"category","embeddable":true,"href":"https:\/\/blogs.correiobraziliense.com.br\/denise\/wp-json\/wp\/v2\/categories?post=3695"},{"taxonomy":"post_tag","embeddable":true,"href":"https:\/\/blogs.correiobraziliense.com.br\/denise\/wp-json\/wp\/v2\/tags?post=3695"}],"curies":[{"name":"wp","href":"https:\/\/api.w.org\/{rel}","templated":true}]}}