{"id":3692,"date":"2019-05-28T08:17:18","date_gmt":"2019-05-28T11:17:18","guid":{"rendered":"https:\/\/blogs.correiobraziliense.com.br\/denise\/?p=3692"},"modified":"2019-05-28T08:17:18","modified_gmt":"2019-05-28T11:17:18","slug":"elogio-de-bolsonaro-as-manifestacoes-irrita-congressistas","status":"publish","type":"post","link":"https:\/\/blogs.correiobraziliense.com.br\/denise\/elogio-de-bolsonaro-as-manifestacoes-irrita-congressistas\/","title":{"rendered":"Elogio de Bolsonaro \u00e0s manifesta\u00e7\u00f5es irrita congressistas"},"content":{"rendered":"<p><strong>Coluna Bras\u00edlia-DF<\/strong><\/p>\n<p>N\u00famero de manifestantes \u00e0 parte, o que mais irritou os congressistas foi a fala do presidente Jair Bolsonaro elogiando as manifesta\u00e7\u00f5es de domingo que, claramente, se mostraram contra o Congresso e o STF. Parlamentares dos mais variados partidos diziam em conversas reservadas que o presidente, apesar das ressalvas no discurso p\u00fablico, d\u00e1 todos os sinais de que trabalha para jogar a popula\u00e7\u00e3o contra o Parlamento. E, verdade seja dita, o Congresso at\u00e9 aqui n\u00e3o se colocou contra as reformas. Ao contr\u00e1rio, estuda o projeto e cumpre os prazos. Os l\u00edderes est\u00e3o t\u00e3o desconfiados de que Bolsonaro quer mesmo \u00e9 briga que nem a fala do presidente, propondo um pacto entre os Poderes, tirou essa impress\u00e3o de inclina\u00e7\u00e3o ao confronto.<\/p>\n<p>\u00bb \u00bb \u00bb<\/p>\n<p>\u00c9 nesse clima que chega a hora da verdade para a Medida Provis\u00f3ria 870 (da reestrutura\u00e7\u00e3o administrativa) \u2014 o primeiro teste p\u00f3s-manifesta\u00e7\u00f5es \u2014 e as negocia\u00e7\u00f5es em torno da reforma da Previd\u00eancia.<\/p>\n<h2>\n<strong>Cheiro de impasse I<\/strong><\/h2>\n<p>Se o presidente Jair Bolsonaro quer dist\u00e2ncia dos \u201cconchavos\u201d, assim ser\u00e1. Caso o Senado mude o texto da MP 870 aprovado na C\u00e2mara , a Casa seguir\u00e1 a resolu\u00e7\u00e3o n\u00famero 1 \u00e0 risca. A Resolu\u00e7\u00e3o fixa um prazo de tr\u00eas dias para an\u00e1lise da modifica\u00e7\u00e3o feita pelo Senado Federal: o \u00faltimo dia ser\u00e1 na sexta-feira.<\/p>\n<h2>\n<strong>Cheiro de impasse II<\/strong><\/h2>\n<p>Se as ruas decretaram que nem o Centr\u00e3o nem Rodrigo Maia prestam, o governo, maior interessado, que procure arregimentar os votos para aprovar a MP 870 numa sexta-feira, ligando e organizando uma maioria. Aliados do presidente, entretanto, dizem que a vota\u00e7\u00e3o \u00e9 obriga\u00e7\u00e3o do Congresso. E quem faltar que arque com as consequ\u00eancias.<\/p>\n<blockquote><p>&#8220;O texto s\u00f3 ser\u00e1 mantido na forma aprovada pela C\u00e2mara se o presidente pedir publicamente\u201d<\/p><\/blockquote>\n<p style=\"text-align: right\">Do senador Izalci Lucas (PSDB-DF), disposto a votar para devolver o Coaf ao Minist\u00e9rio da Justi\u00e7a, onde est\u00e1 hoje o ex-juiz S\u00e9rgio Moro<\/p>\n<h2>\n<strong>Onde vai \u201cpegar\u201d<\/strong><\/h2>\n<p>O governo monitora dia e noite os dados da economia e a amea\u00e7a de recess\u00e3o t\u00e9cnica, visto hoje como o maior problema. J\u00e1 existe o diagn\u00f3stico de que esse risco s\u00f3 ser\u00e1 debelado se houver um di\u00e1logo mais harm\u00f4nico entre os Poderes para levar adiante as reformas. O problema \u00e9 que, com o Congresso e o STF achincalhados em manifesta\u00e7\u00f5es pr\u00f3-governo, a conversa fica cada vez mais dif\u00edcil.<\/p>\n<p><strong>O desabafo da ministra<\/strong>\/ Ao abrir a semana de org\u00e2nicos do Minist\u00e9rio da Agricultura, a ministra Tereza Cristina botou a boca no trombone contra aqueles que criticam a qualidade dos produtos brasileiros por causa dos agrot\u00f3xicos utilizados. \u201cConsidero um desservi\u00e7o ao pa\u00eds, uma a\u00e7\u00e3o lesa-p\u00e1tria, a campanha massiva de desinforma\u00e7\u00e3o que alguns brasileiros de renome, inclusive com fun\u00e7\u00e3o p\u00fablica, t\u00eam feito na internet contra a qualidade dos nossos alimentos. Nossos<br \/>\nconcorrentes agradecem!\u201d<\/p>\n<p><strong>O desabafo da ministra II\/<\/strong> Ao dizer que \u201ca pior praga \u00e9 a desinforma\u00e7\u00e3o\u201d, ela citou os biodefensivos, controle biol\u00f3gico de pragas, cada vez mais pesquisados e usados no Brasil. \u201cNem n\u00f3s, nem o Ibama nem a Anvisa envenenamos o prato de ningu\u00e9m.(&#8230;)<br \/>\n\u00c9 uma irresponsabilidade total, ao se tratar de um assunto t\u00e3o t\u00e9cnico, dizer que no Brasil se aplica pesticida porque se quer, aos montes, sem crit\u00e9rio nenhum\u201d, afirmou. \u201cEu fico realmente impressionada ao ver que, por mera disputa pol\u00edtico-ideol\u00f3gica, se chegue a esse n\u00edvel de mentira\u201d.<\/p>\n<p><strong>Enquanto isso, no Planalto&#8230;<\/strong>\/ A amigos, o ministro-chefe da Secretaria de Governo, general Santos Cruz, considera a comunica\u00e7\u00e3o o maior desafio.<\/p>\n","protected":false},"excerpt":{"rendered":"<p>Coluna Bras\u00edlia-DF N\u00famero de manifestantes \u00e0 parte, o que mais irritou os congressistas foi a fala do presidente Jair Bolsonaro elogiando as manifesta\u00e7\u00f5es de domingo que, claramente, se mostraram contra o Congresso e o STF. Parlamentares dos mais variados partidos diziam em conversas reservadas que o presidente, apesar das ressalvas no discurso p\u00fablico, d\u00e1 todos os sinais de que trabalha [&hellip;]<\/p>\n","protected":false},"author":29,"featured_media":3693,"comment_status":"closed","ping_status":"closed","sticky":false,"template":"","format":"standard","meta":{"footnotes":""},"categories":[4],"tags":[],"class_list":["post-3692","post","type-post","status-publish","format-standard","has-post-thumbnail","hentry","category-coluna-brasilia-df"],"_links":{"self":[{"href":"https:\/\/blogs.correiobraziliense.com.br\/denise\/wp-json\/wp\/v2\/posts\/3692","targetHints":{"allow":["GET"]}}],"collection":[{"href":"https:\/\/blogs.correiobraziliense.com.br\/denise\/wp-json\/wp\/v2\/posts"}],"about":[{"href":"https:\/\/blogs.correiobraziliense.com.br\/denise\/wp-json\/wp\/v2\/types\/post"}],"author":[{"embeddable":true,"href":"https:\/\/blogs.correiobraziliense.com.br\/denise\/wp-json\/wp\/v2\/users\/29"}],"replies":[{"embeddable":true,"href":"https:\/\/blogs.correiobraziliense.com.br\/denise\/wp-json\/wp\/v2\/comments?post=3692"}],"version-history":[{"count":1,"href":"https:\/\/blogs.correiobraziliense.com.br\/denise\/wp-json\/wp\/v2\/posts\/3692\/revisions"}],"predecessor-version":[{"id":3694,"href":"https:\/\/blogs.correiobraziliense.com.br\/denise\/wp-json\/wp\/v2\/posts\/3692\/revisions\/3694"}],"wp:featuredmedia":[{"embeddable":true,"href":"https:\/\/blogs.correiobraziliense.com.br\/denise\/wp-json\/wp\/v2\/media\/3693"}],"wp:attachment":[{"href":"https:\/\/blogs.correiobraziliense.com.br\/denise\/wp-json\/wp\/v2\/media?parent=3692"}],"wp:term":[{"taxonomy":"category","embeddable":true,"href":"https:\/\/blogs.correiobraziliense.com.br\/denise\/wp-json\/wp\/v2\/categories?post=3692"},{"taxonomy":"post_tag","embeddable":true,"href":"https:\/\/blogs.correiobraziliense.com.br\/denise\/wp-json\/wp\/v2\/tags?post=3692"}],"curies":[{"name":"wp","href":"https:\/\/api.w.org\/{rel}","templated":true}]}}