{"id":3686,"date":"2019-05-27T07:53:34","date_gmt":"2019-05-27T10:53:34","guid":{"rendered":"https:\/\/blogs.correiobraziliense.com.br\/denise\/?p=3686"},"modified":"2019-05-27T07:53:34","modified_gmt":"2019-05-27T10:53:34","slug":"para-nao-ter-sombra-na-presidencia-bolsonaro-comeca-a-largar-moro","status":"publish","type":"post","link":"https:\/\/blogs.correiobraziliense.com.br\/denise\/para-nao-ter-sombra-na-presidencia-bolsonaro-comeca-a-largar-moro\/","title":{"rendered":"Para n\u00e3o ter sombra na Presid\u00eancia, Bolsonaro come\u00e7a a largar Moro"},"content":{"rendered":"<p><strong>Coluna Bras\u00edlia-DF<\/strong><\/p>\n<p>Os mais atentos observadores da pol\u00edtica acreditam que, al\u00e9m da manifesta\u00e7\u00e3o desse domingo (26\/5), as diferen\u00e7as entre o presidente Jair Bolsonaro e seu ministro da Justi\u00e7a, S\u00e9rgio Moro, ser\u00e3o um dos movimentos pol\u00edticos que merecem ser observados. O ministro tenta arregimentar votos e apoiadores para ficar com o Conselho de Controle das Atividades Financeiras (Coaf) sob a sua administra\u00e7\u00e3o direta. O presidente, por sua vez, diante do curto prazo para aprovar a Medida Provis\u00f3ria 870, deixou claro, nos \u00faltimos dias, que o importante \u00e9 aprovar a estrutura de governo inclu\u00edda na MP, ainda que, para isso, o Coaf fique com a \u00e1rea econ\u00f4mica. At\u00e9 aqui, dizem alguns, h\u00e1 todos os sinais de que Bolsonaro come\u00e7a a largar Moro. O PSL, n\u00e3o.<\/p>\n<p>Essa \u00e9 a terceira diferen\u00e7a entre Moro e Bolsonaro. A primeira foi a nomea\u00e7\u00e3o de Illana Slab\u00f3 para o conselho de Seguran\u00e7a P\u00fablica, vetada pelo presidente. A segunda, o fato de o presidente deixar dito nas entrelinhas que Moro aceitou ser ministro diante do compromisso de ser indicado mais adiante para o Supremo Tribunal Federal (STF). Para muitos, Bolsonaro quer Moro forte, mas n\u00e3o fazendo sombra \u00e0 Presid\u00eancia da Rep\u00fablica.<\/p>\n<h2>\n<strong>Vem pra Caixa\u2026<\/strong><\/h2>\n<p>\u2026 em Canc\u00fan. A Caixa Seguradora premiou gestores com uma viagem ao Caribe mexicano de 23 a 29 de maio. Sinal de que, ali, n\u00e3o tem crise. S\u00f3 dinheiro que deixa de circular dentro do Brasil.<\/p>\n<h2>\n<strong>Coincid\u00eancias da vida<\/strong><\/h2>\n<p>O destino do Coaf estar\u00e1 em discuss\u00e3o no Senado justamente agora, que o caso de Fabr\u00edcio Queiroz, ex-assessor de Fl\u00e1vio Bolsonaro, ganha novos contornos. Muitos senadores prometem registrar todos os movimentos e express\u00f5es de 01 no Plen\u00e1rio da Casa.<\/p>\n<h2>\n<strong>Bons vizinhos?<\/strong><\/h2>\n<p>At\u00e9 aqui, o presidente Jair Bolsonaro e o governador do Distrito Federal, Ibaneis Rocha, n\u00e3o tiveram aquela conversa para estabelecer a parceria numa pol\u00edtica de boa vizinhan\u00e7a. Nesses cinco meses, os encontros foram protocolares, em solenidades oficiais. Em todos os governos anteriores, os comandantes do GDF e da Uni\u00e3o trataram de se aproximar logo na largada.<\/p>\n<h2>\n<em><strong>CURTIDAS<\/strong><\/em><\/h2>\n<p><strong>No popular<\/strong>\/ Para que todos entendam, tem gente dividindo os bolsonaristas assim: Quem compareceu \u00e0 manifesta\u00e7\u00e3o \u00e9 Bolsonaro Raiz. Quem n\u00e3o foi, \u00e9 Bolsonaro Nutella.<\/p>\n<p><strong>Os incomodados<\/strong>\/ O governador de S\u00e3o Paulo, Jo\u00e3o Doria, aproveita esse momento pr\u00e9-conven\u00e7\u00e3o tucana convidando quem n\u00e3o estiver satisfeito a deixar o partido. Se for\u00e7ar muito a barra, corre o risco de terminar com uma legenda bem menor, o que n\u00e3o vai ajudar seus planos.<\/p>\n<p><strong>Batman &amp; Robin<\/strong>\/ Aliados de Rodrigo Maia come\u00e7aram a acompanhar o n\u00famero de acessos das fotos e v\u00eddeos do presidente com seus visitantes. At\u00e9 agora, quem mais \u201cbombou\u201d foi o ministro da Justi\u00e7a, S\u00e9rgio Moro. Ganhou at\u00e9 do presidente Jair Bolsonaro.<\/p>\n<p><strong>Mais um partido<\/strong>\/ Jocelin Azambuja j\u00e1 foi vereador na d\u00e9cada de 1990 pelo PTB e agora peregrina pelo pa\u00eds atr\u00e1s de apoio para a cria\u00e7\u00e3o de outra sigla: o Partido da Educa\u00e7\u00e3o Brasileira (PEB). Nos \u00faltimos dias, conversou com prefeitos e agora vai atr\u00e1s de \u00f3rg\u00e3os como CNTE e Andes, sempre com o discurso de que a educa\u00e7\u00e3o deve estar acima de ideologias.<\/p>\n","protected":false},"excerpt":{"rendered":"<p>Coluna Bras\u00edlia-DF Os mais atentos observadores da pol\u00edtica acreditam que, al\u00e9m da manifesta\u00e7\u00e3o desse domingo (26\/5), as diferen\u00e7as entre o presidente Jair Bolsonaro e seu ministro da Justi\u00e7a, S\u00e9rgio Moro, ser\u00e3o um dos movimentos pol\u00edticos que merecem ser observados. O ministro tenta arregimentar votos e apoiadores para ficar com o Conselho de Controle das Atividades Financeiras (Coaf) sob a sua [&hellip;]<\/p>\n","protected":false},"author":29,"featured_media":3687,"comment_status":"closed","ping_status":"closed","sticky":false,"template":"","format":"standard","meta":{"footnotes":""},"categories":[4],"tags":[],"class_list":["post-3686","post","type-post","status-publish","format-standard","has-post-thumbnail","hentry","category-coluna-brasilia-df"],"_links":{"self":[{"href":"https:\/\/blogs.correiobraziliense.com.br\/denise\/wp-json\/wp\/v2\/posts\/3686","targetHints":{"allow":["GET"]}}],"collection":[{"href":"https:\/\/blogs.correiobraziliense.com.br\/denise\/wp-json\/wp\/v2\/posts"}],"about":[{"href":"https:\/\/blogs.correiobraziliense.com.br\/denise\/wp-json\/wp\/v2\/types\/post"}],"author":[{"embeddable":true,"href":"https:\/\/blogs.correiobraziliense.com.br\/denise\/wp-json\/wp\/v2\/users\/29"}],"replies":[{"embeddable":true,"href":"https:\/\/blogs.correiobraziliense.com.br\/denise\/wp-json\/wp\/v2\/comments?post=3686"}],"version-history":[{"count":1,"href":"https:\/\/blogs.correiobraziliense.com.br\/denise\/wp-json\/wp\/v2\/posts\/3686\/revisions"}],"predecessor-version":[{"id":3688,"href":"https:\/\/blogs.correiobraziliense.com.br\/denise\/wp-json\/wp\/v2\/posts\/3686\/revisions\/3688"}],"wp:featuredmedia":[{"embeddable":true,"href":"https:\/\/blogs.correiobraziliense.com.br\/denise\/wp-json\/wp\/v2\/media\/3687"}],"wp:attachment":[{"href":"https:\/\/blogs.correiobraziliense.com.br\/denise\/wp-json\/wp\/v2\/media?parent=3686"}],"wp:term":[{"taxonomy":"category","embeddable":true,"href":"https:\/\/blogs.correiobraziliense.com.br\/denise\/wp-json\/wp\/v2\/categories?post=3686"},{"taxonomy":"post_tag","embeddable":true,"href":"https:\/\/blogs.correiobraziliense.com.br\/denise\/wp-json\/wp\/v2\/tags?post=3686"}],"curies":[{"name":"wp","href":"https:\/\/api.w.org\/{rel}","templated":true}]}}