{"id":3645,"date":"2019-05-22T08:46:50","date_gmt":"2019-05-22T11:46:50","guid":{"rendered":"https:\/\/blogs.correiobraziliense.com.br\/denise\/?p=3645"},"modified":"2019-05-22T12:49:55","modified_gmt":"2019-05-22T15:49:55","slug":"bolsonaro-um-dedinho-de-juizo-outro-de-confusao","status":"publish","type":"post","link":"https:\/\/blogs.correiobraziliense.com.br\/denise\/bolsonaro-um-dedinho-de-juizo-outro-de-confusao\/","title":{"rendered":"Um dedinho de ju\u00edzo, outro de confus\u00e3o"},"content":{"rendered":"<p><strong>Coluna Bras\u00edlia-DF<\/strong><\/p>\n<p>A decis\u00e3o do presidente Jair Bolsonaro de n\u00e3o comparecer ao ato marcado para o pr\u00f3ximo Domingo e a perspectiva de recuo em pontos do decreto que ampliou o porte de armas s\u00e3o iniciativas que caminham no sentido de amortecer os problemas. Por\u00e9m, dada a rela\u00e7\u00e3o cada vez mais dif\u00edcil entre o Congresso e o Planalto, os parlamentares consideram que \u00e9 melhor o pa\u00eds \u201cj\u00e1 ir se acostumando\u201d: A condu\u00e7\u00e3o ser\u00e1 conturbada, porque o c\u00f3digo gen\u00e9tico do atual governo \u00e9 o do confronto. H\u00e1 quem diga inclusive que Bolsonaro foi eleito para cumprir esse papel, de jogar a culpa no Congresso. Isso vai at\u00e9 o \u00faltimo dia de governo do presidente.<\/p>\n<h2><strong>Sem pressa<\/strong><\/h2>\n<p>N\u00e3o contem com o senador Esperidi\u00e3o Amin (PP-SC) para reduzir de imediato o poder do presidente Jair Bolsonaro editar medidas provis\u00f3rias. \u201cO governo Bolsonaro est\u00e1 editando menos da metade das medidas provis\u00f3rias que os outros fizeram. At\u00e9 agora, foram 17. A m\u00e9dia dos demais governo era 28 por semestre\u201d, diz ele, relator da proposta de emenda constitucional que pretende limitar a edi\u00e7\u00e3o de MPs.<\/p>\n<h2><strong>PT e PSDB<\/strong><\/h2>\n<p>At\u00e9 aqui, o governo do presidente Jair Bolsonaro conseguiu o que parecia imposs\u00edvel: PSDB e PT voltaram a conversar e n\u00e3o s\u00f3 em reuni\u00f5es em S\u00e3o Paulo, como publicou o jornal <em>O Estado de S.Paulo<\/em>. Jaques Wagner e Tasso Jereissati trocam figurinhas toda semana.<\/p>\n<h2><strong>Pontos nevr\u00e1lgicos<\/strong><\/h2>\n<p>Dois temas da Medida Provis\u00f3ria 870 prometem criar muita pol\u00eamica no Congresso hoje, quando a MP for a votos. Os aliados do Planalto v\u00e3o insistir no Conselho de Controle de Atividades Financeiras (Coaf) para a Justi\u00e7a. Outro item que vai dar o que falar \u00e9 o que tira poderes dos auditores da Receita Federal de compartilhamento de dados. \u201cIsso \u00e9 pior do que o Coaf. Vamos destacar para votar separadamente e repor o poder dos auditores\u201d, diz o senador Alessandro Vieira (Cidadania-SE)<\/p>\n<h2><strong>Recife, 40 graus<\/strong><\/h2>\n<p>Os petistas querem aproveitar a presen\u00e7a do presidente Jair Bolsonaro na capital pernambucana, nesta sexta-feira, para promover um ato a fim de mostrar que, ali, a turma do presidente n\u00e3o conseguir\u00e1 mobilizar muita gente para 26 de maio. A seguran\u00e7a presidencial ser\u00e1 refor\u00e7ada.<\/p>\n<h2><strong>Deu ruim para os dois<\/strong><\/h2>\n<p>A briga entre o presidente da C\u00e2mara, Rodrigo Maia, e o l\u00edder do governo na C\u00e2mara, Major Vitor Hugo, n\u00e3o foi boa para ningu\u00e9m. V\u00edtor Hugo, a partir de agora, falar\u00e1 sozinho. Saiu da reuni\u00e3o com fama de quem acha que para negociar com o Congresso \u00e9 preciso um saco de dinheiro, por causa de um meme antigo que ele compartilhou. Para completar, os l\u00edderes consideram que Maia se excedeu.<\/p>\n<h2><strong>Frase<\/strong><\/h2>\n<p>\u201cN\u00e3o d\u00e1 para ele ir l\u00e1 fora e tratar o Brasil como lixo, inclusive a casa dele\u201d, afirma o senador Jaques Wagner (PT-BA), \u00b4que quer interpelar o ministro da Economia, paulo Guedes, para que ele explique o discurso proferido em Dallas, onde disse que venderia at\u00e9 o Pal\u00e1cio presidencial<\/p>\n<h2><em><strong>CURTIDAS<\/strong><\/em><\/h2>\n<p><strong>Centr\u00e3o, eu?!!<\/strong>\/ O l\u00edder do PP, Arthur Lyra, pedia ontem a todos com quem conversava que lhe indicasse uma s\u00f3 vota\u00e7\u00e3o em que foram contra o Brasil: \u201cMe diga: qual o ato que fizemos contra o Brasil? Ministro fecha acordo, l\u00edder do governo diz que n\u00e3o aceita e a culpa \u00e9 nossa?\u201d<\/p>\n<p><strong>Foi bom, mas foi ruim<\/strong>\/ Alguns deputados sa\u00edram do Planalto ontem \u00e0 tarde embevecidos com a solenidade de doa\u00e7\u00e3o da imagem de Nsa. Sra. de F\u00e1tima ao governo. Por\u00e9m, logo que chegaram no Congresso, alguns integrantes da bancada cat\u00f3lica receberam reclama\u00e7\u00f5es de fi\u00e9is, porque o presidente n\u00e3o falou na solenidade, nem defendeu Nsa. Sra. A primeira-dama, Michelle Bolsonaro, nem compareceu.<\/p>\n<p><strong>Ele \u00e9 de todos<\/strong>\/ Bolsonaro n\u00e3o discursou e fez quest\u00e3o de ficar sentado na plateia por um simples motivo: N\u00e3o quer briga com os evang\u00e9licos. O presidente est\u00e1 cada vez mais ecum\u00eanico.<\/p>\n<p><strong>Pensando bem&#8230;<\/strong>\/ O presidente Jair Bolsonaro tem caf\u00e9 previsto para hoje com a bancada do Nordeste. O senador Tasso Jereissati (PSDB-CE) que perde o amigo, mas n\u00e3o a piada, brincou: &#8220;A\u00ed, n\u00e3o \u00e9 conversa, \u00e9&#8230; com\u00edcio!&#8221;<\/p>\n<p>&#8212;<\/p>\n","protected":false},"excerpt":{"rendered":"<p>Coluna Bras\u00edlia-DF A decis\u00e3o do presidente Jair Bolsonaro de n\u00e3o comparecer ao ato marcado para o pr\u00f3ximo Domingo e a perspectiva de recuo em pontos do decreto que ampliou o porte de armas s\u00e3o iniciativas que caminham no sentido de amortecer os problemas. Por\u00e9m, dada a rela\u00e7\u00e3o cada vez mais dif\u00edcil entre o Congresso e o Planalto, os parlamentares consideram [&hellip;]<\/p>\n","protected":false},"author":29,"featured_media":3649,"comment_status":"closed","ping_status":"closed","sticky":false,"template":"","format":"standard","meta":{"footnotes":""},"categories":[4],"tags":[],"class_list":["post-3645","post","type-post","status-publish","format-standard","has-post-thumbnail","hentry","category-coluna-brasilia-df"],"_links":{"self":[{"href":"https:\/\/blogs.correiobraziliense.com.br\/denise\/wp-json\/wp\/v2\/posts\/3645","targetHints":{"allow":["GET"]}}],"collection":[{"href":"https:\/\/blogs.correiobraziliense.com.br\/denise\/wp-json\/wp\/v2\/posts"}],"about":[{"href":"https:\/\/blogs.correiobraziliense.com.br\/denise\/wp-json\/wp\/v2\/types\/post"}],"author":[{"embeddable":true,"href":"https:\/\/blogs.correiobraziliense.com.br\/denise\/wp-json\/wp\/v2\/users\/29"}],"replies":[{"embeddable":true,"href":"https:\/\/blogs.correiobraziliense.com.br\/denise\/wp-json\/wp\/v2\/comments?post=3645"}],"version-history":[{"count":4,"href":"https:\/\/blogs.correiobraziliense.com.br\/denise\/wp-json\/wp\/v2\/posts\/3645\/revisions"}],"predecessor-version":[{"id":3650,"href":"https:\/\/blogs.correiobraziliense.com.br\/denise\/wp-json\/wp\/v2\/posts\/3645\/revisions\/3650"}],"wp:featuredmedia":[{"embeddable":true,"href":"https:\/\/blogs.correiobraziliense.com.br\/denise\/wp-json\/wp\/v2\/media\/3649"}],"wp:attachment":[{"href":"https:\/\/blogs.correiobraziliense.com.br\/denise\/wp-json\/wp\/v2\/media?parent=3645"}],"wp:term":[{"taxonomy":"category","embeddable":true,"href":"https:\/\/blogs.correiobraziliense.com.br\/denise\/wp-json\/wp\/v2\/categories?post=3645"},{"taxonomy":"post_tag","embeddable":true,"href":"https:\/\/blogs.correiobraziliense.com.br\/denise\/wp-json\/wp\/v2\/tags?post=3645"}],"curies":[{"name":"wp","href":"https:\/\/api.w.org\/{rel}","templated":true}]}}