{"id":3627,"date":"2019-05-17T08:34:38","date_gmt":"2019-05-17T11:34:38","guid":{"rendered":"https:\/\/blogs.correiobraziliense.com.br\/denise\/?p=3627"},"modified":"2019-05-17T08:34:38","modified_gmt":"2019-05-17T11:34:38","slug":"oposicao-prepara-representacao-contra-flavio-bolsonaro","status":"publish","type":"post","link":"https:\/\/blogs.correiobraziliense.com.br\/denise\/oposicao-prepara-representacao-contra-flavio-bolsonaro\/","title":{"rendered":"Oposi\u00e7\u00e3o prepara representa\u00e7\u00e3o contra Fl\u00e1vio Bolsonaro"},"content":{"rendered":"<p><strong>Coluna Bras\u00edlia-DF<\/strong><\/p>\n<p>Embora as den\u00fancias sobre a compra e venda de im\u00f3veis do senador Fl\u00e1vio Bolsonaro (PSL-RJ) nada tenham a ver com o seu atual mandato, um grupo de oposicionistas prepara representa\u00e7\u00e3o contra o parlamentar no Conselho de \u00c9tica. A ordem \u00e9 criar mais um fato pol\u00edtico e deixar o pai, o presidente Jair Bolsonaro, ainda mais irritado do que deixou transparecer em suas declara\u00e7\u00f5es de ontem \u2014 afirma\u00e7\u00f5es que, por sinal, ajudaram a fazer com que a bolsa de valores despencasse no Brasil.<\/p>\n<p>Se esses oposicionistas seguirem esse plano de representar contra Fl\u00e1vio, caber\u00e1 ao presidente do Senado, Davi Alcolumbre (DEM-AP), decidir o que fazer com o pedido, uma vez que o Conselho de \u00c9tica da Casa ainda n\u00e3o foi instalado. O receio dos bolsonaristas \u00e9 de que Alcolumbre repita a dose da CPI da Toga. O demista considerou a CPI prejudicada, mas recorreu ao plen\u00e1rio e determinou que houvesse um parecer da Comiss\u00e3o de Constitui\u00e7\u00e3o e Justi\u00e7a. Se agir dessa forma, Fl\u00e1vio ter\u00e1 que se defender no plen\u00e1rio. H\u00e1 quem diga que chegou a hora de Alcolumbre demonstrar considera\u00e7\u00e3o com o governo e arquivar tudo com uma canetada.<\/p>\n<h2>\n<strong>Assim, n\u00e3o!<\/strong><\/h2>\n<p>O Centr\u00e3o fez chegar ao Planalto que a forma de garantir a Medida Provis\u00f3ria 870, aquela que reestrutura o governo, \u00e9 com vota\u00e7\u00e3o simb\u00f3lica do texto aprovado na Comiss\u00e3o Especial \u2014 aquele que tem o Conselho de Controle de Atividades Financeiras (Coaf) no Minist\u00e9rio da Economia e recria o Minist\u00e9rio das Cidades. Se houver pedido de vota\u00e7\u00e3o nominal por parte do PSL para vincular o Coaf \u00e0 Justi\u00e7a, haver\u00e1 risco de a MP perder a validade.<\/p>\n<h2>\n<strong>Assim, sim!<\/strong><\/h2>\n<p>O partido de Jair Bolsonaro, entretanto, encerra a semana disposto a comprar essa briga. A ideia \u00e9 desgastar o Centr\u00e3o perante a popula\u00e7\u00e3o com o discurso de que, quem n\u00e3o quer Coaf nas m\u00e3os da Justi\u00e7a tem medo do que pode vir pela frente.<\/p>\n<h2>\n<strong>Meio-termo<\/strong><\/h2>\n<p>A turma do deixa disso avalia que \u00e9 melhor deixar o Coaf na Economia, uma vez que Paulo Guedes j\u00e1 se comprometeu a manter a equipe indicada por S\u00e9rgio Moro, do que perder a MP.<\/p>\n<h2>\n<strong>Dois tons de comunica\u00e7\u00e3o<\/strong><\/h2>\n<p>Os pol\u00edticos registraram a forma como o presidente Jair Bolsonaro e o seu vice, Hamilton Mour\u00e3o, se referiram aos manifestantes. Enquanto Bolsonaro chamou todos de \u201cidiotas \u00fateis\u201d, Mour\u00e3o disparou: \u201cSe era s\u00f3 de estudantes, por que tinha Lula Livre?\u201d. N\u00e3o desrespeitou ningu\u00e9m, apenas citou um fato.<\/p>\n<p><strong>Chama o Ernesto!\/<\/strong> O senador Esperidi\u00e3o Amin (PP-SC) quer que o ministro de Rela\u00e7\u00f5es Exteriores, Ernesto Ara\u00fajo, v\u00e1 \u00e0 Comiss\u00e3o de Rela\u00e7\u00f5es Exteriores do Senado explicar que hist\u00f3ria \u00e9 essa de se reunir secretamente com autoridades israelenses interessadas em obter aval do Brasil para a\u00e7\u00f5es de bloqueio ao Ir\u00e3. \u201cAqui, temos uma conviv\u00eancia pac\u00edfica com \u00e1rabes e judeus. O Brasil n\u00e3o deve tomar parte nesse conflito\u201d, diz o senador.<\/p>\n<p><strong>Mais uma frente\/<\/strong> <a href=\"https:\/\/blogs.correiobraziliense.com.br\/denise\/em-busca-de-prestigio-frentes-parlamentares-se-multiplicam-no-congresso\/\">E o n\u00famero de frentes parlamentares n\u00e3o para de crescer<\/a>. Essa semana, foi instalada a Frente da Amaz\u00f4nia. Dia 22, vem mais uma: Desenvolvimento sustent\u00e1vel do petr\u00f3leo e energias renov\u00e1veis, da lavra do deputado Christino \u00c1ureo (PP-RJ). J\u00e1 existe uma sobre Energia limpa e sustent\u00e1vel.<\/p>\n<p><strong>O que vem l\u00e1\/<\/strong> Depois das manifesta\u00e7\u00f5es dos estudantes, grupos simp\u00e1ticos ao presidente Jair Bolsonaro preparam ida \u00e0s ruas em 26 de maio, para pedir o impeachment do presidente do Supremo Tribunal Federal, Dias Toffoli, e o do ministro Gilmar Mendes.<\/p>\n<p><strong>E o Weintraub, hein?\/<\/strong> Toda a celeuma em torno do contingenciamento dos recursos das universidades come\u00e7ou com o ministro da Educa\u00e7\u00e3o, Abraham Weintraub, quase que batendo no peito para dizer que contingenciaria recursos de tr\u00eas universidades onde havia \u201cbalb\u00fardia\u201d, como se estivesse dando um corretivo. Depois, disse que todas as 63 seriam afetadas. Erro de comunica\u00e7\u00e3o. Nos governos passados, not\u00edcias como essas eram dadas com semblante de vel\u00f3rio.<\/p>\n","protected":false},"excerpt":{"rendered":"<p>Coluna Bras\u00edlia-DF Embora as den\u00fancias sobre a compra e venda de im\u00f3veis do senador Fl\u00e1vio Bolsonaro (PSL-RJ) nada tenham a ver com o seu atual mandato, um grupo de oposicionistas prepara representa\u00e7\u00e3o contra o parlamentar no Conselho de \u00c9tica. A ordem \u00e9 criar mais um fato pol\u00edtico e deixar o pai, o presidente Jair Bolsonaro, ainda mais irritado do que [&hellip;]<\/p>\n","protected":false},"author":29,"featured_media":3628,"comment_status":"closed","ping_status":"closed","sticky":false,"template":"","format":"standard","meta":{"footnotes":""},"categories":[4],"tags":[],"class_list":["post-3627","post","type-post","status-publish","format-standard","has-post-thumbnail","hentry","category-coluna-brasilia-df"],"_links":{"self":[{"href":"https:\/\/blogs.correiobraziliense.com.br\/denise\/wp-json\/wp\/v2\/posts\/3627","targetHints":{"allow":["GET"]}}],"collection":[{"href":"https:\/\/blogs.correiobraziliense.com.br\/denise\/wp-json\/wp\/v2\/posts"}],"about":[{"href":"https:\/\/blogs.correiobraziliense.com.br\/denise\/wp-json\/wp\/v2\/types\/post"}],"author":[{"embeddable":true,"href":"https:\/\/blogs.correiobraziliense.com.br\/denise\/wp-json\/wp\/v2\/users\/29"}],"replies":[{"embeddable":true,"href":"https:\/\/blogs.correiobraziliense.com.br\/denise\/wp-json\/wp\/v2\/comments?post=3627"}],"version-history":[{"count":1,"href":"https:\/\/blogs.correiobraziliense.com.br\/denise\/wp-json\/wp\/v2\/posts\/3627\/revisions"}],"predecessor-version":[{"id":3629,"href":"https:\/\/blogs.correiobraziliense.com.br\/denise\/wp-json\/wp\/v2\/posts\/3627\/revisions\/3629"}],"wp:featuredmedia":[{"embeddable":true,"href":"https:\/\/blogs.correiobraziliense.com.br\/denise\/wp-json\/wp\/v2\/media\/3628"}],"wp:attachment":[{"href":"https:\/\/blogs.correiobraziliense.com.br\/denise\/wp-json\/wp\/v2\/media?parent=3627"}],"wp:term":[{"taxonomy":"category","embeddable":true,"href":"https:\/\/blogs.correiobraziliense.com.br\/denise\/wp-json\/wp\/v2\/categories?post=3627"},{"taxonomy":"post_tag","embeddable":true,"href":"https:\/\/blogs.correiobraziliense.com.br\/denise\/wp-json\/wp\/v2\/tags?post=3627"}],"curies":[{"name":"wp","href":"https:\/\/api.w.org\/{rel}","templated":true}]}}