{"id":3623,"date":"2019-05-16T08:15:23","date_gmt":"2019-05-16T11:15:23","guid":{"rendered":"https:\/\/blogs.correiobraziliense.com.br\/denise\/?p=3623"},"modified":"2019-05-16T08:15:23","modified_gmt":"2019-05-16T11:15:23","slug":"governo-procura-um-lider-na-camara","status":"publish","type":"post","link":"https:\/\/blogs.correiobraziliense.com.br\/denise\/governo-procura-um-lider-na-camara\/","title":{"rendered":"Governo procura um novo l\u00edder na C\u00e2mara"},"content":{"rendered":"<p><strong>Coluna Bras\u00edlia-DF<\/strong><\/p>\n<p>O governo do presidente Jair Bolsonaro j\u00e1 sondou alguns parlamentares para o lugar do l\u00edder na C\u00e2mara, deputado Major Vitor Hugo (PSL-GO). Por\u00e9m, at\u00e9 agora, n\u00e3o conseguiu definir um nome para substitu\u00ed-lo. At\u00e9 quem sonhava em liderar a bancada governista teme ser desautorizado logo ali na frente, diante do vaiv\u00e9m das decis\u00f5es do Poder Executivo. Alguns deputados cogitados comentavam ontem, em conversas reservadas, que o maior receio \u00e9 buscar um acordo, o governo aceitar e, na hora de uma vota\u00e7\u00e3o, os deputados ligados ao governo recuarem por press\u00e3o das redes sociais. Nesse ritmo, dizem alguns, se Bolsonaro conseguir algu\u00e9m para o lugar de Vitor Hugo ser\u00e1 a troca de seis por meia d\u00fazia.<\/p>\n<h2>\n<strong>Briga adiada<\/strong><\/h2>\n<p>A pedido do ministro da Economia, Paulo Guedes, o ministro do Tribunal de Contas da Uni\u00e3o (TCU) Bruno Dantas n\u00e3o levou ao plen\u00e1rio da Corte seu voto a respeito do b\u00f4nus de efici\u00eancia pago a auditores e t\u00e9cnicos da Receita Federal. Guedes solicitou um tempo para apresentar alguns dados ao TCU e Dantas concedeu.<\/p>\n<h2>\n<strong>\u00c9 bom se preparar<\/strong><\/h2>\n<p>At\u00e9 aqui, dizem t\u00e9cnicos do Tribunal, o voto do ministro \u00e9 implac\u00e1vel. D\u00e1 30 dias para o governo tomar uma decis\u00e3o dentro do seguinte card\u00e1pio: ou corta uma despesa correspondente para pagar esse b\u00f4nus ou aumenta imposto ou\u2026 suspende o pagamento desse plus aos servidores, que representa quase R$ 1 bilh\u00e3o por ano.<\/p>\n<h2>\n<strong>A lupa do Meio Ambiente I<\/strong><\/h2>\n<p>Entre os 103 contratos do Meio Ambiente em an\u00e1lise por t\u00e9cnicos do pr\u00f3prio minist\u00e9rio e da Controladoria-Geral da Uni\u00e3o (CGU) chama a aten\u00e7\u00e3o um para atender \u201cquebradeiras de coco de baba\u00e7u\u201d. Dos quase R$ 10 milh\u00f5es, apenas R$ 2 milh\u00f5es foram para a atividade-fim.<\/p>\n<h2>\n<strong>A lupa do Meio Ambiente II<\/strong><\/h2>\n<p>O grosso dos recursos do contrato das quebradeiras de coco se perdeu em custos administrativos. Para completar, uma das institui\u00e7\u00f5es elencadas para receber esses valores est\u00e1 inscrita no Cepim (Cadastro de Entidades Privadas sem Fins Lucrativos Impedidas). Ou seja, n\u00e3o poderia receber um tost\u00e3o.<\/p>\n<h2>\n<strong>Mistura explosiva<\/strong><\/h2>\n<p>O governo tem que criar alguns fatos positivos e tentar sair da barafunda das not\u00edcias ruins. A avalia\u00e7\u00e3o geral \u00e9 de que a manifesta\u00e7\u00e3o dos estudantes, ontem, foi mais expressiva do que o esperado pelo Planalto. Isso, somado ao ato dos caminhoneiros no pr\u00f3ximo domingo e \u00e0 greve geral daqui a um m\u00eas, d\u00e1 motivos de sobra para preocupa\u00e7\u00e3o. Tudo deve ser acompanhado de perto, para evitar que o governo se desgaste ainda mais.<\/p>\n<blockquote>\n<p style=\"text-align: right\"><em>\u201cSe o presidente n\u00e3o comanda e n\u00e3o \u00e9 seguido (pelos ministros), fica dif\u00edcil partir para projetos maiores\u201d<\/em><\/p>\n<\/blockquote>\n<p style=\"text-align: right\"><strong>Do l\u00edder do Cidadania, Daniel Coelho (PE), ao confrontar o ministro Abraham Weintraub sobre o descontingenciamento dos recursos do Minist\u00e9rio da Educa\u00e7\u00e3o, prometidos pelo presidente Jair Bolsonaro<\/strong><\/p>\n<p><strong>Enquanto isso, no mercado financeiro\u2026<\/strong>\/ Analistas dos maiores bancos de investimentos do pa\u00eds come\u00e7am a chamar o presidente Jair Bolsonaro de \u201cDilmo\u201d. Se a economia n\u00e3o se recuperar, o apelido vai se espalhar por outros setores.<\/p>\n<p><strong>Por falar em apelidos\u2026<\/strong>\/ O ministro da Casa Civil, Onyx Lorenzoni, ganhou um, depois do epis\u00f3dio a respeito dos cortes\/contingenciamento dos recursos da educa\u00e7\u00e3o: gr\u00e3o-vizir, a mais alta autoridade depois do sult\u00e3o. Tudo porque o ministro bateu o p\u00e9 e os recursos da educa\u00e7\u00e3o continuam contingenciados.<\/p>\n<p><strong>Papel passado<\/strong>\/ A Comiss\u00e3o de Constitui\u00e7\u00e3o e Justi\u00e7a do Senado aprovou o projeto do senador Reguffe que fixa vota\u00e7\u00e3o aberta para elei\u00e7\u00e3o da Mesa Diretora da Casa e tamb\u00e9m cassa\u00e7\u00e3o de mandato. Agora, s\u00f3 falta o plen\u00e1rio.<\/p>\n<p><strong>Menos uma semana<\/strong>\/ A Casa terminou perdendo mais um prazo para votar medidas provis\u00f3rias. Culpa do l\u00edder do PSL, delegado Waldir, que prometeu uma aula de Weintraub no plen\u00e1rio da C\u00e2mara.<\/p>\n","protected":false},"excerpt":{"rendered":"<p>Coluna Bras\u00edlia-DF O governo do presidente Jair Bolsonaro j\u00e1 sondou alguns parlamentares para o lugar do l\u00edder na C\u00e2mara, deputado Major Vitor Hugo (PSL-GO). Por\u00e9m, at\u00e9 agora, n\u00e3o conseguiu definir um nome para substitu\u00ed-lo. At\u00e9 quem sonhava em liderar a bancada governista teme ser desautorizado logo ali na frente, diante do vaiv\u00e9m das decis\u00f5es do Poder Executivo. Alguns deputados cogitados [&hellip;]<\/p>\n","protected":false},"author":29,"featured_media":3624,"comment_status":"closed","ping_status":"closed","sticky":false,"template":"","format":"standard","meta":{"footnotes":""},"categories":[4],"tags":[],"class_list":["post-3623","post","type-post","status-publish","format-standard","has-post-thumbnail","hentry","category-coluna-brasilia-df"],"_links":{"self":[{"href":"https:\/\/blogs.correiobraziliense.com.br\/denise\/wp-json\/wp\/v2\/posts\/3623","targetHints":{"allow":["GET"]}}],"collection":[{"href":"https:\/\/blogs.correiobraziliense.com.br\/denise\/wp-json\/wp\/v2\/posts"}],"about":[{"href":"https:\/\/blogs.correiobraziliense.com.br\/denise\/wp-json\/wp\/v2\/types\/post"}],"author":[{"embeddable":true,"href":"https:\/\/blogs.correiobraziliense.com.br\/denise\/wp-json\/wp\/v2\/users\/29"}],"replies":[{"embeddable":true,"href":"https:\/\/blogs.correiobraziliense.com.br\/denise\/wp-json\/wp\/v2\/comments?post=3623"}],"version-history":[{"count":2,"href":"https:\/\/blogs.correiobraziliense.com.br\/denise\/wp-json\/wp\/v2\/posts\/3623\/revisions"}],"predecessor-version":[{"id":3626,"href":"https:\/\/blogs.correiobraziliense.com.br\/denise\/wp-json\/wp\/v2\/posts\/3623\/revisions\/3626"}],"wp:featuredmedia":[{"embeddable":true,"href":"https:\/\/blogs.correiobraziliense.com.br\/denise\/wp-json\/wp\/v2\/media\/3624"}],"wp:attachment":[{"href":"https:\/\/blogs.correiobraziliense.com.br\/denise\/wp-json\/wp\/v2\/media?parent=3623"}],"wp:term":[{"taxonomy":"category","embeddable":true,"href":"https:\/\/blogs.correiobraziliense.com.br\/denise\/wp-json\/wp\/v2\/categories?post=3623"},{"taxonomy":"post_tag","embeddable":true,"href":"https:\/\/blogs.correiobraziliense.com.br\/denise\/wp-json\/wp\/v2\/tags?post=3623"}],"curies":[{"name":"wp","href":"https:\/\/api.w.org\/{rel}","templated":true}]}}