{"id":3608,"date":"2019-05-12T14:28:54","date_gmt":"2019-05-12T17:28:54","guid":{"rendered":"https:\/\/blogs.correiobraziliense.com.br\/denise\/?p=3608"},"modified":"2019-05-12T14:34:17","modified_gmt":"2019-05-12T17:34:17","slug":"engrenagens-que-uniram-segmento-em-nome-de-bolsonaro-comecam-a-desgastar","status":"publish","type":"post","link":"https:\/\/blogs.correiobraziliense.com.br\/denise\/engrenagens-que-uniram-segmento-em-nome-de-bolsonaro-comecam-a-desgastar\/","title":{"rendered":"Engrenagens que uniram segmento em nome de Bolsonaro come\u00e7am a desgastar"},"content":{"rendered":"<p><strong>Coluna Bras\u00edlia-DF<\/strong><\/p>\n<p>O meio pol\u00edtico come\u00e7a a notar um certo desgaste nas engrenagens que uniram v\u00e1rios segmentos a Jair Bolsonaro para evitar a vit\u00f3ria do PT. Os militares est\u00e3o em rota de colis\u00e3o com o grupo olavista. O mercado j\u00e1 come\u00e7a a baixar as proje\u00e7\u00f5es de crescimento e, de quebra, as esperan\u00e7as de que o governo do presidente Bolsonaro se transforme na oitava maravilha do mundo moderno. Para completar, as derrotas do ministro S\u00e9rgio Moro, sem que o Planalto tivesse atuado fortemente at\u00e9 o \u00faltimo minuto para evit\u00e1-las e as suspeitas sobre os funcion\u00e1rios dos filhos do presidente tamb\u00e9m terminam por afastar o segmento mais alinhado com o ex-juiz.<\/p>\n<p>\u00bb \u00bb \u00bb<\/p>\n<p>No geral, chega-se ao seguinte racioc\u00ednio: com o governo prestes a completar seis meses e com um ano eleitoral logo ali, ou Bolsonaro come\u00e7a a fazer gestos de apre\u00e7o a esses segmentos, ajustando o foco na economia e no combate \u00e0 corrup\u00e7\u00e3o, ou correr\u00e1 o risco de terminar 2019 restrito ao seu p\u00fablico mais fiel, ou seja, ao apoio que detinha antes de se consolidar como o candidato mais capaz de derrotar o PT. A\u00ed, sim, o presidente ter\u00e1 um problema.<\/p>\n<h2><strong>Risco total<\/strong><\/h2>\n<p>O PSL paulista n\u00e3o gostou de ouvir o presidente dizer que vai levar a F1 para o Rio de Janeiro. No partido, hoje comandado por Eduardo Bolsonaro, passou a ideia de que a declara\u00e7\u00e3o representar\u00e1 um sinal de perigo para as pretens\u00f5es da legenda em S\u00e3o Paulo.<\/p>\n<h2><strong>O jeit\u00e3o da comiss\u00e3o<\/strong><\/h2>\n<p>A maioria dos integrantes da comiss\u00e3o especial da reforma da Previd\u00eancia \u00e9 sens\u00edvel a uma regra de transi\u00e7\u00e3o para as mudan\u00e7as nas aposentadorias do setor p\u00fablico. O problema \u00e9 definir o tamanho dessa transi\u00e7\u00e3o.<\/p>\n<h2><strong><em>CURTIDAS<\/em><\/strong><\/h2>\n<p><strong>Se falar deles&#8230;<\/strong>\/ Os emedebistas mais ligados a Michel Temer n\u00e3o aceitar\u00e3o mais provoca\u00e7\u00f5es da turma do PSL. Quem vier cobrar qualquer coisa a respeito do ex-presidente, a ordem \u00e9, al\u00e9m de mencionar os laranjas, puxar um \u201cCad\u00ea o Queiroz?\u201d, numa refer\u00eancia ao ex-assessor de Fl\u00e1vio Bolsonaro que n\u00e3o consegue apresentar uma explica\u00e7\u00e3o convincente para a sua movimenta\u00e7\u00e3o financeira.<\/p>\n<p><strong>Marca\u00e7\u00e3o tu\u00edte a tu\u00edte<\/strong>\/ Bastou a hastag LulanaBBC aparecer nos trend topics brasileiros para que o presidente Jair Bolsonaro colocasse o v\u00eddeo em que aparece com as crian\u00e7as no Planalto, ensinando-as a respeitar pai e m\u00e3e.<\/p>\n<p><strong>Por falar em respeito&#8230;<\/strong>\/ O ex-senador Chiquinho Esc\u00f3rcio, do alto de quem j\u00e1 trabalhou com quatro ex-presidentes da Rep\u00fablica como assessor especial, parte em defesa do ex-comandante do Ex\u00e9rcito, general Villas B\u00f4as: \u201cEle \u00e9 um homem que, ao longo de sua carreira, demonstra ser um democrata. Respeitem uma pessoa que tem alta capacidade t\u00e9cnica e democr\u00e1tica\u201d.<\/p>\n","protected":false},"excerpt":{"rendered":"<p>Coluna Bras\u00edlia-DF O meio pol\u00edtico come\u00e7a a notar um certo desgaste nas engrenagens que uniram v\u00e1rios segmentos a Jair Bolsonaro para evitar a vit\u00f3ria do PT. Os militares est\u00e3o em rota de colis\u00e3o com o grupo olavista. O mercado j\u00e1 come\u00e7a a baixar as proje\u00e7\u00f5es de crescimento e, de quebra, as esperan\u00e7as de que o governo do presidente Bolsonaro se [&hellip;]<\/p>\n","protected":false},"author":29,"featured_media":3612,"comment_status":"closed","ping_status":"closed","sticky":false,"template":"","format":"standard","meta":{"footnotes":""},"categories":[4],"tags":[],"class_list":["post-3608","post","type-post","status-publish","format-standard","has-post-thumbnail","hentry","category-coluna-brasilia-df"],"_links":{"self":[{"href":"https:\/\/blogs.correiobraziliense.com.br\/denise\/wp-json\/wp\/v2\/posts\/3608","targetHints":{"allow":["GET"]}}],"collection":[{"href":"https:\/\/blogs.correiobraziliense.com.br\/denise\/wp-json\/wp\/v2\/posts"}],"about":[{"href":"https:\/\/blogs.correiobraziliense.com.br\/denise\/wp-json\/wp\/v2\/types\/post"}],"author":[{"embeddable":true,"href":"https:\/\/blogs.correiobraziliense.com.br\/denise\/wp-json\/wp\/v2\/users\/29"}],"replies":[{"embeddable":true,"href":"https:\/\/blogs.correiobraziliense.com.br\/denise\/wp-json\/wp\/v2\/comments?post=3608"}],"version-history":[{"count":2,"href":"https:\/\/blogs.correiobraziliense.com.br\/denise\/wp-json\/wp\/v2\/posts\/3608\/revisions"}],"predecessor-version":[{"id":3613,"href":"https:\/\/blogs.correiobraziliense.com.br\/denise\/wp-json\/wp\/v2\/posts\/3608\/revisions\/3613"}],"wp:featuredmedia":[{"embeddable":true,"href":"https:\/\/blogs.correiobraziliense.com.br\/denise\/wp-json\/wp\/v2\/media\/3612"}],"wp:attachment":[{"href":"https:\/\/blogs.correiobraziliense.com.br\/denise\/wp-json\/wp\/v2\/media?parent=3608"}],"wp:term":[{"taxonomy":"category","embeddable":true,"href":"https:\/\/blogs.correiobraziliense.com.br\/denise\/wp-json\/wp\/v2\/categories?post=3608"},{"taxonomy":"post_tag","embeddable":true,"href":"https:\/\/blogs.correiobraziliense.com.br\/denise\/wp-json\/wp\/v2\/tags?post=3608"}],"curies":[{"name":"wp","href":"https:\/\/api.w.org\/{rel}","templated":true}]}}