{"id":3605,"date":"2019-05-11T10:03:15","date_gmt":"2019-05-11T13:03:15","guid":{"rendered":"https:\/\/blogs.correiobraziliense.com.br\/denise\/?p=3605"},"modified":"2019-05-11T10:03:15","modified_gmt":"2019-05-11T13:03:15","slug":"psl-recorre-as-redes-sociais-para-moro-recuperar-o-coaf","status":"publish","type":"post","link":"https:\/\/blogs.correiobraziliense.com.br\/denise\/psl-recorre-as-redes-sociais-para-moro-recuperar-o-coaf\/","title":{"rendered":"PSL recorre \u00e0s redes sociais para Moro recuperar o Coaf"},"content":{"rendered":"<p><strong>Coluna Bras\u00edlia-DF<\/strong><\/p>\n<p>O PSL de Jair Bolsonaro e o conjunto de deputados que chegaram ao Congresso via internet escolheram as hastags #CoafcomMoro e #CorruptotemmedodoCoaf para medir o grau de influ\u00eancia das suas redes sociais e seu poder de mobiliza\u00e7\u00e3o para mudar um texto na C\u00e2mara. Desde que o resultado foi divulgado no painel de vota\u00e7\u00e3o, os parlamentares est\u00e3o com for\u00e7a total no Twitter, no Facebook, no Instagram e no WhatsApp pedindo aos seguidores e amigos que pressionem os deputados a fim de reverter o texto aprovado na Comiss\u00e3o da Medida Provis\u00f3ria 870, que devolveu o Conselho de Controle de Atividades Financeiras (Coaf) ao Minist\u00e9rio da Economia. At\u00e9 o dia da vota\u00e7\u00e3o, a ordem \u00e9 expor todos os que votaram contra como aqueles que t\u00eam medo do ministro da Justi\u00e7a, S\u00e9rgio Moro.<\/p>\n<p><strong>Detalhe importante:<\/strong> o vereador Carlos Bolsonaro entrou na mobiliza\u00e7\u00e3o expondo o DEM, um dos partidos que votou a favor da volta do Coaf para a Economia. Desdobramentos vir\u00e3o.<\/p>\n<p><strong>S\u00f3 tem um probleminha<\/strong>: para o governo, o importante \u00e9 que o Coaf funcione e que suas apura\u00e7\u00f5es tenham desdobramentos, independentemente de onde esteja alojado.<br \/>\n\u00c9 isso que o ministro da Casa Civil, Onyx Lorenzoni, tentou explicar ao PSL e ao Partido Novo, sem sucesso.<\/p>\n<h2>\n<strong>Ele n\u00e3o I<\/strong><\/h2>\n<p>A repercuss\u00e3o sobre a volta do Coaf ao Minist\u00e9rio da Economia fez o governo balan\u00e7ar em rela\u00e7\u00e3o \u00e0 proposta de nomear Alexandre Baldy ministro das Cidades. O ex-deputado j\u00e1 foi sondado, tudo \u00e9 dado como certo, mas, dentro do Planalto e entre os pol\u00edticos, h\u00e1 o receio de que a derrota do ministro S\u00e9rgio Moro sirva de desculpa para o presidente escolher outro nome. H\u00e1 quem diga, inclusive, que esse pode ser o \u201ctsunami\u201d ao qual o presidente se referiu: n\u00e3o abrir o governo para indica\u00e7\u00f5es de ministros por partidos pol\u00edticos.<\/p>\n<h2>\n<strong>Ele n\u00e3o II<\/strong><\/h2>\n<p>O PSL vai tentar pressionar o Planalto a escolher um nome que n\u00e3o seja ligado diretamente aos parlamentares. Baldy \u00e9 do PP, mas \u00e9 mais pr\u00f3ximo de Rodrigo Maia. Ou seja, internamente, \u00e9 visto como mais um nome do DEM no governo.<\/p>\n<h2>\n<strong>Supervit\u00f3ria do governo<\/strong><\/h2>\n<p>Enquanto o mundo da pol\u00edtica ficou de olho na derrota de S\u00e9rgio Moro na MP 870, o governo comemorava a aprova\u00e7\u00e3o da MP 871. A medida \u00e9 para o combate \u00e0s fraudes do INSS e tira dos sindicatos o poder de declara\u00e7\u00e3o dos trabalhadores rurais.<\/p>\n<h2>\n<strong>\u201cQuem n\u00e3o deve, n\u00e3o Temer\u201d<\/strong><\/h2>\n<p>Do deputado J\u00falio Delgado (PSB-MG) que votar\u00e1 com o PSL para manter o Coaf sob o guarda-chuva da Justi\u00e7a<\/p>\n<p><strong>Fica Bolsonaro I\/<\/strong> A AgroBras\u00edlia, de 14 a 18 de maio, reunir\u00e1 70 entidades do agroneg\u00f3cio do Centro-Oeste. Com a ministra da Agricultura, Tereza Cristina, na \u00c1sia, os produtores est\u00e3o torcendo para que o presidente Jair Bolsonaro troque a agenda de dois dias em Dallas pela presen\u00e7a no cora\u00e7\u00e3o do cerrado.<\/p>\n<p><strong>Fica Bolsonaro II\/<\/strong> Todos querem que ele veja de perto onde est\u00e1 a perspectiva de recupera\u00e7\u00e3o econ\u00f4mica. Em conversas reservadas, os produtores brincam: \u201cEssa hist\u00f3ria de personalidade do ano passa e n\u00e3o gera empregos, os resultados econ\u00f4micos ficam\u201d.<\/p>\n<p><strong>Por falar em Estados Unidos&#8230;\/<\/strong> Os presidentes do Supremo Tribunal Federal, Dias Toffoli, e da C\u00e2mara, Rodrigo Maia, passam esses dias em Nova York. Foram no mesmo voo. Nas conversas, o decreto que ampliou o porte de armas, que o parecer do Legislativo considerou inconstitucional.<\/p>\n<p><strong>Se continuar assim&#8230;\/<\/strong> Eduardo Bolsonaro e Alexandre Frota ir\u00e3o \u00e0s vias de fato na C\u00e2mara. Ontem, Frota ironizou a presen\u00e7a de Datena, poss\u00edvel candidato a prefeito, numa reuni\u00e3o do partido. Eduardo rebateu dizendo que Frota se elegeu na carona de Bolsonaro e s\u00f3 fala mal da direita.<\/p>\n","protected":false},"excerpt":{"rendered":"<p>Coluna Bras\u00edlia-DF O PSL de Jair Bolsonaro e o conjunto de deputados que chegaram ao Congresso via internet escolheram as hastags #CoafcomMoro e #CorruptotemmedodoCoaf para medir o grau de influ\u00eancia das suas redes sociais e seu poder de mobiliza\u00e7\u00e3o para mudar um texto na C\u00e2mara. Desde que o resultado foi divulgado no painel de vota\u00e7\u00e3o, os parlamentares est\u00e3o com for\u00e7a [&hellip;]<\/p>\n","protected":false},"author":29,"featured_media":3606,"comment_status":"closed","ping_status":"closed","sticky":false,"template":"","format":"standard","meta":{"footnotes":""},"categories":[4],"tags":[],"class_list":["post-3605","post","type-post","status-publish","format-standard","has-post-thumbnail","hentry","category-coluna-brasilia-df"],"_links":{"self":[{"href":"https:\/\/blogs.correiobraziliense.com.br\/denise\/wp-json\/wp\/v2\/posts\/3605","targetHints":{"allow":["GET"]}}],"collection":[{"href":"https:\/\/blogs.correiobraziliense.com.br\/denise\/wp-json\/wp\/v2\/posts"}],"about":[{"href":"https:\/\/blogs.correiobraziliense.com.br\/denise\/wp-json\/wp\/v2\/types\/post"}],"author":[{"embeddable":true,"href":"https:\/\/blogs.correiobraziliense.com.br\/denise\/wp-json\/wp\/v2\/users\/29"}],"replies":[{"embeddable":true,"href":"https:\/\/blogs.correiobraziliense.com.br\/denise\/wp-json\/wp\/v2\/comments?post=3605"}],"version-history":[{"count":1,"href":"https:\/\/blogs.correiobraziliense.com.br\/denise\/wp-json\/wp\/v2\/posts\/3605\/revisions"}],"predecessor-version":[{"id":3607,"href":"https:\/\/blogs.correiobraziliense.com.br\/denise\/wp-json\/wp\/v2\/posts\/3605\/revisions\/3607"}],"wp:featuredmedia":[{"embeddable":true,"href":"https:\/\/blogs.correiobraziliense.com.br\/denise\/wp-json\/wp\/v2\/media\/3606"}],"wp:attachment":[{"href":"https:\/\/blogs.correiobraziliense.com.br\/denise\/wp-json\/wp\/v2\/media?parent=3605"}],"wp:term":[{"taxonomy":"category","embeddable":true,"href":"https:\/\/blogs.correiobraziliense.com.br\/denise\/wp-json\/wp\/v2\/categories?post=3605"},{"taxonomy":"post_tag","embeddable":true,"href":"https:\/\/blogs.correiobraziliense.com.br\/denise\/wp-json\/wp\/v2\/tags?post=3605"}],"curies":[{"name":"wp","href":"https:\/\/api.w.org\/{rel}","templated":true}]}}