{"id":3589,"date":"2019-05-06T08:12:54","date_gmt":"2019-05-06T11:12:54","guid":{"rendered":"https:\/\/blogs.correiobraziliense.com.br\/denise\/?p=3589"},"modified":"2019-05-06T08:12:54","modified_gmt":"2019-05-06T11:12:54","slug":"em-busca-de-prestigio-frentes-parlamentares-se-multiplicam-no-congresso","status":"publish","type":"post","link":"https:\/\/blogs.correiobraziliense.com.br\/denise\/em-busca-de-prestigio-frentes-parlamentares-se-multiplicam-no-congresso\/","title":{"rendered":"Em busca de prest\u00edgio, frentes parlamentares se multiplicam no Congresso"},"content":{"rendered":"<p><strong>Coluna Bras\u00edlia-DF<\/strong><\/p>\n<p>A nomea\u00e7\u00e3o de ministros pelas chamadas bancadas tem\u00e1ticas do agro e da sa\u00fade fez chover frentes parlamentares no Congresso. Em quatro meses de funcionamento desta Legislatura, foram criadas 127, sendo que h\u00e1 muitas sobre o mesmo tema, mudando apenas a orienta\u00e7\u00e3o do coordenador, um da oposi\u00e7\u00e3o, outro da situa\u00e7\u00e3o. Agricultura familiar, por exemplo, tem duas: uma comandada por Heitor Schuch (PSB-RS), outra por Marreca Filho (Patri-MA). At\u00e9 os Brics (Brasil, R\u00fassia, \u00cdndia, China e \u00c1frica do Sul) t\u00eam duas frentes parlamentares, uma capitaneada por Perp\u00e9tua Almeida (PCdoB-AC), que j\u00e1 presidiu a comiss\u00e3o de rela\u00e7\u00f5es exteriores da C\u00e2mara, e outra pelo deputado Fausto Pinato.<\/p>\n<p>E n\u00e3o para por a\u00ed. Na \u00e1rea de sa\u00fade, t\u00eam frentes de todos os tipos. Sobre Infraestrutura, tamb\u00e9m tem v\u00e1rias. Uma de log\u00edstica e infraestrutura, presidida pelo deputado Hugo Leal, e outra exclusiva para a ind\u00fastria mar\u00edtima, da professora Dayane. Do jeito que vai, daqui a pouco, o Congresso ter\u00e1 500 frentes, todas sonhando em ter o mesmo prest\u00edgio e organiza\u00e7\u00e3o da poderosa FPA, a Frente Parlamentar de Agricultura, que re\u00fane maior n\u00famero de deputados e senadores. Sua \u00faltima presidente, Tereza Cristina, virou ministra da Agricultura.<\/p>\n<h2><strong>Decolar.com<\/strong><\/h2>\n<p>O deputado Dami\u00e3o Feliciano (PDT-PB) preside duas frentes parlamentares. Uma Brasil-Tail\u00e2ndia e outra Brasil-Singapura, criadas em 12 de mar\u00e7o, conforme os registros da C\u00e2mara. Ambas tiveram apenas cinco parlamentares em sua primeira reuni\u00e3o, no gabinete de Feliciano. Em comum, nas duas, a presen\u00e7a do presidente da Frente Parlamentar de Defesa de turismo, deputado Herculano Passos, e do senador Weverton Rocha.<\/p>\n<h2>\n<strong>Corrida pelos animais&#8230;<\/strong><\/h2>\n<p>Ricardo Izar (PP-SP) e Fred Costa (Patri-MG) fundaram, cada um, uma Frente Parlamentar Mista em Defesa dos Direitos dos Animais. Fred chegou a registrar uma ata de reuni\u00e3o de funda\u00e7\u00e3o da sua frente em 1\u00ba de fevereiro, quando a C\u00e2mara estava dedicada a eleger os membros da Mesa Diretora.<\/p>\n<h2>\n<strong>\u2026. Deu empate<\/strong><\/h2>\n<p>O desperd\u00edcio de papel e de tempo dos servidores da Casa \u00e9 grande. Os dois pedidos de registro das frentes em defesa dos Direitos dos Animais foram remetidos em 4 de fevereiro. E despachados pela Mesa Diretora em 11 de fevereiro. A Casa n\u00e3o veta a forma\u00e7\u00e3o de frentes.<\/p>\n<h2>\n<strong>Enquanto isso, nas discuss\u00f5es dos projetos\u2026<\/strong><\/h2>\n<p>Integrante do time de advogados de Wesley e Joesley Batista, o criminalista Andr\u00e9 Callegari vai propor aos deputados e senadores que a nova legisla\u00e7\u00e3o estabele\u00e7a os requisitos m\u00ednimos para iniciar uma dela\u00e7\u00e3o premiada. Ele defende ainda que a lei detalhe os casos em que pode haver rescis\u00e3o do acordo, o que hoje n\u00e3o est\u00e1 claro. Como autor do livro rec\u00e9m lan\u00e7ado &#8211; \u201cColabora\u00e7\u00e3o premiada: li\u00e7\u00f5es pr\u00e1ticas e te\u00f3ricas\u201d, ele falar\u00e1 sobre o tema nesta ter\u00e7a-feira, na C\u00e2mara dos Deputados.<\/p>\n<h2>\n<strong>Chega para mandar<\/strong><\/h2>\n<p>Com a nomea\u00e7\u00e3o publicada no Di\u00e1rio Oficial, o almirante S\u00e9rgio Ricardo Segovia assume a Ag\u00eancia Brasileira de Promo\u00e7\u00e3o de Exporta\u00e7\u00f5es e Investimentos (Apex Brasil) com carta branca para demiss\u00f5es. A miss\u00e3o \u00e9 organizar a casa e fazer com que a Apex pare de gastar energia e tempo em futricas.<\/p>\n<h2>\n<em><strong>CURTIDAS<\/strong><\/em><\/h2>\n<p><strong>PT em debate\/<\/strong> Embora com novos nomes, as tend\u00eancias petistas n\u00e3o mudaram seus quadros, nem suas reuni\u00f5es. Este m\u00eas, por exemplo, o grupo Avante, antigo Movimento PT, tem encontro marcado em Natal para come\u00e7ar a discutir como agir\u00e1 na elei\u00e7\u00e3o do novo comando partid\u00e1rio, previsto para outubro.<\/p>\n<p><strong>Economia geral\/<\/strong> Quem for viajar com o presidente Jair Bolsonaro no \u201cAerojair\u201d pelo Brasil \u00e9 bom levar um lanchinho, da mesma forma que o presidente da C\u00e2mara, Rodrigo Maia, sempre faz em voos mais longos. Agora, s\u00f3 \u00e9 servida \u00e1gua mineral.<\/p>\n<p><strong>Economia parcial\/<\/strong> Nos tempos de Dilma Rousseff, a \u00fanica comida especial era a da presidente. Os demais passageiros recebiam um sandu\u00edche frio.<\/p>\n<p><em>Colaborou Bernardo Bittar<\/em><\/p>\n","protected":false},"excerpt":{"rendered":"<p>Coluna Bras\u00edlia-DF A nomea\u00e7\u00e3o de ministros pelas chamadas bancadas tem\u00e1ticas do agro e da sa\u00fade fez chover frentes parlamentares no Congresso. Em quatro meses de funcionamento desta Legislatura, foram criadas 127, sendo que h\u00e1 muitas sobre o mesmo tema, mudando apenas a orienta\u00e7\u00e3o do coordenador, um da oposi\u00e7\u00e3o, outro da situa\u00e7\u00e3o. Agricultura familiar, por exemplo, tem duas: uma comandada por [&hellip;]<\/p>\n","protected":false},"author":29,"featured_media":3590,"comment_status":"closed","ping_status":"closed","sticky":false,"template":"","format":"standard","meta":{"footnotes":""},"categories":[4],"tags":[],"class_list":["post-3589","post","type-post","status-publish","format-standard","has-post-thumbnail","hentry","category-coluna-brasilia-df"],"_links":{"self":[{"href":"https:\/\/blogs.correiobraziliense.com.br\/denise\/wp-json\/wp\/v2\/posts\/3589","targetHints":{"allow":["GET"]}}],"collection":[{"href":"https:\/\/blogs.correiobraziliense.com.br\/denise\/wp-json\/wp\/v2\/posts"}],"about":[{"href":"https:\/\/blogs.correiobraziliense.com.br\/denise\/wp-json\/wp\/v2\/types\/post"}],"author":[{"embeddable":true,"href":"https:\/\/blogs.correiobraziliense.com.br\/denise\/wp-json\/wp\/v2\/users\/29"}],"replies":[{"embeddable":true,"href":"https:\/\/blogs.correiobraziliense.com.br\/denise\/wp-json\/wp\/v2\/comments?post=3589"}],"version-history":[{"count":1,"href":"https:\/\/blogs.correiobraziliense.com.br\/denise\/wp-json\/wp\/v2\/posts\/3589\/revisions"}],"predecessor-version":[{"id":3591,"href":"https:\/\/blogs.correiobraziliense.com.br\/denise\/wp-json\/wp\/v2\/posts\/3589\/revisions\/3591"}],"wp:featuredmedia":[{"embeddable":true,"href":"https:\/\/blogs.correiobraziliense.com.br\/denise\/wp-json\/wp\/v2\/media\/3590"}],"wp:attachment":[{"href":"https:\/\/blogs.correiobraziliense.com.br\/denise\/wp-json\/wp\/v2\/media?parent=3589"}],"wp:term":[{"taxonomy":"category","embeddable":true,"href":"https:\/\/blogs.correiobraziliense.com.br\/denise\/wp-json\/wp\/v2\/categories?post=3589"},{"taxonomy":"post_tag","embeddable":true,"href":"https:\/\/blogs.correiobraziliense.com.br\/denise\/wp-json\/wp\/v2\/tags?post=3589"}],"curies":[{"name":"wp","href":"https:\/\/api.w.org\/{rel}","templated":true}]}}