{"id":3576,"date":"2019-05-01T09:32:27","date_gmt":"2019-05-01T12:32:27","guid":{"rendered":"https:\/\/blogs.correiobraziliense.com.br\/denise\/?p=3576"},"modified":"2019-05-01T09:32:27","modified_gmt":"2019-05-01T12:32:27","slug":"idade-minima-o-coracao-e-o-consenso-na-reforma-da-previdencia","status":"publish","type":"post","link":"https:\/\/blogs.correiobraziliense.com.br\/denise\/idade-minima-o-coracao-e-o-consenso-na-reforma-da-previdencia\/","title":{"rendered":"Idade m\u00ednima, o cora\u00e7\u00e3o e o consenso na reforma da Previd\u00eancia"},"content":{"rendered":"<p><strong>Coluna Bras\u00edlia-DF<\/strong><\/p>\n<p>Se tem algo que come\u00e7a a se tornar um consenso nos partidos ligados ao Planalto ou mesmo os ditos \u201cindependentes\u201d, \u00e9 a necessidade de haver uma idade m\u00ednima para a aposentadoria no Brasil. E mais: \u00e9 ainda um dos pontos que, segundo o presidente da Comiss\u00e3o Especial, Marcelo Ramos (PR-AM), tem tudo para ficar fora da Constitui\u00e7\u00e3o. \u201cO governo quer tirar tudo e o Congresso n\u00e3o quer tirar nada. Acho razo\u00e1vel que, a cada vez que mudar a expectativa de vida do brasileiro, seja poss\u00edvel mudar tamb\u00e9m a idade m\u00ednima para aposentadoria\u201d, disse \u00e0 coluna, logo depois da entrevista ao <strong>CB.Poder<\/strong>.<\/p>\n<p><strong>Em tempo:<\/strong> falta, obviamente, combinar com os outros 512 deputados, ou melhor, 511, uma vez que o presidente da Casa n\u00e3o vota.<\/p>\n<h2><strong>M\u00e3os atadas I<\/strong><\/h2>\n<p>Depois de muita discuss\u00e3o, autoridades brasileiras conclu\u00edram o seguinte sobre o conflito na Venezuela: sem Juan Guaid\u00f3 mostrar que tem poder de fogo internamente, n\u00e3o adianta tomar qualquer atitude que n\u00e3o seja apenas acompanhar o que vem pela frente. O receio \u00e9 que descambe para uma guerra civil.<\/p>\n<h2>\n<strong>M\u00e3os atadas II<\/strong><\/h2>\n<p>A crise da Venezuela mostra ainda que presidente pode muita coisa, mas n\u00e3o pode tudo. Bastou Jair Bolsonaro dizer, no Twitter, que decidiria tudo sobre esse tema \u201cexclusivamente\u201d ouvindo o Conselho de Defesa Nacional, para o presidente da C\u00e2mara, Rodrigo Maia, responder: autorizar declara\u00e7\u00e3o de guerra por parte do presidente da Rep\u00fablica \u00e9 compet\u00eancia \u201cexclusiva\u201d do Congresso Nacional, diz a Constitui\u00e7\u00e3o.<\/p>\n<h2>\n<strong>Bolsonaro no ar<\/strong><\/h2>\n<p>O presidente Jair Bolsonaro prepara um pronunciamento para marcar o Dia do Trabalho. Por enquanto, n\u00e3o h\u00e1 o que comemorar, mas, diante do pouco tempo de governo, d\u00e1 para debitar a conta da heran\u00e7a maldita dos antecessores.<\/p>\n<h2>\n<strong>Quem ganha<\/strong><\/h2>\n<p>A turma do PSD atribui a retomada da <a href=\"https:\/\/blogs.correiobraziliense.com.br\/denise\/fusao-entre-psdb-e-dem-e-analisada-friamente-nos-bastidores\/\">discuss\u00e3o da fus\u00e3o PSDB-DEM<\/a> ao vice-governador de S\u00e3o Paulo, Rodrigo Garcia. \u00c9 que, se Jo\u00e3o Doria for mesmo candidato a presidente da Rep\u00fablica em 2020, Garcia assume o governo paulista e a perspectiva de concorrer \u00e0 reelei\u00e7\u00e3o com o apoio de um candidato forte ao Planalto, no caso, Doria.<\/p>\n<blockquote>\n<p style=\"text-align: center\"><em>\u201cRodrigo (Maia) s\u00f3 aceita a fus\u00e3o se estiver maluco. \u00c9 melhor ser cabe\u00e7a de lagartixa do que rabo de jacar\u00e9\u201d<\/em><\/p>\n<\/blockquote>\n<p style=\"text-align: right\"><strong>Ex-deputado Her\u00e1clito Fortes (DEM-PI), referindo-se \u00e0 fus\u00e3o DEM-PSDB, em entrevista \u00e0 Rede Vida, que vai ao ar hoje, 22h.<\/strong><\/p>\n<p><strong>Trabalho em debate I\/<\/strong> Em AI Superpowers, seu \u00faltimo livro, um dos maiores especialistas em intelig\u00eancia artificial Kai Fu Lee diz que entre 40% e 50% do trabalho nos Estados Unidos ser\u00e3o substitu\u00eddos em 15 anos, ou seja, \u00e9 hora de ficar atento para se atualizar o mais r\u00e1pido poss\u00edvel no que vem por a\u00ed.<\/p>\n<p><strong>Trabalho em debate II<\/strong>\/ No Brasil, ainda n\u00e3o h\u00e1 uma pol\u00edtica p\u00fablica voltada para essa prepara\u00e7\u00e3o dos trabalhadores de um futuro cada vez mais pr\u00f3ximo, conforme comenta o empres\u00e1rio e especialista em transforma\u00e7\u00e3o digital Evanildo Barros Jr: \u201cA escola de hoje deveria ensinar a pensar, porque tudo o que se aprende ser\u00e1 obsoleto\u201d.<\/p>\n<p><strong>Trabalho em debate III\/<\/strong> O maior conselho que ele d\u00e1 aos jovens hoje \u00e9 \u201cconcentre-se em pensar\u201d, al\u00e9m de aprender a linguagem do computador, ou seja, a codificar, algo dispon\u00edvel gratuitamente na internet. \u201cCompreender big data e intelig\u00eancia artificial ser\u00e1 t\u00e3o importante daqui a alguns anos quanto portugu\u00eas e matem\u00e1tica\u201d, diz.<\/p>\n<p><strong>O homem certo<\/strong>\/ O fato de ter sido filiado ao PCdoB e ao PSB deu ao presidente da Comiss\u00e3o Especial da reforma da Previd\u00eancia, Marcelo Ramos (PR-AM), canal aberto para pedir abertamente aos deputados J\u00falio Delgado (PSB-MG) e Orlando Silva (PCdoB-SP) que ajudem a criar um clima amistoso para discuss\u00e3o do tema no colegiado. Obviamente, falta combinar com os demais integrantes da oposi\u00e7\u00e3o. A ordem hoje \u00e9 evitar que venham novas acusa\u00e7\u00f5es, do tipo \u201ctchutchuca\u201de \u201ctigr\u00e3o\u201d para cima do ministro Paulo Guedes.<\/p>\n","protected":false},"excerpt":{"rendered":"<p>Coluna Bras\u00edlia-DF Se tem algo que come\u00e7a a se tornar um consenso nos partidos ligados ao Planalto ou mesmo os ditos \u201cindependentes\u201d, \u00e9 a necessidade de haver uma idade m\u00ednima para a aposentadoria no Brasil. E mais: \u00e9 ainda um dos pontos que, segundo o presidente da Comiss\u00e3o Especial, Marcelo Ramos (PR-AM), tem tudo para ficar fora da Constitui\u00e7\u00e3o. \u201cO [&hellip;]<\/p>\n","protected":false},"author":29,"featured_media":3579,"comment_status":"closed","ping_status":"closed","sticky":false,"template":"","format":"standard","meta":{"footnotes":""},"categories":[4],"tags":[],"class_list":["post-3576","post","type-post","status-publish","format-standard","has-post-thumbnail","hentry","category-coluna-brasilia-df"],"_links":{"self":[{"href":"https:\/\/blogs.correiobraziliense.com.br\/denise\/wp-json\/wp\/v2\/posts\/3576","targetHints":{"allow":["GET"]}}],"collection":[{"href":"https:\/\/blogs.correiobraziliense.com.br\/denise\/wp-json\/wp\/v2\/posts"}],"about":[{"href":"https:\/\/blogs.correiobraziliense.com.br\/denise\/wp-json\/wp\/v2\/types\/post"}],"author":[{"embeddable":true,"href":"https:\/\/blogs.correiobraziliense.com.br\/denise\/wp-json\/wp\/v2\/users\/29"}],"replies":[{"embeddable":true,"href":"https:\/\/blogs.correiobraziliense.com.br\/denise\/wp-json\/wp\/v2\/comments?post=3576"}],"version-history":[{"count":1,"href":"https:\/\/blogs.correiobraziliense.com.br\/denise\/wp-json\/wp\/v2\/posts\/3576\/revisions"}],"predecessor-version":[{"id":3580,"href":"https:\/\/blogs.correiobraziliense.com.br\/denise\/wp-json\/wp\/v2\/posts\/3576\/revisions\/3580"}],"wp:featuredmedia":[{"embeddable":true,"href":"https:\/\/blogs.correiobraziliense.com.br\/denise\/wp-json\/wp\/v2\/media\/3579"}],"wp:attachment":[{"href":"https:\/\/blogs.correiobraziliense.com.br\/denise\/wp-json\/wp\/v2\/media?parent=3576"}],"wp:term":[{"taxonomy":"category","embeddable":true,"href":"https:\/\/blogs.correiobraziliense.com.br\/denise\/wp-json\/wp\/v2\/categories?post=3576"},{"taxonomy":"post_tag","embeddable":true,"href":"https:\/\/blogs.correiobraziliense.com.br\/denise\/wp-json\/wp\/v2\/tags?post=3576"}],"curies":[{"name":"wp","href":"https:\/\/api.w.org\/{rel}","templated":true}]}}