{"id":3566,"date":"2019-04-29T10:16:48","date_gmt":"2019-04-29T13:16:48","guid":{"rendered":"https:\/\/blogs.correiobraziliense.com.br\/denise\/?p=3566"},"modified":"2019-04-29T11:09:17","modified_gmt":"2019-04-29T14:09:17","slug":"entrevista-de-lula-ajuda-bolsonaro","status":"publish","type":"post","link":"https:\/\/blogs.correiobraziliense.com.br\/denise\/entrevista-de-lula-ajuda-bolsonaro\/","title":{"rendered":"Entrevista de Lula ajuda Bolsonaro"},"content":{"rendered":"<p><strong>Coluna Bras\u00edlia-DF<\/strong><\/p>\n<p>O presidente Jair Bolsonaro jamais admitir\u00e1 publicamente, mas, nas internas, seus aliados comemoraram a entrevista de Lula. Explica-se: o que uniu os representantes do mercado, os militares e a turma de investigadores da Lava-Jato (encabe\u00e7ada por S\u00e9rgio Moro) ao atual presidente foi o antipetismo. No momento em que Lula reaparece, os grupos se reaglutinam novamente em torno de Bolsonaro. A ideia dos governistas agora \u00e9 aproveitar esse am\u00e1lgama que a entrevista de Lula produziu, a fim de reposicionar o presidente Bolsonaro. \u00c9 o mote perfeito para afast\u00e1-lo das pol\u00eamicas geradas pelo filho Carlos e dos trope\u00e7os, como querer controlar as campanhas publicit\u00e1rias das estatais, ditar pre\u00e7o de combust\u00edvel e por a\u00ed vai. Com Lula no peda\u00e7o, dizem os bolsonaristas, o governo est\u00e1 salvo.<\/p>\n<h2><strong>Sobra, n\u00e3o!<\/strong><\/h2>\n<p>O Centr\u00e3o quer aproveitar esta semana para tentar convencer o presidente Jair Bolsonaro a abrir \u201cespa\u00e7os nobres\u201d do governo a indica\u00e7\u00f5es pol\u00edticas. Conforme adiantou a coluna na \u00faltima quarta-feira, os oferecidos at\u00e9 agora no \u201cfeir\u00e3o da Esplanada\u201d foram considerados uma xepa.<\/p>\n<h2><strong>Rodrigo e o mercado<\/strong><\/h2>\n<p>O mercado come\u00e7a a se encantar com o presidente da C\u00e2mara, Rodrigo Maia. Isso significa que, se o governador Jo\u00e3o D\u00f3ria desistir de um projeto nacional, o deputado pode virar uma aposta. At\u00e9 agora, ningu\u00e9m cogita a reelei\u00e7\u00e3o de Jair Bolsonaro. O encantamento chega ao ponto de, se Maia desistir da vida p\u00fablica, pode perfeitamente se encaixar nesse ramo.<\/p>\n<blockquote>\n<p style=\"text-align: right\">&#8220;O que as pessoas querem \u00e9 emprego para poder comer. Enquanto se discute sexo dos anjos, as pessoas morrem de fome\u201d<br \/>\n<strong>Do presidente do Senado, Davi Alcolumbre, \u00e0 coluna, depois de acompanhar uma comitiva de senadores a Mina\u00e7u (GO)<\/strong><\/p>\n<\/blockquote>\n<h2><strong>Senadores pelo amianto<\/strong><\/h2>\n<p>O presidente Davi Alcolumbre vai encabe\u00e7ar o lobby de um grupo de senadores para reabertura da mina da cidade de Mina\u00e7u, que exporta para Estados Unidos, Fran\u00e7a e outros pa\u00edses. \u201cO que eu vi na cidade me convenceu\u201d, disse ele, que visitou a regi\u00e3o ao lado do governador Ronaldo Caiado, e uma comitiva de senadores organizar\u00e1 pelo senador Vanderlan (PP-GO).<\/p>\n<h2><strong>23 de outubro<\/strong><\/h2>\n<p>Essa \u00e9 a data estatisticamente calculada para a promulga\u00e7\u00e3o da Nova Previd\u00eancia, conforme estudo da consultoria Metapolitica. O c\u00e1lculo foi feito tomando por base o tempo de tramita\u00e7\u00e3o de todas as emendas constitucionais promulgadas em 30 anos de Constitui\u00e7\u00e3o.<\/p>\n<h2><strong><em>CURTIDAS<\/em><\/strong><\/h2>\n<p><strong>O pr\u00f3ximo embate<\/strong>\/ Pol\u00edticos com assento no Planalto apostam que a viagem do vice-presidente Hamilton Mour\u00e3o \u00e0 China, marcada para 16 de maio, ser\u00e1 motivo de mais reclama\u00e7\u00f5es de Carlos Bolsonaro.<\/p>\n<p><strong>O pr\u00f3ximo embate II<\/strong>\/ Com o pedido de demiss\u00e3o de M\u00e1rcio Coimbra da Apex, resta agora a briga pela presid\u00eancia. O vazamento do nome do almirante terminou por irritar o presidente Jair Bolsonaro e reabrir a press\u00e3o pelo cargo.<\/p>\n<p><strong>Santo de casa&#8230;<\/strong>\/ \u2026 \u00e0s vezes faz milagre. A escolha de S\u00e9rgio Banhos para a vaga de Admar Gonzaga no Tribunal Superior Eleitoral (TSE) foi no sentido de seguir o caminho natural, uma vez que Banho j\u00e1 \u00e9 ministro substituto no tribunal.<\/p>\n<p><strong>Por falar em Admar&#8230;<\/strong>\/ Assim como Lula e Dilma tinham aqueles que sempre consultavam antes de escolher nomes para o Judici\u00e1rio, o presidente Jair Bolsonaro tamb\u00e9m tem. Lula e Dilma consultavam, por exemplo, o ex-deputado Sigmaringa Seixas. Bolsonaro tem entre aqueles que ouve, o ministro Admar Gonzaga, que deixa o TSE e volta a advogar. Gonzaga j\u00e1 foi advogado eleitoral de um de seus filhos.<\/p>\n","protected":false},"excerpt":{"rendered":"<p>Coluna Bras\u00edlia-DF O presidente Jair Bolsonaro jamais admitir\u00e1 publicamente, mas, nas internas, seus aliados comemoraram a entrevista de Lula. Explica-se: o que uniu os representantes do mercado, os militares e a turma de investigadores da Lava-Jato (encabe\u00e7ada por S\u00e9rgio Moro) ao atual presidente foi o antipetismo. No momento em que Lula reaparece, os grupos se reaglutinam novamente em torno de [&hellip;]<\/p>\n","protected":false},"author":29,"featured_media":0,"comment_status":"closed","ping_status":"closed","sticky":false,"template":"","format":"standard","meta":{"footnotes":""},"categories":[4],"tags":[],"class_list":["post-3566","post","type-post","status-publish","format-standard","hentry","category-coluna-brasilia-df"],"_links":{"self":[{"href":"https:\/\/blogs.correiobraziliense.com.br\/denise\/wp-json\/wp\/v2\/posts\/3566","targetHints":{"allow":["GET"]}}],"collection":[{"href":"https:\/\/blogs.correiobraziliense.com.br\/denise\/wp-json\/wp\/v2\/posts"}],"about":[{"href":"https:\/\/blogs.correiobraziliense.com.br\/denise\/wp-json\/wp\/v2\/types\/post"}],"author":[{"embeddable":true,"href":"https:\/\/blogs.correiobraziliense.com.br\/denise\/wp-json\/wp\/v2\/users\/29"}],"replies":[{"embeddable":true,"href":"https:\/\/blogs.correiobraziliense.com.br\/denise\/wp-json\/wp\/v2\/comments?post=3566"}],"version-history":[{"count":3,"href":"https:\/\/blogs.correiobraziliense.com.br\/denise\/wp-json\/wp\/v2\/posts\/3566\/revisions"}],"predecessor-version":[{"id":3571,"href":"https:\/\/blogs.correiobraziliense.com.br\/denise\/wp-json\/wp\/v2\/posts\/3566\/revisions\/3571"}],"wp:attachment":[{"href":"https:\/\/blogs.correiobraziliense.com.br\/denise\/wp-json\/wp\/v2\/media?parent=3566"}],"wp:term":[{"taxonomy":"category","embeddable":true,"href":"https:\/\/blogs.correiobraziliense.com.br\/denise\/wp-json\/wp\/v2\/categories?post=3566"},{"taxonomy":"post_tag","embeddable":true,"href":"https:\/\/blogs.correiobraziliense.com.br\/denise\/wp-json\/wp\/v2\/tags?post=3566"}],"curies":[{"name":"wp","href":"https:\/\/api.w.org\/{rel}","templated":true}]}}