{"id":3553,"date":"2019-04-23T08:56:17","date_gmt":"2019-04-23T11:56:17","guid":{"rendered":"https:\/\/blogs.correiobraziliense.com.br\/denise\/?p=3553"},"modified":"2019-04-23T08:56:17","modified_gmt":"2019-04-23T11:56:17","slug":"stf-ganha-respaldo-juridico-do-inquerito-das-fake-news","status":"publish","type":"post","link":"https:\/\/blogs.correiobraziliense.com.br\/denise\/stf-ganha-respaldo-juridico-do-inquerito-das-fake-news\/","title":{"rendered":"Em Lisboa, STF ganha respaldo jur\u00eddico no inqu\u00e9rito das fake news"},"content":{"rendered":"<p><strong>Coluna Bras\u00edlia-DF<\/strong><\/p>\n<p>Em meio \u00e0 pol\u00eamica sobre o inqu\u00e9rito que investigar\u00e1 ataques ao Supremo Tribunal Federal, o VII F\u00f3rum Jur\u00eddico de Lisboa permitir\u00e1 aos ministros brasileiros sa\u00edrem de l\u00e1 com um lastro para manter as apura\u00e7\u00f5es. J\u00e1 no primeiro dia de discuss\u00f5es, Paulo Souza Mendes, catedr\u00e1tico da Universidade de Lisboa, desmontou o argumento sobre a ilegalidade do inqu\u00e9rito. Ao comparar o sistema dos Estados Unidos com o do Brasil, ele explicou que nos EUA o sistema \u00e9 de \u201cdois advers\u00e1rios\u201d, ou seja, a promotoria e o r\u00e9u travam o debate, e o juiz apenas julga. No Brasil, o sistema \u00e9 inquisitorial, ou seja, o juiz participa da forma\u00e7\u00e3o da prova, questiona as testemunhas e o r\u00e9u, determina atos de investiga\u00e7\u00e3o, ou seja, tamb\u00e9m faz apura\u00e7\u00f5es.<\/p>\n<p>Mendes talvez at\u00e9 desconhe\u00e7a a celeuma a respeito do inqu\u00e9rito que apura ataques ao Supremo. Mas, informado ou n\u00e3o, usou na sua fala praticamente o mesmo argumento acad\u00eamico que o Minist\u00e9rio P\u00fablico lan\u00e7a m\u00e3o para defender o seu poder de investiga\u00e7\u00e3o.<\/p>\n<h2>\n<strong>Vacilou, perdeu<\/strong><\/h2>\n<p>Independentemente do resultado de hoje na Comiss\u00e3o de Constitui\u00e7\u00e3o e Justi\u00e7a da C\u00e2mara, a avalia\u00e7\u00e3o de l\u00edderes aliados \u00e9 de que o governo j\u00e1 perdeu o timing da vota\u00e7\u00e3o. Deveria ter corrido e tentado a aprova\u00e7\u00e3o logo depois da descortesia da oposi\u00e7\u00e3o com o ministro da Economia, Paulo Guedes. Por isso, a ordem \u00e9 votar hoje de qualquer jeito na CCJ, sem mais atrasos.<\/p>\n<h2>\n<strong>E o Centr\u00e3o, hein?<\/strong><\/h2>\n<p>At\u00e9 o \u00faltimo momento, o governo vai tentar convencer os partidos de Centro, que for\u00e7am mudan\u00e7as j\u00e1, a deixarem qualquer altera\u00e7\u00e3o para a etapa posterior, na comiss\u00e3o de m\u00e9rito. Isso porque, se houver qualquer negocia\u00e7\u00e3o profunda agora, mais \u00e0 frente vir\u00e3o outros pontos.<\/p>\n<h2>\n<strong>C\u00e1 entre n\u00f3s<\/strong><\/h2>\n<p>Em conversas para l\u00e1 de reservadas, h\u00e1 quem esteja certo de que o Centr\u00e3o deseja mesmo \u00e9 negociar algum espa\u00e7o no governo e for\u00e7a mudan\u00e7as agora no texto para, na hora de analisar o m\u00e9rito, vir com novos pedidos e, assim, obrigar o governo a ceder espa\u00e7o para n\u00e3o desidratar a proposta.<\/p>\n<h2>\n<strong>Onde mora o perigo<\/strong><\/h2>\n<p>O que mais preocupa o governo hoje \u00e9 a perspectiva de \u201cPibinho\u201d, ou seja, um crescimento da economia modesto no primeiro ano de gest\u00e3o. Se a Previd\u00eancia continuar<br \/>\nnesse passo de tartaruga e os caminhoneiros entrarem em greve, as expectativas continuar\u00e3o modestas.<\/p>\n<p><strong>M\u00fasica &amp; Justi\u00e7a I\/<\/strong> Depois de confidenciar a amigos que est\u00e1 gostando da pol\u00edtica, o ministro da Justi\u00e7a, S\u00e9rgio Moro, terminou sua palestra, ontem, no F\u00f3rum de Lisboa recorrendo \u00e0 m\u00fasica. Ele desejou que, em mat\u00e9ria criminal, o Brasil \u2014 como diz o Fado Tropical, de Chico Buarque (foto) \u2014 se transforme num imenso Portugal.<\/p>\n<p><strong>M\u00fasica &amp; Justi\u00e7a II<\/strong>\/ Vale lembrar que Chico, ferrenho militante do movimento Lula Livre, n\u00e3o \u00e9 l\u00e1 muito chegado ao ministro.<\/p>\n<p><strong>Enquanto isso, em Bras\u00edlia&#8230;<\/strong>\/ A press\u00e3o para mudan\u00e7as no texto da reforma previdenci\u00e1ria continua. Hoje, por exemplo, o Sindifisco faz um semin\u00e1rio sobre o tema, com a participa\u00e7\u00e3o de autoridades no assunto e juristas. No primeiro painel, um dos palestrantes \u00e9 o ministro Luiz Fux, do Supremo Tribunal Federal.<\/p>\n<p><strong>Sob encomenda<\/strong>\/ J\u00e1 tem gente achando que as pol\u00eamicas levantadas por Olavo de Carvalho s\u00e3o, realmente, combinadas. Agora, enquanto o escritor critica os militares, confus\u00f5es, como a tens\u00e3o com a possibilidade de greve dos caminhoneiros, v\u00e3o ficando em segundo plano.<\/p>\n","protected":false},"excerpt":{"rendered":"<p>Coluna Bras\u00edlia-DF Em meio \u00e0 pol\u00eamica sobre o inqu\u00e9rito que investigar\u00e1 ataques ao Supremo Tribunal Federal, o VII F\u00f3rum Jur\u00eddico de Lisboa permitir\u00e1 aos ministros brasileiros sa\u00edrem de l\u00e1 com um lastro para manter as apura\u00e7\u00f5es. J\u00e1 no primeiro dia de discuss\u00f5es, Paulo Souza Mendes, catedr\u00e1tico da Universidade de Lisboa, desmontou o argumento sobre a ilegalidade do inqu\u00e9rito. Ao comparar [&hellip;]<\/p>\n","protected":false},"author":29,"featured_media":3554,"comment_status":"closed","ping_status":"closed","sticky":false,"template":"","format":"standard","meta":{"footnotes":""},"categories":[4],"tags":[],"class_list":["post-3553","post","type-post","status-publish","format-standard","has-post-thumbnail","hentry","category-coluna-brasilia-df"],"_links":{"self":[{"href":"https:\/\/blogs.correiobraziliense.com.br\/denise\/wp-json\/wp\/v2\/posts\/3553","targetHints":{"allow":["GET"]}}],"collection":[{"href":"https:\/\/blogs.correiobraziliense.com.br\/denise\/wp-json\/wp\/v2\/posts"}],"about":[{"href":"https:\/\/blogs.correiobraziliense.com.br\/denise\/wp-json\/wp\/v2\/types\/post"}],"author":[{"embeddable":true,"href":"https:\/\/blogs.correiobraziliense.com.br\/denise\/wp-json\/wp\/v2\/users\/29"}],"replies":[{"embeddable":true,"href":"https:\/\/blogs.correiobraziliense.com.br\/denise\/wp-json\/wp\/v2\/comments?post=3553"}],"version-history":[{"count":1,"href":"https:\/\/blogs.correiobraziliense.com.br\/denise\/wp-json\/wp\/v2\/posts\/3553\/revisions"}],"predecessor-version":[{"id":3555,"href":"https:\/\/blogs.correiobraziliense.com.br\/denise\/wp-json\/wp\/v2\/posts\/3553\/revisions\/3555"}],"wp:featuredmedia":[{"embeddable":true,"href":"https:\/\/blogs.correiobraziliense.com.br\/denise\/wp-json\/wp\/v2\/media\/3554"}],"wp:attachment":[{"href":"https:\/\/blogs.correiobraziliense.com.br\/denise\/wp-json\/wp\/v2\/media?parent=3553"}],"wp:term":[{"taxonomy":"category","embeddable":true,"href":"https:\/\/blogs.correiobraziliense.com.br\/denise\/wp-json\/wp\/v2\/categories?post=3553"},{"taxonomy":"post_tag","embeddable":true,"href":"https:\/\/blogs.correiobraziliense.com.br\/denise\/wp-json\/wp\/v2\/tags?post=3553"}],"curies":[{"name":"wp","href":"https:\/\/api.w.org\/{rel}","templated":true}]}}