{"id":3549,"date":"2019-04-19T10:35:28","date_gmt":"2019-04-19T13:35:28","guid":{"rendered":"https:\/\/blogs.correiobraziliense.com.br\/denise\/?p=3549"},"modified":"2019-04-19T10:35:28","modified_gmt":"2019-04-19T13:35:28","slug":"em-meio-a-inquerito-pesquisa-confirma-desconfianca-entre-os-poderes","status":"publish","type":"post","link":"https:\/\/blogs.correiobraziliense.com.br\/denise\/em-meio-a-inquerito-pesquisa-confirma-desconfianca-entre-os-poderes\/","title":{"rendered":"Em meio a inqu\u00e9rito, pesquisa confirma desconfian\u00e7a entre os poderes"},"content":{"rendered":"<p><strong>Coluna Bras\u00edlia-DF\/Por\u00a0Leonardo Cavalcanti (interino)\u00a0<\/strong><\/p>\n<p>O inqu\u00e9rito no Supremo Tribunal Federal (STF) para apurar as fake news revelou uma queda de bra\u00e7o entre poderes. Na briga, entraram parlamentares e o presidente Jair Bolsonaro e o vice Hamilton Mour\u00e3o. Nos bastidores, o clima \u00e9 de desconfian\u00e7as m\u00fatuas. Pesquisa in\u00e9dita da Prospectiva d\u00e1 uma ideia das suspeitas de parte do Legislativo. Entre os deputados, 72,9% confiam no funcionalismo, e apenas 54%, nos integrantes do sistema de justi\u00e7a.<\/p>\n<p>Os grupos, segundo a pesquisa, que gozam de maior prest\u00edgio entre os pol\u00edticos, s\u00e3o os atuais e ex-parlamentares e os funcion\u00e1rios de carreira (61,8%). Depois aparecem a equipe econ\u00f4mica (57,3%) e os militares (52,4%). Realizado entre 19 e 29 de mar\u00e7o, o levantamento ouviu 205 deputados. A amostra selecionada \u00e9 proporcional ao tamanho das bancadas partid\u00e1rias e tem\u00e1ticas.<\/p>\n<p>Embora 88,5% da bancada da seguran\u00e7a confie nos militares (mais alta entre todas as categorias), o fato de 93,6% da oposi\u00e7\u00e3o n\u00e3o confiar nesse grupo abaixa a m\u00e9dia da caserna. Al\u00e9m disso, nenhum integrante da oposi\u00e7\u00e3o entrevistado confia na equipe econ\u00f4mica. Entre outros partidos, os economistas t\u00eam aceita\u00e7\u00e3o similar \u00e0 dos atuais e ex-parlamentares. Ruralistas confiam muito nesses pol\u00edticos (95,1%).<\/p>\n<h2>\n<strong>Um acerto em mil I<\/strong><\/h2>\n<p>Depois de errar feio em rela\u00e7\u00e3o \u00e0 censura a uma revista e um site, o Supremo finalmente acertou em liberar o pedido da entrevista da Folha de S.Paulo com o ex-presidente Luiz In\u00e1cio Lula da Silva.<\/p>\n<h2>\n<strong>Um acerto em mil II<\/strong><\/h2>\n<p>Por mais que possa haver rea\u00e7\u00f5es em rela\u00e7\u00e3o \u00e0 libera\u00e7\u00e3o da entrevista de Lula, o tribunal tenta recuperar a imagem com o epis\u00f3dio da censura do ministro Alexandre de Morais. N\u00e3o ser\u00e1 f\u00e1cil, entretanto.<\/p>\n<p><strong>Press\u00e3o ampliada<\/strong> \/ Ao assistir os movimentos do governo em favor dos caminhoneiros, a Associa\u00e7\u00e3o Nacional das Empresas de Transportes P\u00fablicos (NTU) alertou o Planalto para as dificuldades da sociedade com o reajuste do diesel, que representa 25% dos custos do setor. Na pr\u00e1tica, o que dizem \u00e9 o seguinte: sem pol\u00edtica de pre\u00e7os, o usu\u00e1rio vai sofrer.<\/p>\n<p><strong>Na OCDE<\/strong> \/ Vale acompanhar. O secret\u00e1rio do Consumidor do Minist\u00e9rio da Justi\u00e7a, Luciano Timm, e o embaixador Carlos Cozendey (foto), que conduz a ades\u00e3o do Brasil \u00e0 OCDE, organizaram agenda pr\u00f3pria. A inten\u00e7\u00e3o \u00e9 cumprir procedimentos para a Secretaria Nacional do Consumidor ser oficializada como membro do Comit\u00ea de Direito do Consumidor da OCDE. Tudo na linha do que j\u00e1 ocorreu com o Cade, que integra, desde fevereiro, o Comit\u00ea de Concorr\u00eancia.<\/p>\n<p><strong>Interpol x fake new<\/strong>s \/ Mais de 50 pa\u00edses integrantes da Interpol enviar\u00e3o ao Brasil peritos especializados em crimes cibern\u00e9ticos para a Interforensics 2019, que ocorrer\u00e1 em S\u00e3o Paulo de 21 a 24 de maio. Eles debater\u00e3o temas como fake news e privacidade de dados na web. Organizado pela Academia Brasileira de Ci\u00eancias Forenses (ABCF), o evento deve reunir mais de dois mil especialistas das principais pol\u00edcias e universidades do mundo todo, inclusive do FBI, dos CSIs e das pol\u00edcias cient\u00edficas europeias.<\/p>\n<p><strong>Previd\u00eancia em pauta<\/strong> \/ Na pr\u00f3xima ter\u00e7a-feira, o ministro do STF Luiz Fux abre o Semin\u00e1rio Reforma da Previd\u00eancia \u2013 Impactos Sociais, Econ\u00f4micos e Alternativas. O evento, organizado pelo Sindifisco (a entidade que representa os auditores-fiscais da Receita Federal), ter\u00e1 presen\u00e7a do professor de direito previdenci\u00e1rio F\u00e1bio Ibrahim, do Instituto Brasileiro de Mercado de Capitais, e de Leonardo Jos\u00e9 Rolim, secret\u00e1rio de Previd\u00eancia na Secretaria Especial. As inscri\u00e7\u00f5es estar\u00e3o abertas a partir de segunda-feira.<\/p>\n","protected":false},"excerpt":{"rendered":"<p>Coluna Bras\u00edlia-DF\/Por\u00a0Leonardo Cavalcanti (interino)\u00a0 O inqu\u00e9rito no Supremo Tribunal Federal (STF) para apurar as fake news revelou uma queda de bra\u00e7o entre poderes. Na briga, entraram parlamentares e o presidente Jair Bolsonaro e o vice Hamilton Mour\u00e3o. Nos bastidores, o clima \u00e9 de desconfian\u00e7as m\u00fatuas. Pesquisa in\u00e9dita da Prospectiva d\u00e1 uma ideia das suspeitas de parte do Legislativo. Entre os [&hellip;]<\/p>\n","protected":false},"author":29,"featured_media":3550,"comment_status":"closed","ping_status":"closed","sticky":false,"template":"","format":"standard","meta":{"footnotes":""},"categories":[4],"tags":[],"class_list":["post-3549","post","type-post","status-publish","format-standard","has-post-thumbnail","hentry","category-coluna-brasilia-df"],"_links":{"self":[{"href":"https:\/\/blogs.correiobraziliense.com.br\/denise\/wp-json\/wp\/v2\/posts\/3549","targetHints":{"allow":["GET"]}}],"collection":[{"href":"https:\/\/blogs.correiobraziliense.com.br\/denise\/wp-json\/wp\/v2\/posts"}],"about":[{"href":"https:\/\/blogs.correiobraziliense.com.br\/denise\/wp-json\/wp\/v2\/types\/post"}],"author":[{"embeddable":true,"href":"https:\/\/blogs.correiobraziliense.com.br\/denise\/wp-json\/wp\/v2\/users\/29"}],"replies":[{"embeddable":true,"href":"https:\/\/blogs.correiobraziliense.com.br\/denise\/wp-json\/wp\/v2\/comments?post=3549"}],"version-history":[{"count":1,"href":"https:\/\/blogs.correiobraziliense.com.br\/denise\/wp-json\/wp\/v2\/posts\/3549\/revisions"}],"predecessor-version":[{"id":3551,"href":"https:\/\/blogs.correiobraziliense.com.br\/denise\/wp-json\/wp\/v2\/posts\/3549\/revisions\/3551"}],"wp:featuredmedia":[{"embeddable":true,"href":"https:\/\/blogs.correiobraziliense.com.br\/denise\/wp-json\/wp\/v2\/media\/3550"}],"wp:attachment":[{"href":"https:\/\/blogs.correiobraziliense.com.br\/denise\/wp-json\/wp\/v2\/media?parent=3549"}],"wp:term":[{"taxonomy":"category","embeddable":true,"href":"https:\/\/blogs.correiobraziliense.com.br\/denise\/wp-json\/wp\/v2\/categories?post=3549"},{"taxonomy":"post_tag","embeddable":true,"href":"https:\/\/blogs.correiobraziliense.com.br\/denise\/wp-json\/wp\/v2\/tags?post=3549"}],"curies":[{"name":"wp","href":"https:\/\/api.w.org\/{rel}","templated":true}]}}