{"id":3542,"date":"2019-04-18T11:58:24","date_gmt":"2019-04-18T14:58:24","guid":{"rendered":"https:\/\/blogs.correiobraziliense.com.br\/denise\/?p=3542"},"modified":"2019-04-18T12:01:09","modified_gmt":"2019-04-18T15:01:09","slug":"problema-do-governo-para-aprovar-reforma-da-previdencia-esta-no-centrao","status":"publish","type":"post","link":"https:\/\/blogs.correiobraziliense.com.br\/denise\/problema-do-governo-para-aprovar-reforma-da-previdencia-esta-no-centrao\/","title":{"rendered":"Problema do governo para aprovar reforma da Previd\u00eancia est\u00e1 no Centr\u00e3o"},"content":{"rendered":"<p><strong>Coluna Bras\u00edlia-DF\/Por\u00a0Leonardo Cavalcanti \u00a0<\/strong><\/p>\n<p>O adiamento da reforma da Previd\u00eancia na Comiss\u00e3o de Constitui\u00e7\u00e3o e Justi\u00e7a (CCJ) \u00e9 um reflexo da dificuldade do governo em dar seguran\u00e7a aos pr\u00f3prios parlamentares da base \u2014 pelo menos aqueles dispostos a aprovar o texto com as mudan\u00e7as nas regras de aposentadoria. Esque\u00e7a a oposi\u00e7\u00e3o, ela n\u00e3o tem for\u00e7a suficiente para travar a tramita\u00e7\u00e3o. O problema est\u00e1 nos aliados do Centr\u00e3o, grupo formado prioritariamente pelo DEM, PR, PP e Solidariedade. Se os parlamentares dessas legendas j\u00e1 tinham mostrado pouca vontade em defender o ministro da Economia, Paulo Guedes, na ida dele ao Congresso no in\u00edcio do m\u00eas, deixaram clara a insatisfa\u00e7\u00e3o na manh\u00e3 de ontem na CCJ.<\/p>\n<p>O receio agora \u00e9 a Proposta de Emenda Constitucional (PEC) ser alterada ainda na CCJ, antes mesmo de chegar \u00e0 comiss\u00e3o especial, onde o texto deve sofrer mudan\u00e7as. Uma pesquisa feita pela Prospectiva sobre o ambiente pol\u00edtico mostra o tamanho das dificuldades. Realizada entre 19 e 29 de mar\u00e7o, o levantamento ouviu 205 deputados federais. A amostra selecionada \u00e9 proporcional ao tamanho das bancadas partid\u00e1rias e tem\u00e1ticas.<\/p>\n<p>Os n\u00fameros s\u00e3o reveladores. Uma das perguntas tratou das chances de o Planalto aprovar uma PEC (n\u00e3o necessariamente da Previd\u00eancia), mesmo negociando caso a caso. O resultado \u00e9 que, na base, formada prioritariamente pelo PSL, 44,6% apostam no \u00eaxito do governo. Os dados pioram quando os entrevistados s\u00e3o da base condicionada (37,8%) e da oposi\u00e7\u00e3o (10,8%).<\/p>\n<h2><strong>F\u00e9 e gado<\/strong><\/h2>\n<p>Segundo a pesquisa da Prospectiva feita com deputados, a bancada evang\u00e9lica \u00e9 a que menos acredita na governabilidade do Planalto \u2014 os ruralistas s\u00e3o os mais confiantes.<\/p>\n<h2><strong>Cr\u00edticas<\/strong><\/h2>\n<p>Entrevistado ontem no CB.Poder, uma parceria entre o <strong>Correio<\/strong> e a TV Bras\u00edlia, o deputado Lu\u00eds Miranda, do DEM do DF, disse que falta ao governo maior di\u00e1logo com os aliados. \u201c\u00c9 preciso explicar melhor o projeto para a base, para que se o aprove de uma vez.\u201d<\/p>\n<h2><em><strong>CURTIDAS<\/strong><\/em><\/h2>\n<p><strong>Impeachment I<\/strong> \/\/ Os senadores Alexandre Vieira (Cidadania-SE); Jorge Kajuru (PSB-GO); Reguffe (Sem partido-DF); Styvenson Valentim (Pode-RN); Lasier Martins (Pode-RS); Luiz Carlos Heinze (PP-RS) e Randolfe Rodrigues (Rede-AP) subscreveram os pedidos de impeachment do presidente do Supremo, Dias Toffoli, e do ministro Alexandre de Moraes.<\/p>\n<p><strong>Impeachment II<\/strong> \/\/ \u201cAssinei os pedidos de CPI da Lava-Toga e assinarei quantos forem necess\u00e1rios. O Supremo n\u00e3o pode ser intoc\u00e1vel\u201d, diz Reguffe. O principal argumento para o impeachment dos ministros \u00e9 o abuso de poder por parte do STF. O pedido, por\u00e9m, tem um destino quase certo: a gaveta do presidente do Senado, Davi Alcolumbre (DEM-AP).<\/p>\n<p><strong>Cretinos<\/strong> \/\/ Em grupos de WhatsApp, delegados inconsequentes e perversos da Pol\u00edcia Federal, ao comentarem sobre o suic\u00eddio do peruano Alan Garc\u00eda, defenderam que o ex-presidente Luiz In\u00e1cio Lula da Silva deveria fazer o mesmo. A cretinice n\u00e3o tem limites at\u00e9 mesmo para servidores do alto escal\u00e3o do governo federal.<\/p>\n<p><strong>Ca\u00e7as conspira\u00e7\u00e3o<\/strong> \/\/ Afastado das controv\u00e9rsias por causa dos novos nomes da C\u00e2mara, o deputado federal Marco Feliciano (Podemos-SP) resolveu entrar no grupo amalucado de ca\u00e7a, chefiado por Olavo de Carvalho, e foi para cima do vice-presidente Hamilton Mour\u00e3o. O folclore n\u00e3o tem limites na base de Bolsonaro.<\/p>\n","protected":false},"excerpt":{"rendered":"<p>Coluna Bras\u00edlia-DF\/Por\u00a0Leonardo Cavalcanti \u00a0 O adiamento da reforma da Previd\u00eancia na Comiss\u00e3o de Constitui\u00e7\u00e3o e Justi\u00e7a (CCJ) \u00e9 um reflexo da dificuldade do governo em dar seguran\u00e7a aos pr\u00f3prios parlamentares da base \u2014 pelo menos aqueles dispostos a aprovar o texto com as mudan\u00e7as nas regras de aposentadoria. Esque\u00e7a a oposi\u00e7\u00e3o, ela n\u00e3o tem for\u00e7a suficiente para travar a tramita\u00e7\u00e3o. [&hellip;]<\/p>\n","protected":false},"author":29,"featured_media":3543,"comment_status":"closed","ping_status":"closed","sticky":false,"template":"","format":"standard","meta":{"footnotes":""},"categories":[4],"tags":[],"class_list":["post-3542","post","type-post","status-publish","format-standard","has-post-thumbnail","hentry","category-coluna-brasilia-df"],"_links":{"self":[{"href":"https:\/\/blogs.correiobraziliense.com.br\/denise\/wp-json\/wp\/v2\/posts\/3542","targetHints":{"allow":["GET"]}}],"collection":[{"href":"https:\/\/blogs.correiobraziliense.com.br\/denise\/wp-json\/wp\/v2\/posts"}],"about":[{"href":"https:\/\/blogs.correiobraziliense.com.br\/denise\/wp-json\/wp\/v2\/types\/post"}],"author":[{"embeddable":true,"href":"https:\/\/blogs.correiobraziliense.com.br\/denise\/wp-json\/wp\/v2\/users\/29"}],"replies":[{"embeddable":true,"href":"https:\/\/blogs.correiobraziliense.com.br\/denise\/wp-json\/wp\/v2\/comments?post=3542"}],"version-history":[{"count":3,"href":"https:\/\/blogs.correiobraziliense.com.br\/denise\/wp-json\/wp\/v2\/posts\/3542\/revisions"}],"predecessor-version":[{"id":3547,"href":"https:\/\/blogs.correiobraziliense.com.br\/denise\/wp-json\/wp\/v2\/posts\/3542\/revisions\/3547"}],"wp:featuredmedia":[{"embeddable":true,"href":"https:\/\/blogs.correiobraziliense.com.br\/denise\/wp-json\/wp\/v2\/media\/3543"}],"wp:attachment":[{"href":"https:\/\/blogs.correiobraziliense.com.br\/denise\/wp-json\/wp\/v2\/media?parent=3542"}],"wp:term":[{"taxonomy":"category","embeddable":true,"href":"https:\/\/blogs.correiobraziliense.com.br\/denise\/wp-json\/wp\/v2\/categories?post=3542"},{"taxonomy":"post_tag","embeddable":true,"href":"https:\/\/blogs.correiobraziliense.com.br\/denise\/wp-json\/wp\/v2\/tags?post=3542"}],"curies":[{"name":"wp","href":"https:\/\/api.w.org\/{rel}","templated":true}]}}