{"id":3539,"date":"2019-04-17T08:33:05","date_gmt":"2019-04-17T11:33:05","guid":{"rendered":"https:\/\/blogs.correiobraziliense.com.br\/denise\/?p=3539"},"modified":"2019-04-17T08:33:05","modified_gmt":"2019-04-17T11:33:05","slug":"bolsonaro-seguir-lista-triplice-caso-tenha-nome-proximo-planalto","status":"publish","type":"post","link":"https:\/\/blogs.correiobraziliense.com.br\/denise\/bolsonaro-seguir-lista-triplice-caso-tenha-nome-proximo-planalto\/","title":{"rendered":"Bolsonaro s\u00f3 deve seguir lista tr\u00edplice caso tenha um nome pr\u00f3ximo do Planalto"},"content":{"rendered":"<p><strong>Coluna Bras\u00edlia-DF\/Por Leonardo\u00a0Cavalcanti<\/strong><\/p>\n<p>Enquanto os procuradores da Rep\u00fablica acreditam que o presidente Jair Bolsonaro vai seguir a lista tr\u00edplice da categoria para a escolha do chefe do Minist\u00e9rio P\u00fablico, o capit\u00e3o reformado deve ignorar os indicados. Explica-se. Hoje, no Planalto, as \u00fanicas regras para a sucess\u00e3o de Raquel Dodge s\u00e3o ter no m\u00ednimo 35 anos e pertencer \u00e0 carreira do MP. Assim, a vota\u00e7\u00e3o organizada pela Associa\u00e7\u00e3o Nacional dos Procuradores da Rep\u00fablica (ANPR) deve ser desconsiderada por Bolsonaro, que n\u00e3o \u00e9 obrigado a seguir a lista.<\/p>\n<p>Para o pessoal da PGR, entretanto, os ministros Onyx Lorenzoni e S\u00e9rgio Moro devem convencer Bolsonaro a confirmar a lista, caso, entre os tr\u00eas primeiros colocados, esteja um nome mais pr\u00f3ximo do Planalto. Como as inscri\u00e7\u00f5es para a disputa s\u00f3 ocorrem entre 6 e 15 de maio, o tema \u00e9 acompanhado ainda discretamente pela c\u00fapula palaciana.<\/p>\n<p>Dodge termina o mandato apenas em meados de setembro, mas a elei\u00e7\u00e3o da lista tr\u00edplice pela ANPR est\u00e1 marcada para 18 de junho. Integrantes do governo acham que o intervalo entre a vota\u00e7\u00e3o e a posse serve apenas para os procuradores pressionarem o Planalto \u2014 que deve, assim, cozinhar a decis\u00e3o para o fim da gest\u00e3o de Dodge.<\/p>\n<p>Samba do jurista doido<\/p>\n<p>Para observadores mais atentos \u00e0 cena jur\u00eddica na capital, a determina\u00e7\u00e3o de Raquel Dodge de arquivar o inqu\u00e9rito para apurar fake news contra membros do Supremo Tribunal Federal estava fadada ao fracasso desde o primeiro momento. Se o ministro Alexandre de Moraes, do STF, n\u00e3o tivesse rejeitado a a\u00e7\u00e3o, a PGR teria passado por cima da Corte, engrossando ainda mais o caldo das decis\u00f5es amalucadas, como a da censura \u00e0 revista Cruso\u00e9.<\/p>\n<h2><strong>Senado em chamas\u00a0<\/strong><\/h2>\n<p>Ontem, o Senado estava em chamas por causa da censura e da opera\u00e7\u00e3o de busca no inqu\u00e9rito do Supremo sobre fake news. O senador Lasier Martins (foto) cobrou do presidente da Casa, Davi Alcolumbre, uma resposta ao que chamou de crescentes abusos cometidos pelo STF no esfor\u00e7o de proteger integrantes \u201cacusados de irregularidades\u201d. A CPI da Lava Toga, inclusive, voltou a ser lembrada ao longo do dia.<\/p>\n<p><strong>Fim dos conselhos sociais<\/strong> \/\/ Sete c\u00e2maras de coordena\u00e7\u00e3o e revis\u00e3o do Minist\u00e9rio P\u00fablico e a Procuradoria Federal dos Direitos do Cidad\u00e3o assinaram nota p\u00fablica contra a decis\u00e3o do governo de extinguir 35 conselhos sociais, a partir de junho. Entre eles, est\u00e3o o de enfrentamento ao tr\u00e1fico de pessoa e o dos direitos de pessoa com defici\u00eancia. Para o MPF, os colegiados devem ser mantidos, especialmente aqueles previstos constitucionalmente ou em tratados internacionais.<\/p>\n<p><strong>Embarque para o Rio<\/strong> \/\/ O BNDES se antecipou e convidou deputados federais integrantes da CPI que investiga contratos internacionais do banco, no per\u00edodo de 2003 a 2015, para apresenta\u00e7\u00e3o sobre governan\u00e7a e transpar\u00eancia. \u201cVamos conhecer detalhes de procedimentos, mas tamb\u00e9m cobrar informa\u00e7\u00f5es\u201d, diz Paula Belmonte (Cidadania-DF), vice-presidente da comiss\u00e3o. Ao todo, oito parlamentares embarcam hoje para visitar a sede do banco, no Rio.<\/p>\n<p><strong>Lan\u00e7amento<\/strong> \/\/ No pr\u00f3ximo 7 de maio, Marion Nestle, professora em\u00e9rita da Faculdade de Nutri\u00e7\u00e3o, Estudos Alimentares e Sa\u00fade P\u00fablica da Universidade de Nova York, lan\u00e7a, em Bras\u00edlia, o livro Uma verdade indigesta. Em linguagem leve, a obra revela como corpora\u00e7\u00f5es se valem de pesquisas para criar confus\u00f5es nos h\u00e1bitos alimentares das pessoas. O livro ser\u00e1 lan\u00e7ado \u00e0s 18h, na Universidade de Bras\u00edlia (UnB).<\/p>\n","protected":false},"excerpt":{"rendered":"<p>Coluna Bras\u00edlia-DF\/Por Leonardo\u00a0Cavalcanti Enquanto os procuradores da Rep\u00fablica acreditam que o presidente Jair Bolsonaro vai seguir a lista tr\u00edplice da categoria para a escolha do chefe do Minist\u00e9rio P\u00fablico, o capit\u00e3o reformado deve ignorar os indicados. Explica-se. Hoje, no Planalto, as \u00fanicas regras para a sucess\u00e3o de Raquel Dodge s\u00e3o ter no m\u00ednimo 35 anos e pertencer \u00e0 carreira do [&hellip;]<\/p>\n","protected":false},"author":29,"featured_media":3540,"comment_status":"closed","ping_status":"closed","sticky":false,"template":"","format":"standard","meta":{"footnotes":""},"categories":[4],"tags":[],"class_list":["post-3539","post","type-post","status-publish","format-standard","has-post-thumbnail","hentry","category-coluna-brasilia-df"],"_links":{"self":[{"href":"https:\/\/blogs.correiobraziliense.com.br\/denise\/wp-json\/wp\/v2\/posts\/3539","targetHints":{"allow":["GET"]}}],"collection":[{"href":"https:\/\/blogs.correiobraziliense.com.br\/denise\/wp-json\/wp\/v2\/posts"}],"about":[{"href":"https:\/\/blogs.correiobraziliense.com.br\/denise\/wp-json\/wp\/v2\/types\/post"}],"author":[{"embeddable":true,"href":"https:\/\/blogs.correiobraziliense.com.br\/denise\/wp-json\/wp\/v2\/users\/29"}],"replies":[{"embeddable":true,"href":"https:\/\/blogs.correiobraziliense.com.br\/denise\/wp-json\/wp\/v2\/comments?post=3539"}],"version-history":[{"count":1,"href":"https:\/\/blogs.correiobraziliense.com.br\/denise\/wp-json\/wp\/v2\/posts\/3539\/revisions"}],"predecessor-version":[{"id":3541,"href":"https:\/\/blogs.correiobraziliense.com.br\/denise\/wp-json\/wp\/v2\/posts\/3539\/revisions\/3541"}],"wp:featuredmedia":[{"embeddable":true,"href":"https:\/\/blogs.correiobraziliense.com.br\/denise\/wp-json\/wp\/v2\/media\/3540"}],"wp:attachment":[{"href":"https:\/\/blogs.correiobraziliense.com.br\/denise\/wp-json\/wp\/v2\/media?parent=3539"}],"wp:term":[{"taxonomy":"category","embeddable":true,"href":"https:\/\/blogs.correiobraziliense.com.br\/denise\/wp-json\/wp\/v2\/categories?post=3539"},{"taxonomy":"post_tag","embeddable":true,"href":"https:\/\/blogs.correiobraziliense.com.br\/denise\/wp-json\/wp\/v2\/tags?post=3539"}],"curies":[{"name":"wp","href":"https:\/\/api.w.org\/{rel}","templated":true}]}}