{"id":3535,"date":"2019-04-16T08:54:57","date_gmt":"2019-04-16T11:54:57","guid":{"rendered":"https:\/\/blogs.correiobraziliense.com.br\/denise\/?p=3535"},"modified":"2019-04-16T08:55:35","modified_gmt":"2019-04-16T11:55:35","slug":"ministerio-publico-isola-interferencia-politica-na-eleicao-da-pgr","status":"publish","type":"post","link":"https:\/\/blogs.correiobraziliense.com.br\/denise\/ministerio-publico-isola-interferencia-politica-na-eleicao-da-pgr\/","title":{"rendered":"Minist\u00e9rio P\u00fablico isola interfer\u00eancia pol\u00edtica na elei\u00e7\u00e3o da PGR"},"content":{"rendered":"<p><strong>Coluna Bras\u00edlia-DF\/ Por Leonardo Cavalcanti \u00a0<\/strong><\/p>\n<p>Procuradores que se preparam para disputar o cargo de chefe do Minist\u00e9rio P\u00fablico estranharam a movimenta\u00e7\u00e3o dos partidos para interferir na elei\u00e7\u00e3o da categoria prevista para junho. Hoje, \u00e0s 11h, deputados do Centr\u00e3o se re\u00fanem no Congresso. Devem avaliar se enviam ao Supremo a\u00e7\u00e3o direta de inconstitucionalidade (ADI) para que apenas subprocuradores gerais \u2014 que atuam em tribunais superiores, ao contr\u00e1rio dos procuradores regionais \u2014 possam ser indicados ao cargo ocupado por Raquel Dodge. A tentativa \u00e9 a de impedir que integrantes mais novos na carreira \u2014 e por tabela, voltados a investiga\u00e7\u00f5es mais recentes, como as da Lava-Jato \u2014 participem da elei\u00e7\u00e3o do MP.<\/p>\n<p>\u00bb \u00bb \u00bb<\/p>\n<p>Caso se confirme a a\u00e7\u00e3o por parte dos parlamentares, procuradores devem elevar o tom em defesa da independ\u00eancia da categoria que, desde 2003, organiza uma lista tr\u00edplice para a indica\u00e7\u00e3o da chefia da Procuradoria-Geral da Rep\u00fablica sem a distin\u00e7\u00e3o entre os cargos no MP e com a \u00fanica exig\u00eancia de idade m\u00ednima de 35 anos. Nos grupos de mensagens instant\u00e2neas, ontem, integrantes do Minist\u00e9rio Publico chegaram a suspeitar que a a\u00e7\u00e3o dos parlamentares tenha sido estimulada por gente da pr\u00f3pria categoria.<\/p>\n<p>\u00bb \u00bb \u00bb<\/p>\n<p>A a\u00e7\u00e3o dos deputados do Centr\u00e3o tem raz\u00e3o de ser, pois parte deles \u00e9 alvo de investiga\u00e7\u00f5es. No entanto, pol\u00edticos mais cautelosos temem rea\u00e7\u00f5es contr\u00e1rias da opini\u00e3o p\u00fablica caso a ADI seja protocolada, a ponto de o envio ter perdido for\u00e7a nas \u00faltimas 24 horas.<\/p>\n<h2><strong>O \u201ccaipora\u201d<\/strong><\/h2>\n<p>Se dependesse do presidente da Comiss\u00e3o de Constitui\u00e7\u00e3o e Justi\u00e7a (CCJ) da C\u00e2mara, Felipe Francischini (PSL-PR), as longas reuni\u00f5es que ocorrem no local seriam interrompidas de tempos em tempos. \u00c9 que o novato sente falta de tragar um cigarrinho durante os debates.<\/p>\n<h2><strong>Grupos de press\u00e3o<\/strong><\/h2>\n<p>Entre gente do mercado, corre a informa\u00e7\u00e3o de que o governo chin\u00eas contra-ataca na guerra aberta pelo leil\u00e3o do 5G no ano que vem. \u00c9 que os Estados Unidos pediram ao Brasil para excluir do certame a Huawei, uma multinacional de telecomunica\u00e7\u00f5es sediada em Shenzhen. Caso o governo Bolsonaro aceite as alega\u00e7\u00f5es dos norte-americanos, a China deve retaliar e cortar alguns volumes de importa\u00e7\u00e3o de soja.<\/p>\n<h2><strong><em>CURTIDAS<\/em><\/strong><\/h2>\n<p><strong>Portugal na agenda<\/strong> \/\/ Em sua 7\u00aa edi\u00e7\u00e3o, o F\u00f3rum Jur\u00eddico de Lisboa vai discutir Justi\u00e7a a Seguran\u00e7a P\u00fablica. Os presidentes da C\u00e2mara, Rodrigo Maia (DEM-RJ), e do Senado, Davi Alcolumbre (DEM-AC), foram chamados pelo ministro do Supremo Tribunal Federal Gilmar Mendes para o evento e est\u00e3o confirmados. Tamb\u00e9m estar\u00e3o presentes os presidentes dos tribunais superiores, ministro Jo\u00e3o Ot\u00e1vio de Noronha, do STJ, e Antonio Dias Toffoli, do STF.<\/p>\n<p><strong>Ministro convocado<\/strong> \/\/ O deputado federal Elias Vaz (PSB-GO) quer que o ministro do Turismo, Marcelo \u00c1lvaro Ant\u00f4nio, se explique sobre a suposta amea\u00e7a de morte que teria feito \u00e0 deputada federal Al\u00ea Silva (PSL-MG). Vaz protocolou requerimento na Secretaria da Comiss\u00e3o de Fiscaliza\u00e7\u00e3o Financeira e Controle convocando o ministro, envolvido no esc\u00e2ndalo das candidaturas laranjas.<\/p>\n<p><strong>Cidad\u00e3o honor\u00e1rio<\/strong> \/\/ O ex-ministro da Advocacia-Geral da Uni\u00e3o F\u00e1bio Medina Os\u00f3rio participa hoje, \u00e0s 19h, de uma homenagem da C\u00e2mara Legislativa do Distrito Federal. O jurista receber\u00e1 o t\u00edtulo de cidad\u00e3o honor\u00e1rio de Bras\u00edlia.<\/p>\n","protected":false},"excerpt":{"rendered":"<p>Coluna Bras\u00edlia-DF\/ Por Leonardo Cavalcanti \u00a0 Procuradores que se preparam para disputar o cargo de chefe do Minist\u00e9rio P\u00fablico estranharam a movimenta\u00e7\u00e3o dos partidos para interferir na elei\u00e7\u00e3o da categoria prevista para junho. Hoje, \u00e0s 11h, deputados do Centr\u00e3o se re\u00fanem no Congresso. Devem avaliar se enviam ao Supremo a\u00e7\u00e3o direta de inconstitucionalidade (ADI) para que apenas subprocuradores gerais \u2014 [&hellip;]<\/p>\n","protected":false},"author":29,"featured_media":3536,"comment_status":"closed","ping_status":"closed","sticky":false,"template":"","format":"standard","meta":{"footnotes":""},"categories":[4],"tags":[],"class_list":["post-3535","post","type-post","status-publish","format-standard","has-post-thumbnail","hentry","category-coluna-brasilia-df"],"_links":{"self":[{"href":"https:\/\/blogs.correiobraziliense.com.br\/denise\/wp-json\/wp\/v2\/posts\/3535","targetHints":{"allow":["GET"]}}],"collection":[{"href":"https:\/\/blogs.correiobraziliense.com.br\/denise\/wp-json\/wp\/v2\/posts"}],"about":[{"href":"https:\/\/blogs.correiobraziliense.com.br\/denise\/wp-json\/wp\/v2\/types\/post"}],"author":[{"embeddable":true,"href":"https:\/\/blogs.correiobraziliense.com.br\/denise\/wp-json\/wp\/v2\/users\/29"}],"replies":[{"embeddable":true,"href":"https:\/\/blogs.correiobraziliense.com.br\/denise\/wp-json\/wp\/v2\/comments?post=3535"}],"version-history":[{"count":2,"href":"https:\/\/blogs.correiobraziliense.com.br\/denise\/wp-json\/wp\/v2\/posts\/3535\/revisions"}],"predecessor-version":[{"id":3538,"href":"https:\/\/blogs.correiobraziliense.com.br\/denise\/wp-json\/wp\/v2\/posts\/3535\/revisions\/3538"}],"wp:featuredmedia":[{"embeddable":true,"href":"https:\/\/blogs.correiobraziliense.com.br\/denise\/wp-json\/wp\/v2\/media\/3536"}],"wp:attachment":[{"href":"https:\/\/blogs.correiobraziliense.com.br\/denise\/wp-json\/wp\/v2\/media?parent=3535"}],"wp:term":[{"taxonomy":"category","embeddable":true,"href":"https:\/\/blogs.correiobraziliense.com.br\/denise\/wp-json\/wp\/v2\/categories?post=3535"},{"taxonomy":"post_tag","embeddable":true,"href":"https:\/\/blogs.correiobraziliense.com.br\/denise\/wp-json\/wp\/v2\/tags?post=3535"}],"curies":[{"name":"wp","href":"https:\/\/api.w.org\/{rel}","templated":true}]}}