{"id":3511,"date":"2019-04-11T09:46:34","date_gmt":"2019-04-11T12:46:34","guid":{"rendered":"https:\/\/blogs.correiobraziliense.com.br\/denise\/?p=3511"},"modified":"2019-04-11T09:46:34","modified_gmt":"2019-04-11T12:46:34","slug":"ministro-paulo-guedes-o-encantador-de-prefeitos","status":"publish","type":"post","link":"https:\/\/blogs.correiobraziliense.com.br\/denise\/ministro-paulo-guedes-o-encantador-de-prefeitos\/","title":{"rendered":"Ministro Paulo Guedes, o encantador de prefeitos"},"content":{"rendered":"<p><strong>Coluna Bras\u00edlia-DF<\/strong><\/p>\n<p>A Marcha dos Prefeitos chega hoje ao seu \u00faltimo dia, e a maioria deles volta para os munic\u00edpios esperan\u00e7osos com um aumento da arrecada\u00e7\u00e3o, por causa da proposta do ministro da Economia, Paulo Guedes, de redistribuir o bolo dos impostos dentro de uma reforma tribut\u00e1ria. \u00c9 que, ao longo dos anos, os governos foram ampliando os recursos federais n\u00e3o compartilhados e dando incentivos com aqueles divididos com estados e munic\u00edpios, ao ponto de a distribui\u00e7\u00e3o cair a menos da metade do que era nos anos 1980.<\/p>\n<p>Ali\u00e1s, a turma dos pequenos avisou que at\u00e9 apoia a reforma da Previd\u00eancia, mas sem mexer na aposentadoria rural e no BPC (Benef\u00edcio de Presta\u00e7\u00e3o Continuada). \u00c9 que s\u00e3o esses benef\u00edcios que, ao lado do Bolsa Fam\u00edlia, ajudam a incrementar a economia nos rinc\u00f5es do Brasil.<\/p>\n<h2><strong>Expectativa de poder<\/strong><\/h2>\n<p>Dizem que, em pol\u00edtica, a perspectiva de conquistar poder \u00e9 mais estimulante do que o exerc\u00edcio do poder em si. Pois \u00e9 justamente isso que o presidente Jair Bolsonaro vai jogar no ar para os potenciais partidos aliados, quando a reforma da Previd\u00eancia chegar \u00e0 Comiss\u00e3o Especial de m\u00e9rito. Assim, a vontade de obter algum espa\u00e7o no governo levar\u00e1 muitos a n\u00e3o desidratar a proposta da nova Previd\u00eancia. Pelo menos essa \u00e9 a aposta do governo.<\/p>\n<h2><strong>Por falar em poder&#8230;<\/strong><\/h2>\n<p>Jair Bolsonaro completa 100 dias sem lotear o governo com os partidos pol\u00edticos. Em compensa\u00e7\u00e3o, n\u00e3o montou ainda uma base para o que der e vier nem na C\u00e2mara nem no Senado. O plano do governo \u00e9 negociar projeto a projeto. Dentro do m\u00e9rito das propostas, e n\u00e3o no toma l\u00e1, d\u00e1 c\u00e1.<\/p>\n<h2><strong>A \u201cdica\u201d de Bolsonaro<\/strong><\/h2>\n<p>Fortalecido depois da demiss\u00e3o do embaixador M\u00e1rio Vilalva da dire\u00e7\u00e3o da Apex-Brasil, o ministro das Rela\u00e7\u00f5es Exteriores, Ernesto Ara\u00fajo, saiu da conversa com o presidente Jair Bolsonaro de posse de uma carta \u201coff white\u201d para escolher o substituto. Ou seja, \u00e9 branca, mas n\u00e3o aquele branco que ofusca os olhos. \u00c9 que o presidente sugeriu ao ministro que seria bom ter um diplomata de carreira na chefia da Ag\u00eancia Brasileira de Promo\u00e7\u00e3o de Exporta\u00e7\u00f5es e Investimentos. Sugest\u00e3o de presidente, avisam os escolados em poder, cumpre-se.<\/p>\n<h2><strong>Palavra cassada, n\u00e3o!<\/strong><\/h2>\n<p>A manh\u00e3 de quarta-feira foi de muita reclama\u00e7\u00e3o nos bastidores da diplomacia dos pa\u00edses \u00e1rabes. \u00c9 que, inicialmente, foi definido pelo Planalto que s\u00f3 o presidente Jair Bolsonaro e a ministra da Agricultura, Tereza Cristina, falariam. Alguns embaixadores tamb\u00e9m queriam ter direito \u00e0 palavra. Nem que fosse para saudar a iniciativa da ministra.<\/p>\n<h2><strong>Virou regra geral<\/strong><\/h2>\n<p>A decis\u00e3o da Comiss\u00e3o de Constitui\u00e7\u00e3o e Justi\u00e7a do Senado pelo arquivamento da CPI da Lava-Toga e o discurso de Renan Calheiros em defesa de uma agenda que leve \u00e0 gera\u00e7\u00e3o de empregos e investimentos, em vez de crises, deixaram o presidente do Senado, Davi Alcolumbre, livre do desgaste. Alcolumbre j\u00e1 avisou que, com ele, ser\u00e1 assim: todas as vezes em que vier um tema pol\u00eamico, caber\u00e1 ao plen\u00e1rio da Casa decidir, ouvida a CCJ.<\/p>\n<h2><em><strong>CURTIDAS<\/strong><\/em><\/h2>\n<p><strong>Candidato natural\/<\/strong> Dentro do PSB, o deputado Jo\u00e3o Campos (PE) \u00e9 citado como o nome preferencial para concorrer \u00e0 prefeitura do Recife. Por\u00e9m, nada ser\u00e1 colocado agora por ningu\u00e9m do partido. A ideia entre os socialistas \u00e9 fazer mais ou menos o que adotou Eduardo Campos: falar de v\u00e1rios nomes para que o escolhido mais \u00e0 frente n\u00e3o vire alvo dos advers\u00e1rios desde j\u00e1.<\/p>\n<p><strong>Eles t\u00eam a for\u00e7a I\/<\/strong> O Secretariado Nacional do PSDB-Mulher vai se mobilizar para a sucess\u00e3o de Geraldo Alckmin no comando do partido. \u00c9 que, como a bancada feminina na C\u00e2mara aumentou 60% em rela\u00e7\u00e3o \u00e0 elei\u00e7\u00e3o de 2014, elas consideram que qualquer mudan\u00e7a passa pelas mulheres. Inclusive, chegaram a lan\u00e7ar Yeda Crusius para a presid\u00eancia do partido, no ano passado.<\/p>\n<p><strong>Elas t\u00eam a for\u00e7a II\/<\/strong> Um grupo de articula\u00e7\u00e3o ficou de procurar os principais l\u00edderes partid\u00e1rios para dizer que elas n\u00e3o abrem m\u00e3o de 30% dos cargos titulares da nova Executiva Nacional. O primeiro a ser procurado dever\u00e1 ser o ex-presidente Fernando Henrique, depois Geraldo Alckmin e os governadores Jo\u00e3o Doria (SP), Eduardo Leite (RS) e Reinaldo Azambuja (MS). O ex-ministro Bruno Ara\u00fajo, preferido por Doria para assumir o comando do PSDB, tamb\u00e9m est\u00e1 na lista. A elei\u00e7\u00e3o \u00e9 em maio.<\/p>\n<p><strong>Zona Franca\/<\/strong> TCU e<strong> Correio Braziliense<\/strong> fazem hoje um semin\u00e1rio sobre a import\u00e2ncia da Zona Franca de Manaus para o desenvolvimento do pa\u00eds. O presidente do TCU, Jos\u00e9 Mucio Monteiro, participar\u00e1 da abertura do semin\u00e1rio, e o ministro Bruno Dantas ser\u00e1 um dos debatedores no primeiro painel. Num pa\u00eds em que faltam empregos, esse debate \u00e9 mais que oportuno.<\/p>\n","protected":false},"excerpt":{"rendered":"<p>Coluna Bras\u00edlia-DF A Marcha dos Prefeitos chega hoje ao seu \u00faltimo dia, e a maioria deles volta para os munic\u00edpios esperan\u00e7osos com um aumento da arrecada\u00e7\u00e3o, por causa da proposta do ministro da Economia, Paulo Guedes, de redistribuir o bolo dos impostos dentro de uma reforma tribut\u00e1ria. \u00c9 que, ao longo dos anos, os governos foram ampliando os recursos federais [&hellip;]<\/p>\n","protected":false},"author":29,"featured_media":3512,"comment_status":"closed","ping_status":"closed","sticky":false,"template":"","format":"standard","meta":{"footnotes":""},"categories":[4],"tags":[],"class_list":["post-3511","post","type-post","status-publish","format-standard","has-post-thumbnail","hentry","category-coluna-brasilia-df"],"_links":{"self":[{"href":"https:\/\/blogs.correiobraziliense.com.br\/denise\/wp-json\/wp\/v2\/posts\/3511","targetHints":{"allow":["GET"]}}],"collection":[{"href":"https:\/\/blogs.correiobraziliense.com.br\/denise\/wp-json\/wp\/v2\/posts"}],"about":[{"href":"https:\/\/blogs.correiobraziliense.com.br\/denise\/wp-json\/wp\/v2\/types\/post"}],"author":[{"embeddable":true,"href":"https:\/\/blogs.correiobraziliense.com.br\/denise\/wp-json\/wp\/v2\/users\/29"}],"replies":[{"embeddable":true,"href":"https:\/\/blogs.correiobraziliense.com.br\/denise\/wp-json\/wp\/v2\/comments?post=3511"}],"version-history":[{"count":1,"href":"https:\/\/blogs.correiobraziliense.com.br\/denise\/wp-json\/wp\/v2\/posts\/3511\/revisions"}],"predecessor-version":[{"id":3513,"href":"https:\/\/blogs.correiobraziliense.com.br\/denise\/wp-json\/wp\/v2\/posts\/3511\/revisions\/3513"}],"wp:featuredmedia":[{"embeddable":true,"href":"https:\/\/blogs.correiobraziliense.com.br\/denise\/wp-json\/wp\/v2\/media\/3512"}],"wp:attachment":[{"href":"https:\/\/blogs.correiobraziliense.com.br\/denise\/wp-json\/wp\/v2\/media?parent=3511"}],"wp:term":[{"taxonomy":"category","embeddable":true,"href":"https:\/\/blogs.correiobraziliense.com.br\/denise\/wp-json\/wp\/v2\/categories?post=3511"},{"taxonomy":"post_tag","embeddable":true,"href":"https:\/\/blogs.correiobraziliense.com.br\/denise\/wp-json\/wp\/v2\/tags?post=3511"}],"curies":[{"name":"wp","href":"https:\/\/api.w.org\/{rel}","templated":true}]}}