{"id":3505,"date":"2019-04-10T08:26:30","date_gmt":"2019-04-10T11:26:30","guid":{"rendered":"https:\/\/blogs.correiobraziliense.com.br\/denise\/?p=3505"},"modified":"2019-04-10T08:26:30","modified_gmt":"2019-04-10T11:26:30","slug":"dem-acredita-que-veto-izalci-mec-por-causa-suplente-foi-pretexto","status":"publish","type":"post","link":"https:\/\/blogs.correiobraziliense.com.br\/denise\/dem-acredita-que-veto-izalci-mec-por-causa-suplente-foi-pretexto\/","title":{"rendered":"DEM acredita que veto a Izalci no MEC por causa do suplente foi pretexto"},"content":{"rendered":"<p><strong>Coluna Bras\u00edlia-DF<\/strong><\/p>\n<p>Empossado o ministro da Educa\u00e7\u00e3o, Abraham Weintraub, o presidente Jair Bolsonaro ter\u00e1 que correr para tentar apaziguar novamente o partido do seu ministro da Casa Civil, Onyx Lorenzoni. Os demistas consideram que <a href=\"https:\/\/blogs.correiobraziliense.com.br\/denise\/evangelicos-vetam-izalci-por-causa-de-suplente\/\">o veto dos evang\u00e9licos ao senador Izalci Lucas (PSDB-DF) por causa do suplente, Luiz Felipe Belmonte<\/a>, n\u00e3o passou de uma desculpa para que o ministro Onyx pudesse emplacar seu n\u00famero dois no primeiro escal\u00e3o do governo e, de quebra, recuperar a estrutura ideol\u00f3gica de Olavo de Carvalho na pasta.<\/p>\n<p>As desconfian\u00e7as cresceram quando os deputados do DEM souberam das mensagens trocadas por parte dos evang\u00e9licos chamando os adeptos da Uni\u00e3o do Vegetal de \u201cmaconheiros\u201d. O Centro Esp\u00edrita Uni\u00e3o do Vegetal (UDV), do qual o advogado Belmonte faz parte, n\u00e3o tem nada a ver com maconha. Seus rituais s\u00e3o feitos a partir de um ch\u00e1 aprovado nos Estados Unidos e no Canad\u00e1 e que j\u00e1 passou por testes toxicol\u00f3gicos nos quais a presen\u00e7a de drogas em sua composi\u00e7\u00e3o foi totalmente descartada. Belmonte n\u00e3o \u00e9, nem nunca foi \u201cmaconheiro\u201d, como os evang\u00e9licos tentaram fazer colar na imagem do suplente de Izalci. Agora, diante disso, o clim\u00e3o est\u00e1 criado. J\u00e1 tem gente dizendo que Bolsonaro pode at\u00e9 conseguir aprovar a reforma da Previd\u00eancia. Mas montar uma base para o que der e vier vai ser dif\u00edcil.<\/p>\n<h2>\n<strong>Bolsonaro 2022<\/strong><\/h2>\n<p>Na conversa com os partidos, o presidente Jair Bolsonaro tratou de tirar de cena a hist\u00f3ria de que \u201cn\u00e3o nasceu para ser presidente\u201d e colocou uma pulga atr\u00e1s da orelha dos pol\u00edticos. Na reuni\u00e3o com o PR, por exemplo, um dos presentes perguntou \u201cE para frente?\u201d, referindo-se aos planos. O presidente, com o jeito simples que lhe \u00e9 peculiar, foi direto: \u201cH\u00e1 muita press\u00e3o para que eu seja candidato \u00e0 reelei\u00e7\u00e3o a\u00ed\u201d. Para bons entendedores, o recado est\u00e1 dado.<\/p>\n<h2>\n<strong>#Fica adica I<\/strong><\/h2>\n<p>O ex-presidente da Ag\u00eancia Brasileira de Promo\u00e7\u00e3o de Exporta\u00e7\u00f5es e Investimentos, embaixador M\u00e1rio Vilalva, caiu porque foi falar mal do chefe, o ministro de Rela\u00e7\u00f5es Exteriores, Ernesto Ara\u00fajo, em entrevista \u00e0 <em>Folha de S.Paulo<\/em>. No governo, h\u00e1 quem diga que ele, detentor do apoio dos militares, apostou na queda dos dois outros diretores e do pr\u00f3prio chanceler Ernesto Ara\u00fajo.Perdeu<\/p>\n<h2>\n<strong>#Fica a dica II<\/strong><\/h2>\n<p>Com Bolsonaro \u00e9 assim: quem desrespeita a hierarquia, passando por cima do ministro da \u00e1rea, ainda mais em entrevista, pode providenciar caixas para limpar as gavetas e retirar seus objetos pessoais. O ministro Ernesto Ara\u00fajo mostrou que continua forte.<\/p>\n<h2>\n<strong>Por falar em Ara\u00fajo&#8230;<\/strong><\/h2>\n<p>Agora, caber\u00e1 ao ministro escolher o novo presidente da Apex-Brasil. H\u00e1 quem defenda que se use a vaga para fazer uma composi\u00e7\u00e3o entre os indicados para o cargo de embaixador em Washington. Assim, nomeia-se um sem desprestigiar outros. No Itamaraty, entretanto, h\u00e1 press\u00e3o para que Vilalva seja substitu\u00eddo por um diplomata de carreira.<\/p>\n<h2>\n<strong>Previd\u00eancia passa<\/strong><\/h2>\n<p>A invers\u00e3o da pauta aprovada por 39 votos na Comiss\u00e3o de Constitui\u00e7\u00e3o e Justi\u00e7a, vota\u00e7\u00e3o que garantiu a leitura do relat\u00f3rio do deputado Marcelo Freitas (PSL-MG) sobre a nova Previd\u00eancia, indica que o governo ter\u00e1 maioria para aprovar o texto ali. E sem qualquer altera\u00e7\u00e3o, dentro do acordo fechado entre os partidos. A briga vai ficar para a Comiss\u00e3o Especial.<\/p>\n<p><strong>A professora I<\/strong>\/ A ministra da Agricultura, Tereza Cristina (foto), conseguiu deixar o deputado Alexandre Padilha (PT-SP) meio sem gra\u00e7a. Quando ele perguntou sobre agrot\u00f3xicos em uso no Brasil, ela foi direta, dizendo que os defensivos citados haviam sido aprovados pela Anvisa no per\u00edodo em que Padilha era ministro da Sa\u00fade.<br \/>\nA professora II\/ Ao final, ela terminou aplaudida por representantes de todos os partidos. Alguns parlamentares brincaram: \u201cDeveria dar uma aula para o Paulo Guedes\u201d. O ministro da Economia saiu da C\u00e2mara, na semana passada, batendo boca com o deputado Zeca Dirceu (PT-SP). Ambos foram alvo de dezenas de memes nas redes.<\/p>\n<p><strong>A capa do Correio<\/strong>\/ <a href=\"https:\/\/www.correiobraziliense.com.br\/app\/noticia\/brasil\/2019\/04\/09\/interna-brasil,748364\/o-correio-errou.shtml\">A publica\u00e7\u00e3o da foto de Arthur Weintraub, em vez de Abraham, na capa da edi\u00e7\u00e3o de ontem<\/a>, terminou por provocar uma brincadeira de Abraham em sua posse como ministro da Educa\u00e7\u00e3o. \u201c\u00c0s vezes, sou confundido com meu irm\u00e3o, Arthur, mas \u00e9 f\u00e1cil saber quem \u00e9 quem. Eu sou o mais bonito. Mam\u00e3e sempre falava isso\u201d. Bolsonaro, que discursou em seguida, n\u00e3o deixou barato: \u201cN\u00e3o sei quem \u00e9 o mais bonito, mas numa disputa do mais feio, ia ser dif\u00edcil decidir por um dos dois. Tem que manter a linha. Discurso e pr\u00e1tica\u201d, brincou.<\/p>\n<p><em>Colaboraram Luiz Calcagno e Rodolfo Costa<\/em><\/p>\n","protected":false},"excerpt":{"rendered":"<p>Coluna Bras\u00edlia-DF Empossado o ministro da Educa\u00e7\u00e3o, Abraham Weintraub, o presidente Jair Bolsonaro ter\u00e1 que correr para tentar apaziguar novamente o partido do seu ministro da Casa Civil, Onyx Lorenzoni. Os demistas consideram que o veto dos evang\u00e9licos ao senador Izalci Lucas (PSDB-DF) por causa do suplente, Luiz Felipe Belmonte, n\u00e3o passou de uma desculpa para que o ministro Onyx [&hellip;]<\/p>\n","protected":false},"author":29,"featured_media":3506,"comment_status":"closed","ping_status":"closed","sticky":false,"template":"","format":"standard","meta":{"footnotes":""},"categories":[4],"tags":[],"class_list":["post-3505","post","type-post","status-publish","format-standard","has-post-thumbnail","hentry","category-coluna-brasilia-df"],"_links":{"self":[{"href":"https:\/\/blogs.correiobraziliense.com.br\/denise\/wp-json\/wp\/v2\/posts\/3505","targetHints":{"allow":["GET"]}}],"collection":[{"href":"https:\/\/blogs.correiobraziliense.com.br\/denise\/wp-json\/wp\/v2\/posts"}],"about":[{"href":"https:\/\/blogs.correiobraziliense.com.br\/denise\/wp-json\/wp\/v2\/types\/post"}],"author":[{"embeddable":true,"href":"https:\/\/blogs.correiobraziliense.com.br\/denise\/wp-json\/wp\/v2\/users\/29"}],"replies":[{"embeddable":true,"href":"https:\/\/blogs.correiobraziliense.com.br\/denise\/wp-json\/wp\/v2\/comments?post=3505"}],"version-history":[{"count":1,"href":"https:\/\/blogs.correiobraziliense.com.br\/denise\/wp-json\/wp\/v2\/posts\/3505\/revisions"}],"predecessor-version":[{"id":3507,"href":"https:\/\/blogs.correiobraziliense.com.br\/denise\/wp-json\/wp\/v2\/posts\/3505\/revisions\/3507"}],"wp:featuredmedia":[{"embeddable":true,"href":"https:\/\/blogs.correiobraziliense.com.br\/denise\/wp-json\/wp\/v2\/media\/3506"}],"wp:attachment":[{"href":"https:\/\/blogs.correiobraziliense.com.br\/denise\/wp-json\/wp\/v2\/media?parent=3505"}],"wp:term":[{"taxonomy":"category","embeddable":true,"href":"https:\/\/blogs.correiobraziliense.com.br\/denise\/wp-json\/wp\/v2\/categories?post=3505"},{"taxonomy":"post_tag","embeddable":true,"href":"https:\/\/blogs.correiobraziliense.com.br\/denise\/wp-json\/wp\/v2\/tags?post=3505"}],"curies":[{"name":"wp","href":"https:\/\/api.w.org\/{rel}","templated":true}]}}