{"id":3490,"date":"2019-04-08T08:15:39","date_gmt":"2019-04-08T11:15:39","guid":{"rendered":"https:\/\/blogs.correiobraziliense.com.br\/denise\/?p=3490"},"modified":"2019-04-08T08:35:02","modified_gmt":"2019-04-08T11:35:02","slug":"intrusos-foram-barrados-no-hospital-enquanto-bolsonaro-se-recuperava-de-facada","status":"publish","type":"post","link":"https:\/\/blogs.correiobraziliense.com.br\/denise\/intrusos-foram-barrados-no-hospital-enquanto-bolsonaro-se-recuperava-de-facada\/","title":{"rendered":"Intrusos foram barrados no hospital enquanto Bolsonaro se recuperava de facada"},"content":{"rendered":"<p><strong>Coluna Bras\u00edlia-DF<\/strong><\/p>\n<p>A decis\u00e3o do presidente Jair Bolsonaro de come\u00e7ar a percorrer o pa\u00eds nos pr\u00f3ximos meses vir\u00e1 acompanhada de um refor\u00e7o na seguran\u00e7a. Isso porque pessoas pr\u00f3ximas a ele n\u00e3o est\u00e3o convencidas de que o atentado contra o ent\u00e3o candidato do PSL, em setembro do ano passado, se tratou de um ato isolado, ainda que essa tenha sido a conclus\u00e3o do primeiro inqu\u00e9rito sobre o caso. O que leva alguns bem pr\u00f3ximos do presidente a essa inconformidade com o desfecho s\u00e3o as not\u00edcias de que, durante a campanha, por duas vezes, em hor\u00e1rios fora do expediente, pessoas n\u00e3o autorizadas tentaram acesso \u00e0 \u00e1rea onde o candidato estava internado. Por\u00e9m, foram barradas pela seguran\u00e7a, porque seus nomes n\u00e3o constavam na lista de profissionais de sa\u00fade autorizados a tratar do candidato.<\/p>\n<p>\u00bb \u00bb \u00bb<\/p>\n<p>Esses \u201cintrusos\u201d poderiam ser apenas f\u00e3s, curiosos ou apoiadores interessados em chegar perto dele. Mas n\u00e3o est\u00e1 descartada a hip\u00f3tese de que poderiam ser ligados a Ad\u00e9lio Bispo, o autor da facada. H\u00e1 especula\u00e7\u00f5es de que esse teria sido, inclusive, um dos motivos da ida de Bolsonaro \u00e0 CIA, no m\u00eas passado. Coincid\u00eancia ou n\u00e3o, no mesmo dia em que o presidente foi \u00e0 ag\u00eancia norte-americana, a PF de Belo Horizonte soltou nota para informar que havia pedido a continuidade das investiga\u00e7\u00f5es sobre os advogados de Ad\u00e9lio. Num cen\u00e1rio desses, todo o cuidado com a seguran\u00e7a \u00e9 pouco.<\/p>\n<h2><strong>\u00c9 por a\u00ed<\/strong><\/h2>\n<p>As apostas de quem conhece o jeit\u00e3o dos integrantes do Superior Tribunal de Justi\u00e7a (STJ) s\u00e3o as de que o ministro Felix Fisher pedir\u00e1 pauta para o julgamento do caso do tr\u00edplex de Lula dando aos advogados de defesa o direito \u00e0 sustenta\u00e7\u00e3o oral. A outra forma, considerada improv\u00e1vel, \u00e9 a an\u00e1lise dos ministros, sem sustenta\u00e7\u00e3o oral da defesa.<\/p>\n<h2><strong>No varejo<\/strong><\/h2>\n<p>Do saldo da conversa com os partidos, o governo tirou a seguinte conclus\u00e3o: H\u00e1 campo para aprovar a reforma. Mas, para isso, \u00e9 preciso evitar novas trombadas. Bolsonaro est\u00e1 tentando adotar o estilo paz e amor.<\/p>\n<h2><strong>E o PSDB, hein?<\/strong><\/h2>\n<p>A resist\u00eancia de Jo\u00e3o Doria \u00e0 proposta de rod\u00edzio no comando tucano era esperada. Entre os aliados dele, tudo isso n\u00e3o passou da busca de um discurso para, mais \u00e0 frente, os inconformados que perderem o embate deixarem a legenda.<\/p>\n<p>\u201cTrouxeram para a pol\u00edtica a linguagem das redes sociais. T\u00eam-se hoje a profundidade de um WhastApp e a extens\u00e3o de um Twitter. Assim, fica dif\u00edcil construir converg\u00eancia\u201d<br \/>\nDo senador Eduardo Gomes (MDB-TO), segundo secret\u00e1rio do Senado<\/p>\n<p><em><strong>CURTIDAS<\/strong><\/em><\/p>\n<p><strong>Na bronca\/<\/strong> Que ningu\u00e9m duvide se o PSL for tirar satisfa\u00e7\u00f5es da deputada Norma Ayub (DEM-ES) sobre o fato de o irm\u00e3o dela ter sido identificado como o servidor da Receita que acessou os dados do presidente Jair Bolsonaro. O discurso da deputada a S\u00e9rgio Moro, de que foi por \u201cpura curiosidade\u201d, n\u00e3o colou entre os colegas dela de Parlamento.<\/p>\n<p><strong>Sem bronca\/<\/strong> O ex-deputado Geddel Vieira Lima agora chora na cadeia sem ser incomodado. Antes, o ex-senador Luiz Estev\u00e3o, que agora passa o dia fora, lhe passava um pito.<\/p>\n<p><strong>DF na roda dos neg\u00f3cios I\/<\/strong> O secret\u00e1rio de Desenvolvimento Econ\u00f4mico do Distrito Federal, Ruy Coutinho, embarca para a Cidade do Panam\u00e1, palco do Global Business Forum, em 9 e 10 deste m\u00eas.<\/p>\n<p><strong>DF na roda dos neg\u00f3cios II\/<\/strong> Coutinho viajar\u00e1 a convite da organiza\u00e7\u00e3o do evento, que tem como carro-chefe o Banco Interamericano de Desenvolvimento (BID) e a Dubai Chamber, a C\u00e2mara de Com\u00e9rcio e Ind\u00fastria dos Emirados \u00c1rabes Unidos. Sem \u00f4nus para o DF, apenas o b\u00f4nus de ter um representante nas rodadas de neg\u00f3cios.<\/p>\n","protected":false},"excerpt":{"rendered":"<p>Coluna Bras\u00edlia-DF A decis\u00e3o do presidente Jair Bolsonaro de come\u00e7ar a percorrer o pa\u00eds nos pr\u00f3ximos meses vir\u00e1 acompanhada de um refor\u00e7o na seguran\u00e7a. Isso porque pessoas pr\u00f3ximas a ele n\u00e3o est\u00e3o convencidas de que o atentado contra o ent\u00e3o candidato do PSL, em setembro do ano passado, se tratou de um ato isolado, ainda que essa tenha sido a [&hellip;]<\/p>\n","protected":false},"author":29,"featured_media":3494,"comment_status":"closed","ping_status":"closed","sticky":false,"template":"","format":"standard","meta":{"footnotes":""},"categories":[4],"tags":[],"class_list":["post-3490","post","type-post","status-publish","format-standard","has-post-thumbnail","hentry","category-coluna-brasilia-df"],"_links":{"self":[{"href":"https:\/\/blogs.correiobraziliense.com.br\/denise\/wp-json\/wp\/v2\/posts\/3490","targetHints":{"allow":["GET"]}}],"collection":[{"href":"https:\/\/blogs.correiobraziliense.com.br\/denise\/wp-json\/wp\/v2\/posts"}],"about":[{"href":"https:\/\/blogs.correiobraziliense.com.br\/denise\/wp-json\/wp\/v2\/types\/post"}],"author":[{"embeddable":true,"href":"https:\/\/blogs.correiobraziliense.com.br\/denise\/wp-json\/wp\/v2\/users\/29"}],"replies":[{"embeddable":true,"href":"https:\/\/blogs.correiobraziliense.com.br\/denise\/wp-json\/wp\/v2\/comments?post=3490"}],"version-history":[{"count":3,"href":"https:\/\/blogs.correiobraziliense.com.br\/denise\/wp-json\/wp\/v2\/posts\/3490\/revisions"}],"predecessor-version":[{"id":3495,"href":"https:\/\/blogs.correiobraziliense.com.br\/denise\/wp-json\/wp\/v2\/posts\/3490\/revisions\/3495"}],"wp:featuredmedia":[{"embeddable":true,"href":"https:\/\/blogs.correiobraziliense.com.br\/denise\/wp-json\/wp\/v2\/media\/3494"}],"wp:attachment":[{"href":"https:\/\/blogs.correiobraziliense.com.br\/denise\/wp-json\/wp\/v2\/media?parent=3490"}],"wp:term":[{"taxonomy":"category","embeddable":true,"href":"https:\/\/blogs.correiobraziliense.com.br\/denise\/wp-json\/wp\/v2\/categories?post=3490"},{"taxonomy":"post_tag","embeddable":true,"href":"https:\/\/blogs.correiobraziliense.com.br\/denise\/wp-json\/wp\/v2\/tags?post=3490"}],"curies":[{"name":"wp","href":"https:\/\/api.w.org\/{rel}","templated":true}]}}