{"id":3462,"date":"2019-04-04T10:11:19","date_gmt":"2019-04-04T13:11:19","guid":{"rendered":"https:\/\/blogs.correiobraziliense.com.br\/denise\/?p=3462"},"modified":"2019-04-04T10:11:19","modified_gmt":"2019-04-04T13:11:19","slug":"governo-quiser-aprovar-previdencia-abrir-dialogo-com-oposicao","status":"publish","type":"post","link":"https:\/\/blogs.correiobraziliense.com.br\/denise\/governo-quiser-aprovar-previdencia-abrir-dialogo-com-oposicao\/","title":{"rendered":"Se governo quiser aprovar Previd\u00eancia, ter\u00e1 que abrir di\u00e1logo com oposi\u00e7\u00e3o"},"content":{"rendered":"<p><strong>Coluna Bras\u00edlia-DF<\/strong><\/p>\n<p>Se o governo quiser aprovar a reforma previdenci\u00e1ria com poucas mudan\u00e7as, ter\u00e1 que abrir o di\u00e1logo com parte da oposi\u00e7\u00e3o, como fizeram Lula e Dilma, em 2003 e em 2013, quando aprovaram o fim da paridade e integralidade nas aposentadorias do funcionalismo e a inclus\u00e3o de futuros servidores p\u00fablicos no regime geral do INSS, com a cria\u00e7\u00e3o do fundo de previd\u00eancia para quem quisesse um valor superior. Com o governo de Jair Bolsonaro n\u00e3o ser\u00e1 diferente. As contas dos partidos governistas indicam que o presidente poder\u00e1 contar potencialmente com 332 votos nos partidos de centro, inclu\u00eddos a\u00ed o PSL e o Novo. Ocorre que, deste total, uma parcela n\u00e3o aceita a proposta da Nova Previd\u00eancia.<\/p>\n<p>\u00bb \u00bb \u00bb<\/p>\n<p>O maior problema do governo ser\u00e1 com os deputados reeleitos que sobreviveram ao tsunami da renova\u00e7\u00e3o. Desse grupo, uma parte est\u00e1 traumatizada com esse tema e credita a desidrata\u00e7\u00e3o de seus votos ao projeto da reforma previdenci\u00e1ria do governo Temer, um texto mais \u201clight\u201d do que o apresentado agora. Outra, acostumada ao toma l\u00e1 d\u00e1 c\u00e1, vai pressionar o governo at\u00e9 o \u00faltimo minuto. Logo, se Bolsonaro quiser mesmo uma folga, ter\u00e1 que conversar com a oposi\u00e7\u00e3o extra-PT. Resta saber se ter\u00e1 espa\u00e7o para isso. Afinal, se j\u00e1 est\u00e1 dif\u00edcil para o governo conversar com os partidos de centro, imagine com os de centro-esquerda.<\/p>\n<h2><strong>Tchau, Crivella<\/strong><\/h2>\n<p>Quem acompanha com lupa o processo envolvendo o prefeito do Rio, Marcelo Crivella, considera dif\u00edcil ele escapar desse processo de impeachment. Antes da campanha eleitoral, o prefeito quis pedir uma licen\u00e7a de 45 dias para se dedicar exclusivamente \u00e0 campanha do filho. Recebeu \u00e0 \u00e9poca o seguinte recado: \u201cSe voc\u00ea sair, n\u00e3o volta\u201d. O prefeito desistiu da licen\u00e7a.<\/p>\n<h2><strong>A nova tropa de choque<\/strong><\/h2>\n<p>O PSL n\u00e3o est\u00e1 t\u00e3o sozinho quanto parece. O Partido Novo j\u00e1 fechou quest\u00e3o em favor da reforma da Previd\u00eancia apresentada pelo governo e, por incr\u00edvel que pare\u00e7a, foram os deputados do Novo \u2014 e n\u00e3o do PSL \u2014 que defenderam a reforma na Comiss\u00e3o de Constitui\u00e7\u00e3o e Justi\u00e7a (CCJ) ontem. S\u00e3o oito deputados. \u00c9 uma gota no oceano de votos que o governo precisa. Por\u00e9m, vale lembrar que o governo Fernando Henrique Cardoso perdeu sua reforma, na d\u00e9cada de 1990, por um \u00fanico voto.<\/p>\n<h2><strong>Por falar em PSL&#8230;<\/strong><\/h2>\n<p>O andar da carruagem na C\u00e2mara indica que nem o PSL conseguir\u00e1 liderar de fato a negocia\u00e7\u00e3o da reforma previdenci\u00e1ria no Congresso nem o PT ir\u00e1 capitanear toda a oposi\u00e7\u00e3o. Ali\u00e1s, os deputados do PSL n\u00e3o tiveram qualquer protagonismo na sess\u00e3o de ontem da Comiss\u00e3o de Constitui\u00e7\u00e3o e Justi\u00e7a (CCJ), que recebeu o ministro da Economia, Paulo Guedes.<\/p>\n<h2><strong>Isolados<\/strong><\/h2>\n<p>Embora o PT tenha feito barulho na sess\u00e3o de ontem na CCJ, o partido hoje \u00e9 meio ref\u00e9m do Lula-livre e dificilmente ter\u00e1 poder de fogo para liderar a oposi\u00e7\u00e3o no Congresso. Chegou ao ponto, por exemplo, de n\u00e3o ter mais conversa com o PDT. E n\u00e3o \u00e9 para menos. Desde que o ex-candidato Ciro Gomes se referiu \u00e0 presidente do partido, Gleisi Hoffmann, como \u201cchefe de quadrilha\u201d, o clima azedou. O PCdoB tamb\u00e9m adota uma dist\u00e2ncia regulamentar.<\/p>\n<p><strong>TCU e Zona Franca\/<\/strong> A Zona Franca ser\u00e1 tema de um debate promovido pelo Correio Braziliense no pr\u00f3ximo dia 11, no audit\u00f3rio do TCU, das 9h \u00e0s 13h30. Em discuss\u00e3o o papel da Zona Franca, respons\u00e1vel pelo desenvolvimento regional e forte contribui\u00e7\u00e3o para preserva\u00e7\u00e3o do meio ambiente e gera\u00e7\u00e3o de empregos.<\/p>\n<p><strong>A import\u00e2ncia do assunto\/<\/strong> O semin\u00e1rio reunir\u00e1 as maiores autoridades sobre o tema, nesse momento em que se questiona os benef\u00edcios fiscais dado \u00e0 regi\u00e3o, gerando inseguran\u00e7a jur\u00eddica \u00e0s empresas que l\u00e1 se instalaram.<\/p>\n<p><strong>Ajuda do TCU\/<\/strong> Depois de aprovar a convoca\u00e7\u00e3o do ex-ministro Antonio Palocci e do ex-presidente do Banco Nacional de Desenvolvimento Econ\u00f4mico e Social (BNDES) Luciano Coutinho, a c\u00fapula da CPI que investigar\u00e1 os empr\u00e9stimos do banco nos governos petistas seguiu direto para o TCU em busca de apoio t\u00e9cnico e relat\u00f3rios. \u201cEles v\u00e3o nos ajudar muito, uma vez que alguns contratos do banco j\u00e1 passaram por duas auditorias. Esperamos que esta CPI tenha mais resultados que as outras\u201d, diz a vice-presidente da CPI, deputada Paula Belmonte (Cidadania-DF).<\/p>\n<p><strong>Maratona \/<\/strong> Na maratona de encontro com lideran\u00e7as dos partidos, o presidente Jair Bolsonaro se encontrar\u00e1, na pr\u00f3xima<br \/>\nter\u00e7a-feira, com o presidente de honra do PR, Alfredo Nascimento, ex-ministro dos Transportes de Dilma e Lula, que responde a processo na Lava-Jato. Ele acompanhar\u00e1 os l\u00edderes da agremia\u00e7\u00e3o na C\u00e2mara, Wellington Roberto, e no Senado, Jorginho Mello.<\/p>\n","protected":false},"excerpt":{"rendered":"<p>Coluna Bras\u00edlia-DF Se o governo quiser aprovar a reforma previdenci\u00e1ria com poucas mudan\u00e7as, ter\u00e1 que abrir o di\u00e1logo com parte da oposi\u00e7\u00e3o, como fizeram Lula e Dilma, em 2003 e em 2013, quando aprovaram o fim da paridade e integralidade nas aposentadorias do funcionalismo e a inclus\u00e3o de futuros servidores p\u00fablicos no regime geral do INSS, com a cria\u00e7\u00e3o do [&hellip;]<\/p>\n","protected":false},"author":29,"featured_media":3463,"comment_status":"closed","ping_status":"closed","sticky":false,"template":"","format":"standard","meta":{"footnotes":""},"categories":[4],"tags":[],"class_list":["post-3462","post","type-post","status-publish","format-standard","has-post-thumbnail","hentry","category-coluna-brasilia-df"],"_links":{"self":[{"href":"https:\/\/blogs.correiobraziliense.com.br\/denise\/wp-json\/wp\/v2\/posts\/3462","targetHints":{"allow":["GET"]}}],"collection":[{"href":"https:\/\/blogs.correiobraziliense.com.br\/denise\/wp-json\/wp\/v2\/posts"}],"about":[{"href":"https:\/\/blogs.correiobraziliense.com.br\/denise\/wp-json\/wp\/v2\/types\/post"}],"author":[{"embeddable":true,"href":"https:\/\/blogs.correiobraziliense.com.br\/denise\/wp-json\/wp\/v2\/users\/29"}],"replies":[{"embeddable":true,"href":"https:\/\/blogs.correiobraziliense.com.br\/denise\/wp-json\/wp\/v2\/comments?post=3462"}],"version-history":[{"count":1,"href":"https:\/\/blogs.correiobraziliense.com.br\/denise\/wp-json\/wp\/v2\/posts\/3462\/revisions"}],"predecessor-version":[{"id":3464,"href":"https:\/\/blogs.correiobraziliense.com.br\/denise\/wp-json\/wp\/v2\/posts\/3462\/revisions\/3464"}],"wp:featuredmedia":[{"embeddable":true,"href":"https:\/\/blogs.correiobraziliense.com.br\/denise\/wp-json\/wp\/v2\/media\/3463"}],"wp:attachment":[{"href":"https:\/\/blogs.correiobraziliense.com.br\/denise\/wp-json\/wp\/v2\/media?parent=3462"}],"wp:term":[{"taxonomy":"category","embeddable":true,"href":"https:\/\/blogs.correiobraziliense.com.br\/denise\/wp-json\/wp\/v2\/categories?post=3462"},{"taxonomy":"post_tag","embeddable":true,"href":"https:\/\/blogs.correiobraziliense.com.br\/denise\/wp-json\/wp\/v2\/tags?post=3462"}],"curies":[{"name":"wp","href":"https:\/\/api.w.org\/{rel}","templated":true}]}}