{"id":3452,"date":"2019-03-30T10:45:40","date_gmt":"2019-03-30T13:45:40","guid":{"rendered":"https:\/\/blogs.correiobraziliense.com.br\/denise\/?p=3452"},"modified":"2019-03-30T10:45:40","modified_gmt":"2019-03-30T13:45:40","slug":"ministros-aconselhados-defender-viagens-previdencia","status":"publish","type":"post","link":"https:\/\/blogs.correiobraziliense.com.br\/denise\/ministros-aconselhados-defender-viagens-previdencia\/","title":{"rendered":"Ministros ser\u00e3o aconselhados a defender, em viagens, a nova Previd\u00eancia"},"content":{"rendered":"<p><strong>Coluna Bras\u00edlia-DF<\/strong><\/p>\n<p>Os ministros do governo Jair Bolsonaro ser\u00e3o aconselhados a, em todas as viagens aos estados, aproveitar para defender a nova Previd\u00eancia. A ministra da Agricultura, Tereza Cristina, que \u00e9 parlamentar, j\u00e1 est\u00e1 nessa batida. Na quinta-feira, em Sergipe, obteve o apoio do governador Belivaldo Chagas (PSD) que, em 15 de mar\u00e7o, havia assinado o manifesto dos governadores de estados do Nordeste contra a reforma.<\/p>\n<p>Em seu discurso, o governador foi claro: \u201cSem a reforma, n\u00e3o vamos deslanchar. Com a reforma da Previd\u00eancia, teremos recursos para educa\u00e7\u00e3o, seguran\u00e7a, infraestrutura\u201d, disse ele, prometendo esfor\u00e7os no Congresso para ajudar na articula\u00e7\u00e3o. A ministra, logo depois, colocou o presidente ao telefone com o governador. Isso \u00e9 pol\u00edtica.<\/p>\n<h2>\n<strong>Depois da Embratur\u2026<\/strong><\/h2>\n<p>Est\u00e1 em fase final uma lupa e um pente-fino nos contratos antigos da Ag\u00eancia Brasileira de Promo\u00e7\u00e3o de Exporta\u00e7\u00f5es e Investimentos (Apex-Brasil). O que est\u00e1 em apura\u00e7\u00e3o levar\u00e1, em breve, a uma dan\u00e7a das cadeiras por ali. As mudan\u00e7as ficam para quando o presidente voltar de Jerusal\u00e9m, onde o governo vai inaugurar um escrit\u00f3rio que ficar\u00e1 sob a coordena\u00e7\u00e3o da Apex.<\/p>\n<h2>\n<strong>Veja bem<\/strong><\/h2>\n<p>Dia desses, um diplomata sondou exportadores de carne bovina sobre a possibilidade de patroc\u00ednio para um churrasco em Israel para marcar a abertura do escrit\u00f3rio comercial brasileiro em Jerusal\u00e9m. O sujeito consultado pensou, pensou e achou melhor manter dist\u00e2ncia.<\/p>\n<h2>\n<strong>Pense bem<\/strong><\/h2>\n<p>Os exportadores n\u00e3o querem qualquer gesto que possa parecer provoca\u00e7\u00e3o aos pa\u00edses \u00e1rabes, para onde seguem 40% das exporta\u00e7\u00f5es de prote\u00edna animal brasileira. Planejam-se, inclusive, conversas de autoridades brasileiras com embaixadores \u00e1rabes enquanto Bolsonaro estiver em Israel, para n\u00e3o deixar d\u00favidas de que as rela\u00e7\u00f5es com os israelenses n\u00e3o excluem ou diminuem os compromissos do Brasil com outros pa\u00edses.<\/p>\n<h2>\n<strong>Onde mora o perigo<\/strong><\/h2>\n<p>A explos\u00e3o do caixa eletr\u00f4nico no Hotel Golden Tulip deixou o senador Izalci Lucas de cabelos em p\u00e9. Ele contou que j\u00e1 havia sido informado da atua\u00e7\u00e3o de pessoas ligadas ao PCC no DF. Agora, vai pedir \u00e0s autoridades da \u00e1rea de seguran\u00e7a um documento por escrito. \u201cEssa quest\u00e3o precisa ser apurada. Se tem liga\u00e7\u00e3o, temos de saber\u201d, disse ele, depois da audi\u00eancia da bancada com o ministro da Justi\u00e7a, S\u00e9rgio Moro.<\/p>\n<p><strong>Leila no Podemos?\/<\/strong> Ela ainda n\u00e3o bateu o martelo, mas a c\u00fapula do Podemos, partido que teve o senador \u00c1lvaro Dias como candidato a presidente da Rep\u00fablica, aguarda a filia\u00e7\u00e3o da senadora Leila Barros, do PSB-DF, a Leila do V\u00f4lei.<\/p>\n<p><strong>Meta\/<\/strong> Se Leila ingressar no Podemos, o partido do senador \u00c1lvaro Dias empata com o PSD, a segunda maior bancada do Senado hoje, com nove congressistas.<\/p>\n<p><strong>Jeito certo<\/strong>\/ O presidente Jair Bolsonaro acerta ao receber os presidentes de partidos um a um. Nos tempos da presidente Dilma Rousseff, ela fazia as reuni\u00f5es coletivas. Mal sa\u00edam de l\u00e1, os pol\u00edticos comentavam que ningu\u00e9m falava o que realmente estava acontecendo. Nas conversas mais reservadas, o di\u00e1logo flui mais f\u00e1cil, dizem.<\/p>\n<p><strong>Normalidade<\/strong>\/ O governo respirou aliviado ontem. Tudo porque o vereador do Rio de Janeiro Carlos Bolsonaro voltou a criticar a m\u00eddia em suas redes sociais. Melhor do que provocar o presidente da C\u00e2mara e outras autoridades dos poderes da Rep\u00fablica.<\/p>\n","protected":false},"excerpt":{"rendered":"<p>Coluna Bras\u00edlia-DF Os ministros do governo Jair Bolsonaro ser\u00e3o aconselhados a, em todas as viagens aos estados, aproveitar para defender a nova Previd\u00eancia. A ministra da Agricultura, Tereza Cristina, que \u00e9 parlamentar, j\u00e1 est\u00e1 nessa batida. Na quinta-feira, em Sergipe, obteve o apoio do governador Belivaldo Chagas (PSD) que, em 15 de mar\u00e7o, havia assinado o manifesto dos governadores de [&hellip;]<\/p>\n","protected":false},"author":29,"featured_media":3453,"comment_status":"closed","ping_status":"closed","sticky":false,"template":"","format":"standard","meta":{"footnotes":""},"categories":[4],"tags":[],"class_list":["post-3452","post","type-post","status-publish","format-standard","has-post-thumbnail","hentry","category-coluna-brasilia-df"],"_links":{"self":[{"href":"https:\/\/blogs.correiobraziliense.com.br\/denise\/wp-json\/wp\/v2\/posts\/3452","targetHints":{"allow":["GET"]}}],"collection":[{"href":"https:\/\/blogs.correiobraziliense.com.br\/denise\/wp-json\/wp\/v2\/posts"}],"about":[{"href":"https:\/\/blogs.correiobraziliense.com.br\/denise\/wp-json\/wp\/v2\/types\/post"}],"author":[{"embeddable":true,"href":"https:\/\/blogs.correiobraziliense.com.br\/denise\/wp-json\/wp\/v2\/users\/29"}],"replies":[{"embeddable":true,"href":"https:\/\/blogs.correiobraziliense.com.br\/denise\/wp-json\/wp\/v2\/comments?post=3452"}],"version-history":[{"count":1,"href":"https:\/\/blogs.correiobraziliense.com.br\/denise\/wp-json\/wp\/v2\/posts\/3452\/revisions"}],"predecessor-version":[{"id":3454,"href":"https:\/\/blogs.correiobraziliense.com.br\/denise\/wp-json\/wp\/v2\/posts\/3452\/revisions\/3454"}],"wp:featuredmedia":[{"embeddable":true,"href":"https:\/\/blogs.correiobraziliense.com.br\/denise\/wp-json\/wp\/v2\/media\/3453"}],"wp:attachment":[{"href":"https:\/\/blogs.correiobraziliense.com.br\/denise\/wp-json\/wp\/v2\/media?parent=3452"}],"wp:term":[{"taxonomy":"category","embeddable":true,"href":"https:\/\/blogs.correiobraziliense.com.br\/denise\/wp-json\/wp\/v2\/categories?post=3452"},{"taxonomy":"post_tag","embeddable":true,"href":"https:\/\/blogs.correiobraziliense.com.br\/denise\/wp-json\/wp\/v2\/tags?post=3452"}],"curies":[{"name":"wp","href":"https:\/\/api.w.org\/{rel}","templated":true}]}}