{"id":3440,"date":"2019-03-27T09:16:03","date_gmt":"2019-03-27T12:16:03","guid":{"rendered":"https:\/\/blogs.correiobraziliense.com.br\/denise\/?p=3440"},"modified":"2019-03-27T09:16:03","modified_gmt":"2019-03-27T12:16:03","slug":"ausencia-de-guedes-na-ccj-maia","status":"publish","type":"post","link":"https:\/\/blogs.correiobraziliense.com.br\/denise\/ausencia-de-guedes-na-ccj-maia\/","title":{"rendered":"Ap\u00f3s aus\u00eancia de Guedes na CCJ, l\u00edderes proclamam independ\u00eancia e apoio a Maia"},"content":{"rendered":"<p><strong>Coluna Bras\u00edlia-DF<\/strong><\/p>\n<p>L\u00edderes proclamam independ\u00eancia e apoio a Rodrigo Maia. Esse \u00e9 o saldo da aus\u00eancia do ministro da Economia, Paulo Guedes, na Comiss\u00e3o de Constitui\u00e7\u00e3o e Justi\u00e7a (CCJ), associada ao entrevero entre o presidente Jair Bolsonaro e o da C\u00e2mara, Rodrigo Maia, no fim de semana. Os partidos que poderiam potencialmente formar uma base \u201cpara o que der e vier\u201d com o governo disseram claramente ao ministro da Casa Civil, Onyx Lorenzoni, que n\u00e3o querem participa\u00e7\u00e3o e aguardam uma defini\u00e7\u00e3o do Planalto sobre as chamadas \u201cregras da nova pol\u00edtica\u201d \u2014 algo que foi perguntado para Lorenzoni na reuni\u00e3o e, segundo relatos de tr\u00eas l\u00edderes \u00e0 coluna, o ministro n\u00e3o soube responder. Afinal, se a nova pol\u00edtica \u00e9 conversa sobre o m\u00e9rito das propostas, caberia ao governo presen\u00e7a no Parlamento para debat\u00ea-las e n\u00e3o cancelar reuni\u00f5es de \u00faltima hora, como fez Guedes.<\/p>\n<p>A conversa foi franca, a ponto de um dos l\u00edderes dizer na reuni\u00e3o que \u201cn\u00e3o se pode bater em p\u00fablico e pedir desculpas no privado\u201d, numa refer\u00eancia ao mal-estar gerado pelas declara\u00e7\u00f5es do fim de semana.<\/p>\n<h2>\n<strong>Nova pol\u00edtica I<\/strong><\/h2>\n<p>A aprova\u00e7\u00e3o, por ampla maioria, da Proposta de Emenda Constitucional que torna o or\u00e7amento impositivo indica que o Congresso vai tirar do governo o poder de escolher que obras ter\u00e3o prioridade no pa\u00eds. Justo no dia em que o ministro da Economia, Paulo Guedes faltou \u00e0 Comiss\u00e3o de Constitui\u00e7\u00e3o e Justi\u00e7a, o recado foi dado: quem manda s\u00e3o os parlamentares.<\/p>\n<h2><strong>Nova pol\u00edtica II<\/strong><\/h2>\n<p>A PEC do or\u00e7amento impositivo \u201cgeral\u201d constava dos planos de Guedes. Por\u00e9m, sem as vincula\u00e7\u00f5es or\u00e7ament\u00e1rias de hoje. Resta saber, agora, se o governo pretende abrir m\u00e3o do poder sobre o or\u00e7amento e se os deputados e senadores est\u00e3o dispostos a encarar um or\u00e7amento-verdade \u2014 e n\u00e3o apenas para agradar os prefeitos e os governadores.<\/p>\n<h2>\n<strong>Sem segunda inst\u00e2ncia<\/strong><\/h2>\n<p>A aus\u00eancia de Guedes da CCJ acelerou o movimento dos partidos para divulgar um manifesto contra mudan\u00e7as previstas para o Benef\u00edcio de Presta\u00e7\u00e3o Continuada (BPC), as aposentadorias de trabalhadores rurais e a desconstitucionaliza\u00e7\u00e3o do tema Previd\u00eancia. Para completar, o deputado Capit\u00e3o Augusto (PR-SP), relator do pacote anticrime de S\u00e9rgio Moro, j\u00e1 admite tirar de cena a pris\u00e3o em segunda inst\u00e2ncia para assegurar o restante da proposta. Ou seja, nada ser\u00e1 como o governo deseja.<\/p>\n<h2>\n<strong>Alcolumbre socializa o desgaste<\/strong><\/h2>\n<p>O recurso do presidente do Senado, Davi Alcolumbre, ao arquivar a CPI da Lava-Toga, joga no colo do colegiado a decis\u00e3o final sobre a CPI. Ou seja, ele tirou a granada de campo, mas o fato de recorrer ao plen\u00e1rio, ouvida a Comiss\u00e3o de Constitui\u00e7\u00e3o e Justi\u00e7a, mant\u00e9m o Judici\u00e1rio ainda em suspense.<\/p>\n<h2>\n<strong>Por falar em Alcolumbre&#8230;<\/strong><\/h2>\n<p>N\u00e3o foi apenas a CPI da Lava-Toga que o presidente do Senado jogou para escanteio. Ele exonerou nesta semana mais de 100 ocupantes de cargos em comiss\u00e3o ligados a seus antecessores do MDB, em especial, Renan Calheiros e Jos\u00e9 Sarney.<\/p>\n<p><strong>Onde mora o medo I<\/strong>\/ Depois da pris\u00e3o de Michel Temer, h\u00e1 muitos tucanos dormindo pouco. \u00c9 receio de serem acordados com a Pol\u00edcia Federal batendo \u00e0 porta. A sensa\u00e7\u00e3o na pol\u00edtica \u00e9 a de que essa hist\u00f3ria n\u00e3o acabou.<\/p>\n<p><strong>Onde mora o medo II\/<\/strong> A impress\u00e3o de muitos dentro do pr\u00f3prio PSDB \u00e9 a de que, depois do PT e do MDB, eles ser\u00e3o os pr\u00f3ximos.<\/p>\n<p><strong>Sempre presente\/<\/strong> O vice-presidente da Rep\u00fablica, Hamilton Mour\u00e3o, confirmou presen\u00e7a na solenidade de posse do presidente da Frente Parlamentar do Com\u00e9rcio, Servi\u00e7os e Empreendedorismo, Efraim Filho (DEM-PB), hoje \u00e0 noite, no Clube Naval.<\/p>\n<p>Para saber mais\/ Diante da populariza\u00e7\u00e3o do tema no Brasil, os advogados Andr\u00e9 Lu\u00eds Callegari e Raul Marques Linhares lan\u00e7am hoje, 18h30, o livro Colabora\u00e7\u00e3o Premiada, Li\u00e7\u00f5es pr\u00e1ticas e te\u00f3ricas. A noite de aut\u00f3grafos ser\u00e1 na sede do Instituto Brasiliense de Direito P\u00fablico (IDP), na 607 Sul.<\/p>\n","protected":false},"excerpt":{"rendered":"<p>Coluna Bras\u00edlia-DF L\u00edderes proclamam independ\u00eancia e apoio a Rodrigo Maia. Esse \u00e9 o saldo da aus\u00eancia do ministro da Economia, Paulo Guedes, na Comiss\u00e3o de Constitui\u00e7\u00e3o e Justi\u00e7a (CCJ), associada ao entrevero entre o presidente Jair Bolsonaro e o da C\u00e2mara, Rodrigo Maia, no fim de semana. Os partidos que poderiam potencialmente formar uma base \u201cpara o que der e [&hellip;]<\/p>\n","protected":false},"author":29,"featured_media":3441,"comment_status":"closed","ping_status":"closed","sticky":false,"template":"","format":"standard","meta":{"footnotes":""},"categories":[4],"tags":[],"class_list":["post-3440","post","type-post","status-publish","format-standard","has-post-thumbnail","hentry","category-coluna-brasilia-df"],"_links":{"self":[{"href":"https:\/\/blogs.correiobraziliense.com.br\/denise\/wp-json\/wp\/v2\/posts\/3440","targetHints":{"allow":["GET"]}}],"collection":[{"href":"https:\/\/blogs.correiobraziliense.com.br\/denise\/wp-json\/wp\/v2\/posts"}],"about":[{"href":"https:\/\/blogs.correiobraziliense.com.br\/denise\/wp-json\/wp\/v2\/types\/post"}],"author":[{"embeddable":true,"href":"https:\/\/blogs.correiobraziliense.com.br\/denise\/wp-json\/wp\/v2\/users\/29"}],"replies":[{"embeddable":true,"href":"https:\/\/blogs.correiobraziliense.com.br\/denise\/wp-json\/wp\/v2\/comments?post=3440"}],"version-history":[{"count":1,"href":"https:\/\/blogs.correiobraziliense.com.br\/denise\/wp-json\/wp\/v2\/posts\/3440\/revisions"}],"predecessor-version":[{"id":3442,"href":"https:\/\/blogs.correiobraziliense.com.br\/denise\/wp-json\/wp\/v2\/posts\/3440\/revisions\/3442"}],"wp:featuredmedia":[{"embeddable":true,"href":"https:\/\/blogs.correiobraziliense.com.br\/denise\/wp-json\/wp\/v2\/media\/3441"}],"wp:attachment":[{"href":"https:\/\/blogs.correiobraziliense.com.br\/denise\/wp-json\/wp\/v2\/media?parent=3440"}],"wp:term":[{"taxonomy":"category","embeddable":true,"href":"https:\/\/blogs.correiobraziliense.com.br\/denise\/wp-json\/wp\/v2\/categories?post=3440"},{"taxonomy":"post_tag","embeddable":true,"href":"https:\/\/blogs.correiobraziliense.com.br\/denise\/wp-json\/wp\/v2\/tags?post=3440"}],"curies":[{"name":"wp","href":"https:\/\/api.w.org\/{rel}","templated":true}]}}