{"id":3405,"date":"2019-03-20T08:05:12","date_gmt":"2019-03-20T11:05:12","guid":{"rendered":"https:\/\/blogs.correiobraziliense.com.br\/denise\/?p=3405"},"modified":"2019-03-20T08:05:12","modified_gmt":"2019-03-20T11:05:12","slug":"mourao-fidelidade-bolsonaro-lide-brasilia","status":"publish","type":"post","link":"https:\/\/blogs.correiobraziliense.com.br\/denise\/mourao-fidelidade-bolsonaro-lide-brasilia\/","title":{"rendered":"Mour\u00e3o, a fidelidade a Bolsonaro e as aus\u00eancias de ministros no discurso"},"content":{"rendered":"<p><strong>Coluna Bras\u00edlia-DF\/Por\u00a0Leonardo Cavalcanti (Interino)<\/strong><\/p>\n<p>Na aus\u00eancia de Jair Bolsonaro \u2014 em viagem aos Estados Unidos \u2014, o presidente em exerc\u00edcio Hamilton Mour\u00e3o tem tentado se mostrar um vice fiel, que defende o chefe, ataca governos anteriores e evita avan\u00e7ar o sinal nas atribui\u00e7\u00f5es do cargo. Foi dessa forma que o general discursou, ontem, no almo\u00e7o empresarial do Lide Bras\u00edlia. Durante um discurso de 13 minutos, ele tra\u00e7ou os desafios brasileiros na economia (reformas tribut\u00e1ria e previdenci\u00e1ria), na seguran\u00e7a, na \u00e1rea social e na ambiental. A palestra foi elogiada pelo p\u00fablico.<\/p>\n<p>Segundo Mour\u00e3o, o Brasil elegeu Bolsonaro para resgatar o orgulho, para levar a na\u00e7\u00e3o de volta aos trilhos. Um detalhe n\u00e3o passou despercebido, entretanto, por parte da plateia mais atenta: no momento de citar e elogiar o time escolhido, o vice se referiu apenas aos ministros da Economia, Paulo Guedes, e da Justi\u00e7a, S\u00e9rgio Moro \u2014 chegando mesmo a mencionar integrantes da equipe das pastas, como Marcos Cintra, secret\u00e1rio da Receita. Falou tamb\u00e9m das a\u00e7\u00f5es do Minist\u00e9rio da Infraestrutura, chefiado por Tarc\u00edsio Gomes de Freitas.<\/p>\n<h2>\n<strong>Sem nome<\/strong><\/h2>\n<p>Na parte das perguntas, Mour\u00e3o foi questionado sobre desafios para a educa\u00e7\u00e3o, mas n\u00e3o fez qualquer refer\u00eancia ao ministro Ricardo V\u00e9lez que, como se sabe, foi indicado ao cargo pelo escritor Olavo de Carvalho. A pasta \u00e9 alvo de controv\u00e9rsias justamente por causa dos chamados olavetes e pelas cortinas de fuma\u00e7a, como a orienta\u00e7\u00e3o para que escolas lessem o slogan da campanha de Bolsonaro, al\u00e9m de gravarem alunos cantando o hino.<\/p>\n<h2>\n<strong>Olavo<\/strong><\/h2>\n<p>Vale lembrar que, um dia antes da chegada de Bolsonaro aos EUA, Olavo acusou Mour\u00e3o de ter uma \u201cmentalidade golpista\u201d. \u201cEles est\u00e3o governando e usando o Bolsonaro como camisinha. Isso \u00e9 o que eles querem. O Mour\u00e3o disse: \u2018Voltamos ao poder por via democr\u00e1tica\u2019. Como, se quem est\u00e1 no poder \u00e9 o Bolsonaro e n\u00e3o voc\u00eas? Agora, ele (Mour\u00e3o) acha que est\u00e3o no poder, ent\u00e3o, isso o que \u00e9? \u00c9 golpe. Se n\u00e3o \u00e9 golpe, \u00e9 uma mentalidade golpista.\u201d<\/p>\n<h2>\n<strong>Educa\u00e7\u00e3o<\/strong><\/h2>\n<p>Durante o discurso de ontem, Mour\u00e3o foi cauteloso at\u00e9 mesmo quando algu\u00e9m da plateia se referiu a ele como presidente. \u201cInterino\u201d, interrompeu o vice. Questionado por uma deputada se n\u00e3o poderia ser um dos interlocutores do governo com o Congresso no caso da tramita\u00e7\u00e3o da reforma da Previd\u00eancia, ele deixou claro que s\u00f3 faria tal coisa com um pedido de Bolsonaro. \u201cSempre me balizei pela disciplina. Se o presidente me der a tarefa, estou \u00e0 disposi\u00e7\u00e3o.\u201d<\/p>\n<p><strong>Nas redes I<\/strong> \/\/ A viagem de Bolsonaro estimulou debates polarizados no Twitter, principalmente na decis\u00e3o pelo fim do visto de entrada dos Estados Unidos no Brasil sem qualquer reciprocidade. Estudo da Levels Intelig\u00eancia em Rela\u00e7\u00f5es Governamentais mostra que, ainda na quarta-feira, a controv\u00e9rsia gerou 205 mil tu\u00edtes.<\/p>\n<p><strong>Nas redes II<\/strong> \/\/ O lado da defesa do governo Bolsonaro teve predomin\u00e2ncia, ocupando 46% do universo pesquisado com elogios ao decreto. A narrativa, nesse caso, \u00e9 uma suposta cria\u00e7\u00e3o de empregos e renda para os brasileiros com os turistas norte-americanos, australianos, canadenses e japoneses, tamb\u00e9m beneficiados pela decis\u00e3o.<\/p>\n<p><strong>Nas redes III<\/strong> \/\/ As mensagens com tom mais cr\u00edtico a Bolsonaro somaram 35% na rede, segundo a Levels. \u201c(Os tu\u00edtes) repercutem principalmente a imagem de submiss\u00e3o do Brasil aos EUA, representada pela decis\u00e3o unilateral dos vistos para turistas, e pela declara\u00e7\u00e3o do deputado Eduardo Bolsonaro (foto), do PSL-SP, sobre os imigrantes brasileiros ilegais\u201d, mostra o relat\u00f3rio. O parlamentar disse que imigrantes ilegais s\u00e3o uma vergonha.<\/p>\n<p><strong>Sa\u00fade e fake news<\/strong> \/\/ Termina amanh\u00e3 o semin\u00e1rio nacional da sa\u00fade p\u00fablica com a imprensa Fake news e sa\u00fade, promovida pela Fiocruz Bras\u00edlia. No painel de hoje, o debate ser\u00e1 feito a partir de experi\u00eancias reais no mundo das not\u00edcias falsas. Entre os palestrantes, jornalistas e pesquisadores da institui\u00e7\u00e3o. O Correio participar\u00e1 do evento com a s\u00e9rie de reportagens especiais intitulada Mem\u00f3rias de mercen\u00e1rios.<\/p>\n","protected":false},"excerpt":{"rendered":"<p>Coluna Bras\u00edlia-DF\/Por\u00a0Leonardo Cavalcanti (Interino) Na aus\u00eancia de Jair Bolsonaro \u2014 em viagem aos Estados Unidos \u2014, o presidente em exerc\u00edcio Hamilton Mour\u00e3o tem tentado se mostrar um vice fiel, que defende o chefe, ataca governos anteriores e evita avan\u00e7ar o sinal nas atribui\u00e7\u00f5es do cargo. Foi dessa forma que o general discursou, ontem, no almo\u00e7o empresarial do Lide Bras\u00edlia. Durante [&hellip;]<\/p>\n","protected":false},"author":29,"featured_media":3406,"comment_status":"closed","ping_status":"closed","sticky":false,"template":"","format":"standard","meta":{"footnotes":""},"categories":[4],"tags":[],"class_list":["post-3405","post","type-post","status-publish","format-standard","has-post-thumbnail","hentry","category-coluna-brasilia-df"],"_links":{"self":[{"href":"https:\/\/blogs.correiobraziliense.com.br\/denise\/wp-json\/wp\/v2\/posts\/3405","targetHints":{"allow":["GET"]}}],"collection":[{"href":"https:\/\/blogs.correiobraziliense.com.br\/denise\/wp-json\/wp\/v2\/posts"}],"about":[{"href":"https:\/\/blogs.correiobraziliense.com.br\/denise\/wp-json\/wp\/v2\/types\/post"}],"author":[{"embeddable":true,"href":"https:\/\/blogs.correiobraziliense.com.br\/denise\/wp-json\/wp\/v2\/users\/29"}],"replies":[{"embeddable":true,"href":"https:\/\/blogs.correiobraziliense.com.br\/denise\/wp-json\/wp\/v2\/comments?post=3405"}],"version-history":[{"count":1,"href":"https:\/\/blogs.correiobraziliense.com.br\/denise\/wp-json\/wp\/v2\/posts\/3405\/revisions"}],"predecessor-version":[{"id":3407,"href":"https:\/\/blogs.correiobraziliense.com.br\/denise\/wp-json\/wp\/v2\/posts\/3405\/revisions\/3407"}],"wp:featuredmedia":[{"embeddable":true,"href":"https:\/\/blogs.correiobraziliense.com.br\/denise\/wp-json\/wp\/v2\/media\/3406"}],"wp:attachment":[{"href":"https:\/\/blogs.correiobraziliense.com.br\/denise\/wp-json\/wp\/v2\/media?parent=3405"}],"wp:term":[{"taxonomy":"category","embeddable":true,"href":"https:\/\/blogs.correiobraziliense.com.br\/denise\/wp-json\/wp\/v2\/categories?post=3405"},{"taxonomy":"post_tag","embeddable":true,"href":"https:\/\/blogs.correiobraziliense.com.br\/denise\/wp-json\/wp\/v2\/tags?post=3405"}],"curies":[{"name":"wp","href":"https:\/\/api.w.org\/{rel}","templated":true}]}}