{"id":3397,"date":"2019-03-19T08:18:32","date_gmt":"2019-03-19T11:18:32","guid":{"rendered":"https:\/\/blogs.correiobraziliense.com.br\/denise\/?p=3397"},"modified":"2019-03-19T08:18:32","modified_gmt":"2019-03-19T11:18:32","slug":"lista-triplice","status":"publish","type":"post","link":"https:\/\/blogs.correiobraziliense.com.br\/denise\/lista-triplice\/","title":{"rendered":"Em meio a elei\u00e7\u00e3o &#8216;definida&#8217; e desgaste de Dodge, ANPR define lista tr\u00edplice da PGR"},"content":{"rendered":"<p><strong>Coluna Bras\u00edlia-DF\/ Por\u00a0Leonardo Cavalcanti (Interino)<\/strong><\/p>\n<p>A Associa\u00e7\u00e3o Nacional dos Procuradores da Rep\u00fablica (ANPR) tem um presidente eleito antes mesmo da abertura das urnas, prevista para 10 de abril. Explica-se. Como as inscri\u00e7\u00f5es para as chapas terminaram na \u00faltima sexta-feira e apenas uma se apresentou formalmente, pode-se dizer que o novo chefe da entidade de classe do Minist\u00e9rio P\u00fablico durante os pr\u00f3ximos dois anos \u00e9 o paraibano F\u00e1bio George Cruz da N\u00f3brega, 47 anos, que encabe\u00e7ou uma chapa com outros 11 procuradores lotados em diversos estados do pa\u00eds.<\/p>\n<p>\u00bb \u00bb \u00bb<\/p>\n<p>A posse ser\u00e1 em maio, dias antes do primeiro grande desafio: a defini\u00e7\u00e3o da lista tr\u00edplice para o cargo de procurador-geral da Rep\u00fablica, que ocorrer\u00e1 em meio \u00e0 tens\u00e3o entre parte dos integrantes do MP e a atual chefe da institui\u00e7\u00e3o, Raquel Dodge.<\/p>\n<h2>\n<strong>Desgaste de Dodge<\/strong><\/h2>\n<p>Os \u00faltimos movimentos de Dodge desagradaram a uma turma do Minist\u00e9rio P\u00fablico, principalmente o fato de ela ter solicitado ao Supremo Tribunal Federal (STF) a suspens\u00e3o do controverso acordo extrajudicial proposto por integrantes da for\u00e7a-tarefa da Lava-Jato com a Petrobras na semana passada.<\/p>\n<h2>\n<strong>Aus\u00eancia de defesa<\/strong><\/h2>\n<p>O ato de Dodge pegou mal mais pela forma do que pelo conte\u00fado, at\u00e9 porque a \u00edntegra do acordo defendido pela turma da Lava-Jato de Curitiba nunca foi unanimidade dentro do Minist\u00e9rio P\u00fablico. A quest\u00e3o do desgaste da procuradora-geral foi por causa da solicita\u00e7\u00e3o direta para veto do Supremo, e a falta de defesa da corpora\u00e7\u00e3o nos momentos de cr\u00edticas dos ministros.<\/p>\n<h2>\n<strong>\u00c0 espera da candidata<\/strong><\/h2>\n<p>O caminho natural seria Dodge concorrer \u00e0 lista tr\u00edplice, escolhida pelo voto dos pr\u00f3prios integrantes do Minist\u00e9rio P\u00fablico, mas at\u00e9 agora ningu\u00e9m na PGR sabe qual ser\u00e1 a decis\u00e3o da procuradora \u2014 especula-se que ela poderia indicar um sucessor, o atual vice-procurador, Luciano Mariz Maia.<\/p>\n<h2>\n<strong>Lista tr\u00edplice<\/strong><\/h2>\n<p>O desafio seguinte \u00e0 elei\u00e7\u00e3o da lista tr\u00edplice \u00e9 convencer o presidente Jair Bolsonaro a endossar um dos escolhidos pela classe. O chefe do Executivo n\u00e3o \u00e9 obrigado, podendo se decidir por algu\u00e9m de fora da lista. \u201cAcreditamos que isso n\u00e3o ocorrer\u00e1. O pr\u00f3prio ministro S\u00e9rgio Moro conhece a fundo o Minist\u00e9rio P\u00fablico e sabe da import\u00e2ncia da lista tr\u00edplice para a nossa independ\u00eancia\u201d, disse o atual presidente da ANPR, Jos\u00e9 Robalinho Cavalcanti. \u201cA Lava-Jato \u00e9 fruto dessa independ\u00eancia do MP da press\u00e3o dos pol\u00edticos.\u201d<\/p>\n<p><em><strong>CURTIDAS<\/strong><\/em><\/p>\n<p><strong>N\u00e3o gostou<\/strong> \/ \u00c9 cada vez mais evidente a insatisfa\u00e7\u00e3o de S\u00e9rgio Moro com a forma que o projeto contra corrup\u00e7\u00e3o\/viol\u00eancia foi recebido pelos integrantes do Planalto e do Congresso. O descontentamento s\u00f3 aumentou depois de ter sido desautorizado por Bolsonaro na indica\u00e7\u00e3o de uma vaga de suplente no conselho de pol\u00edtica criminal e penitenci\u00e1ria. A insatisfa\u00e7\u00e3o, por\u00e9m, n\u00e3o o far\u00e1 criar problemas neste momento ou mesmo amea\u00e7ar sair do governo. Ele sabe que precisa de visibilidade.<\/p>\n<p><strong>Almo\u00e7o<\/strong> \/ O presidente em exerc\u00edcio Hamilton Mour\u00e3o participa hoje do almo\u00e7o empresarial do Lide Bras\u00edlia. Ele far\u00e1 uma palestra intitulada Projeto de desenvolvimento para um novo Brasil.<\/p>\n<p><strong>Cr\u00edticas<\/strong> \/ O senador Reguffe (sem partido-DF) criticou em plen\u00e1rio a decis\u00e3o do Supremo de transferir crimes de corrup\u00e7\u00e3o e lavagem de dinheiro, que tenham origem em caixa 2, para a Justi\u00e7a Eleitoral. \u201c\u00c9 uma decis\u00e3o esdr\u00faxula, pois, al\u00e9m de comprometer opera\u00e7\u00f5es como a Lava-Jato, d\u00e1 \u00e0 Justi\u00e7a Eleitoral uma atribui\u00e7\u00e3o que ela nunca teve. Alguns n\u00e3o falam isso \u00e0s vezes com medo do Poder Judici\u00e1rio, mas tem de ser falado, sim.\u201d<\/p>\n","protected":false},"excerpt":{"rendered":"<p>Coluna Bras\u00edlia-DF\/ Por\u00a0Leonardo Cavalcanti (Interino) A Associa\u00e7\u00e3o Nacional dos Procuradores da Rep\u00fablica (ANPR) tem um presidente eleito antes mesmo da abertura das urnas, prevista para 10 de abril. Explica-se. Como as inscri\u00e7\u00f5es para as chapas terminaram na \u00faltima sexta-feira e apenas uma se apresentou formalmente, pode-se dizer que o novo chefe da entidade de classe do Minist\u00e9rio P\u00fablico durante os [&hellip;]<\/p>\n","protected":false},"author":29,"featured_media":3398,"comment_status":"closed","ping_status":"closed","sticky":false,"template":"","format":"standard","meta":{"footnotes":""},"categories":[4],"tags":[],"class_list":["post-3397","post","type-post","status-publish","format-standard","has-post-thumbnail","hentry","category-coluna-brasilia-df"],"_links":{"self":[{"href":"https:\/\/blogs.correiobraziliense.com.br\/denise\/wp-json\/wp\/v2\/posts\/3397","targetHints":{"allow":["GET"]}}],"collection":[{"href":"https:\/\/blogs.correiobraziliense.com.br\/denise\/wp-json\/wp\/v2\/posts"}],"about":[{"href":"https:\/\/blogs.correiobraziliense.com.br\/denise\/wp-json\/wp\/v2\/types\/post"}],"author":[{"embeddable":true,"href":"https:\/\/blogs.correiobraziliense.com.br\/denise\/wp-json\/wp\/v2\/users\/29"}],"replies":[{"embeddable":true,"href":"https:\/\/blogs.correiobraziliense.com.br\/denise\/wp-json\/wp\/v2\/comments?post=3397"}],"version-history":[{"count":1,"href":"https:\/\/blogs.correiobraziliense.com.br\/denise\/wp-json\/wp\/v2\/posts\/3397\/revisions"}],"predecessor-version":[{"id":3399,"href":"https:\/\/blogs.correiobraziliense.com.br\/denise\/wp-json\/wp\/v2\/posts\/3397\/revisions\/3399"}],"wp:featuredmedia":[{"embeddable":true,"href":"https:\/\/blogs.correiobraziliense.com.br\/denise\/wp-json\/wp\/v2\/media\/3398"}],"wp:attachment":[{"href":"https:\/\/blogs.correiobraziliense.com.br\/denise\/wp-json\/wp\/v2\/media?parent=3397"}],"wp:term":[{"taxonomy":"category","embeddable":true,"href":"https:\/\/blogs.correiobraziliense.com.br\/denise\/wp-json\/wp\/v2\/categories?post=3397"},{"taxonomy":"post_tag","embeddable":true,"href":"https:\/\/blogs.correiobraziliense.com.br\/denise\/wp-json\/wp\/v2\/tags?post=3397"}],"curies":[{"name":"wp","href":"https:\/\/api.w.org\/{rel}","templated":true}]}}