{"id":3378,"date":"2019-03-18T09:16:37","date_gmt":"2019-03-18T12:16:37","guid":{"rendered":"https:\/\/blogs.correiobraziliense.com.br\/denise\/?p=3378"},"modified":"2019-03-18T09:16:37","modified_gmt":"2019-03-18T12:16:37","slug":"davi-alcolumbre-barra-cpi-da-toga-no-senado","status":"publish","type":"post","link":"https:\/\/blogs.correiobraziliense.com.br\/denise\/davi-alcolumbre-barra-cpi-da-toga-no-senado\/","title":{"rendered":"Apesar da press\u00e3o, Davi Alcolumbre barra CPI da Toga no Senado"},"content":{"rendered":"<p><strong>Coluna Bras\u00edlia-DF<\/strong><\/p>\n<p>O senador Alessandro Vieira pode esquecer a CPI da Toga. Apesar da press\u00e3o nas redes sociais, o presidente Davi Alcolumbre mant\u00e9m a tend\u00eancia de considerar o texto antirregimental, por se tratar de proposta que tenta influir na decis\u00e3o de outro poder. E sabe como \u00e9, depois de um almo\u00e7o programado especialmente para distensionar a rela\u00e7\u00e3o, n\u00e3o ser\u00e1 a hora de provocar novo foco de tens\u00e3o.<\/p>\n<h2>\n<strong>Mapeamento pr\u00e9vio<\/strong><\/h2>\n<p>Enquanto o presidente Jair Bolsonaro estiver em Washington, o ministro da Casa Civil, Onyx Lorenzoni, listar\u00e1 aqueles parlamentares que n\u00e3o votam a favor da reforma da Previd\u00eancia por convic\u00e7\u00e3o e aqueles que podem votar por um \u201cempurr\u00e3o\u201d da velha pol\u00edtica.<\/p>\n<h2>\n<strong>Mandetta na lida<\/strong><\/h2>\n<p>Tem diretor de hospital p\u00fablico que entra em p\u00e2nico ao ouvir o nome do ministro Luiz Mandetta, da Sa\u00fade. \u00c9 que ele tem feito visitas surpresas e silenciosas a v\u00e1rias institui\u00e7\u00f5es. E, quando n\u00e3o encontra os encarregados no servi\u00e7o, j\u00e1 viu. A cobran\u00e7a \u00e9 imediata. E ai do diretor que n\u00e3o aparecer.<\/p>\n<p><strong>High level<\/strong>\/ O document\u00e1rio Jardim das afli\u00e7\u00f5es, sobre o fil\u00f3sofo Olavo de Carvalho, foi destaque na agenda de parte da comitiva brasileira que desembarcou mais cedo em Washington. Eduardo Bolsonaro, por exemplo est\u00e1 na capital estadunidense desde ontem, em intensa agenda. \u201cSem Olavo n\u00e3o haveria Bolsonaro\u201d, disse Eduardo, que assistiu ao filme no hotel Trump Internacional.<\/p>\n<p><strong>Di\u00e1logo restrito<\/strong>\/ Na confer\u00eancia de imprensa dos presidentes Jair Bolsonaro e Donald Trump no Rose Garden, da Casa Branca, nesta ter\u00e7a-feira, os jornalistas brasileiros ter\u00e3o direito a duas perguntas. E s\u00f3.<\/p>\n<p><strong>Renova em alta<\/strong>\/ Os deputados eleitos com o selo Renova largaram bem. J\u00e1 no primeiro m\u00eas de mandato, ganharam manchetes com fatos positivos, como, por exemplo, abrir m\u00e3o da aposentadoria dos parlamentares para ficar apenas com a do INSS.<\/p>\n<p><strong>Outro servi\u00e7o<\/strong>\/ Na semana que vem, em fun\u00e7\u00e3o da cobertura da viagem do presidente Jair Bolsonaro a Washington, a coluna ficar\u00e1 a cargo do editor Leonardo Cavalcanti. At\u00e9 a volta.<\/p>\n","protected":false},"excerpt":{"rendered":"<p>Coluna Bras\u00edlia-DF O senador Alessandro Vieira pode esquecer a CPI da Toga. Apesar da press\u00e3o nas redes sociais, o presidente Davi Alcolumbre mant\u00e9m a tend\u00eancia de considerar o texto antirregimental, por se tratar de proposta que tenta influir na decis\u00e3o de outro poder. E sabe como \u00e9, depois de um almo\u00e7o programado especialmente para distensionar a rela\u00e7\u00e3o, n\u00e3o ser\u00e1 a [&hellip;]<\/p>\n","protected":false},"author":29,"featured_media":3380,"comment_status":"closed","ping_status":"closed","sticky":false,"template":"","format":"standard","meta":{"footnotes":""},"categories":[4],"tags":[],"class_list":["post-3378","post","type-post","status-publish","format-standard","has-post-thumbnail","hentry","category-coluna-brasilia-df"],"_links":{"self":[{"href":"https:\/\/blogs.correiobraziliense.com.br\/denise\/wp-json\/wp\/v2\/posts\/3378","targetHints":{"allow":["GET"]}}],"collection":[{"href":"https:\/\/blogs.correiobraziliense.com.br\/denise\/wp-json\/wp\/v2\/posts"}],"about":[{"href":"https:\/\/blogs.correiobraziliense.com.br\/denise\/wp-json\/wp\/v2\/types\/post"}],"author":[{"embeddable":true,"href":"https:\/\/blogs.correiobraziliense.com.br\/denise\/wp-json\/wp\/v2\/users\/29"}],"replies":[{"embeddable":true,"href":"https:\/\/blogs.correiobraziliense.com.br\/denise\/wp-json\/wp\/v2\/comments?post=3378"}],"version-history":[{"count":1,"href":"https:\/\/blogs.correiobraziliense.com.br\/denise\/wp-json\/wp\/v2\/posts\/3378\/revisions"}],"predecessor-version":[{"id":3381,"href":"https:\/\/blogs.correiobraziliense.com.br\/denise\/wp-json\/wp\/v2\/posts\/3378\/revisions\/3381"}],"wp:featuredmedia":[{"embeddable":true,"href":"https:\/\/blogs.correiobraziliense.com.br\/denise\/wp-json\/wp\/v2\/media\/3380"}],"wp:attachment":[{"href":"https:\/\/blogs.correiobraziliense.com.br\/denise\/wp-json\/wp\/v2\/media?parent=3378"}],"wp:term":[{"taxonomy":"category","embeddable":true,"href":"https:\/\/blogs.correiobraziliense.com.br\/denise\/wp-json\/wp\/v2\/categories?post=3378"},{"taxonomy":"post_tag","embeddable":true,"href":"https:\/\/blogs.correiobraziliense.com.br\/denise\/wp-json\/wp\/v2\/tags?post=3378"}],"curies":[{"name":"wp","href":"https:\/\/api.w.org\/{rel}","templated":true}]}}