{"id":3324,"date":"2019-03-03T13:43:42","date_gmt":"2019-03-03T16:43:42","guid":{"rendered":"https:\/\/blogs.correiobraziliense.com.br\/denise\/?p=3324"},"modified":"2019-03-03T13:48:41","modified_gmt":"2019-03-03T16:48:41","slug":"politicos-presentes-no-velorio-de-arthur-estao-preocupados-com-saude-de-lula","status":"publish","type":"post","link":"https:\/\/blogs.correiobraziliense.com.br\/denise\/politicos-presentes-no-velorio-de-arthur-estao-preocupados-com-saude-de-lula\/","title":{"rendered":"Pol\u00edticos presentes no vel\u00f3rio de Arthur est\u00e3o preocupados com sa\u00fade de Lula"},"content":{"rendered":"<h6>Coluna Bras\u00edlia-DF \/ Por Denise Rothenburg<\/h6>\n<p>Pol\u00edticos que estiveram no vel\u00f3rio de Arthur, o neto de Lula que morreu aos 7 anos de meningite meningoc\u00f3cica, sa\u00edram muito preocupados com o estado de sa\u00fade do ex-presidente. Ainda que o petista recuse apelos \u00e0 pris\u00e3o domiciliar, a defesa dever\u00e1 se empenhar nessa linha a fim de tir\u00e1-lo de Curitiba para que ele fique mais pr\u00f3ximo da fam\u00edlia neste momento.<\/p>\n<p>Esses mesmos pol\u00edticos consideram que o PT deve se engajar na liberdade de Lula, mas n\u00e3o mais para que ele seja candidato. Uma turma acha que o petista j\u00e1 fez o que podia pelo partido e que cabe \u00e0s novas gera\u00e7\u00f5es reinventar a legenda.<\/p>\n<p>Por\u00e9m, um pequeno detalhe no gestual de Lula, ao deixar o cemit\u00e9rio ontem, deu a muitos a certeza de que ele n\u00e3o quer deixar de liderar o PT. Ele ficou em p\u00e9 \u00e0 porta do carro e acenou aos militantes (<strong>foto acima<\/strong>). Ainda que n\u00e3o seja candidato, Lula quer continuar a comandar os petistas, seja na cadeia, seja fora dela.<\/p>\n<h2>Melhor de tr\u00eas<\/h2>\n<p>Com a escolha da nova dire\u00e7\u00e3o nacional prevista para outubro deste ano, o PT ter\u00e1 tr\u00eas vertentes no jogo do poder interno: a da atual presidente, deputada Gleisi Hoffmann; a do ex-prefeito de S\u00e3o Paulo Fernando Haddad; e a do que vem sendo chamado de \u201cgrupo do Nordeste\u201d, em especial o governador Wellington Dias, do Piau\u00ed, e o senador Jaques Wagner (BA).<\/p>\n<h2>A uni\u00e3o far\u00e1 a for\u00e7a<\/h2>\n<p>Se S\u00e3o Paulo de Haddad e o Paran\u00e1 de Gleisi continuarem divididos, o Nordeste ter\u00e1 espa\u00e7o e for\u00e7a para, pela primeira vez, tirar o comando do partido do centro-sul. Al\u00e9m de Wellington Dias e Wagner, o partido tem os governadores da Bahia, Rui Costa; do Cear\u00e1, Camilo Santana; e do Rio Grande do Norte, F\u00e1tima Bezerra.<\/p>\n<h2>Influ\u00eancia geral<\/h2>\n<p>N\u00e3o s\u00e3o apenas os governadores que sustentam a for\u00e7a petista no Nordeste. Dos seis senadores do partido, quatro s\u00e3o nordestinos: Humberto Costa (PE), Rog\u00e9rio Carvalho (SE), Jean Paul (RN) e Wagner. \u00c9 por essa regi\u00e3o que muitos acreditam que o PT deve caminhar.<\/p>\n<p><strong>Onde morava o perigo \/<\/strong> Os petistas trocaram v\u00e1rios telefonemas na madrugada de ontem para desmobilizar grandes atos e manifesta\u00e7\u00f5es em defesa de Lula. Ningu\u00e9m queria dar pretexto para que o ex-presidente fosse proibido de comparecer ao vel\u00f3rio do pequeno Arthur.<\/p>\n<p><strong>Redes de \u00f3dio \/<\/strong> Mal Lula retornou a Curitiba, come\u00e7ou a circular pelo WhatsApp um v\u00eddeo do ex-presidente sorrindo num local fechado lotado de militantes, que gritavam \u201cLula, ladr\u00e3o, roubou meu cora\u00e7\u00e3o\u201d. Uma legenda dizia que ele fez um com\u00edcio no vel\u00f3rio. N\u00e3o eram imagens do cemit\u00e9rio e, sim, de outro momento, pouco antes de o presidente ser preso.<\/p>\n","protected":false},"excerpt":{"rendered":"<p>Coluna Bras\u00edlia-DF \/ Por Denise Rothenburg Pol\u00edticos que estiveram no vel\u00f3rio de Arthur, o neto de Lula que morreu aos 7 anos de meningite meningoc\u00f3cica, sa\u00edram muito preocupados com o estado de sa\u00fade do ex-presidente. Ainda que o petista recuse apelos \u00e0 pris\u00e3o domiciliar, a defesa dever\u00e1 se empenhar nessa linha a fim de tir\u00e1-lo de Curitiba para que ele [&hellip;]<\/p>\n","protected":false},"author":29,"featured_media":3325,"comment_status":"closed","ping_status":"closed","sticky":false,"template":"","format":"standard","meta":{"footnotes":""},"categories":[4],"tags":[100,99,98,23],"class_list":["post-3324","post","type-post","status-publish","format-standard","has-post-thumbnail","hentry","category-coluna-brasilia-df","tag-gleisi-hoffmann","tag-haddad","tag-lula","tag-pt"],"_links":{"self":[{"href":"https:\/\/blogs.correiobraziliense.com.br\/denise\/wp-json\/wp\/v2\/posts\/3324","targetHints":{"allow":["GET"]}}],"collection":[{"href":"https:\/\/blogs.correiobraziliense.com.br\/denise\/wp-json\/wp\/v2\/posts"}],"about":[{"href":"https:\/\/blogs.correiobraziliense.com.br\/denise\/wp-json\/wp\/v2\/types\/post"}],"author":[{"embeddable":true,"href":"https:\/\/blogs.correiobraziliense.com.br\/denise\/wp-json\/wp\/v2\/users\/29"}],"replies":[{"embeddable":true,"href":"https:\/\/blogs.correiobraziliense.com.br\/denise\/wp-json\/wp\/v2\/comments?post=3324"}],"version-history":[{"count":2,"href":"https:\/\/blogs.correiobraziliense.com.br\/denise\/wp-json\/wp\/v2\/posts\/3324\/revisions"}],"predecessor-version":[{"id":3327,"href":"https:\/\/blogs.correiobraziliense.com.br\/denise\/wp-json\/wp\/v2\/posts\/3324\/revisions\/3327"}],"wp:featuredmedia":[{"embeddable":true,"href":"https:\/\/blogs.correiobraziliense.com.br\/denise\/wp-json\/wp\/v2\/media\/3325"}],"wp:attachment":[{"href":"https:\/\/blogs.correiobraziliense.com.br\/denise\/wp-json\/wp\/v2\/media?parent=3324"}],"wp:term":[{"taxonomy":"category","embeddable":true,"href":"https:\/\/blogs.correiobraziliense.com.br\/denise\/wp-json\/wp\/v2\/categories?post=3324"},{"taxonomy":"post_tag","embeddable":true,"href":"https:\/\/blogs.correiobraziliense.com.br\/denise\/wp-json\/wp\/v2\/tags?post=3324"}],"curies":[{"name":"wp","href":"https:\/\/api.w.org\/{rel}","templated":true}]}}