{"id":3319,"date":"2019-03-03T13:30:37","date_gmt":"2019-03-03T16:30:37","guid":{"rendered":"https:\/\/blogs.correiobraziliense.com.br\/denise\/?p=3319"},"modified":"2019-03-03T13:33:10","modified_gmt":"2019-03-03T16:33:10","slug":"reformas-dependem-de-um-novo-tipo-de-deputado-o-cacador-de-pokemons","status":"publish","type":"post","link":"https:\/\/blogs.correiobraziliense.com.br\/denise\/reformas-dependem-de-um-novo-tipo-de-deputado-o-cacador-de-pokemons\/","title":{"rendered":"Reformas dependem de um novo tipo de deputado: o &#8220;ca\u00e7ador de Pok\u00e9mons&#8221;"},"content":{"rendered":"<p>A prioridade do presidente Jair Bolsonaro agora \u00e9 fazer as contas das reformas, certificando-se de que ter\u00e1 os votos necess\u00e1rios para aprovar a nova Previd\u00eancia. Nesse trabalho, seus aliados calcularam que o Congresso concentra hoje, pelo menos, 150 &#8220;ca\u00e7adores de Pok\u00e9mons&#8221;, deputados que passam mais tempo de celular em punho, em lives nas redes sociais, do que nas articula\u00e7\u00f5es pol\u00edticas.<\/p>\n<p>Desses, pelo menos dois ter\u00e7os s\u00e3o de partidos governistas. Logo, caber\u00e1 a Bolsonaro ganhar esse grupo, mantendo as redes sociais alimentadas com propaganda favor\u00e1vel \u00e0 proposta da nova Previd\u00eancia.<\/p>\n<p><strong>Constrangedor \/<\/strong> Dia desses, um deputado que n\u00e3o sai das redes anunciou a seus seguidores numa live que falaria na sess\u00e3o da C\u00e2mara. O sujeito, de primeiro mandato, se aprumou, puxou o microfone de apartes e solicitou a palavra ao presidente da sess\u00e3o. Ouviu na hora um \u201co senhor n\u00e3o \u00e9 l\u00edder, nem foi citado; portanto, n\u00e3o lhe cabe conceder a palavra nesse momento\u201d. Santo mico, Batman!<\/p>\n","protected":false},"excerpt":{"rendered":"<p>A prioridade do presidente Jair Bolsonaro agora \u00e9 fazer as contas das reformas, certificando-se de que ter\u00e1 os votos necess\u00e1rios para aprovar a nova Previd\u00eancia. Nesse trabalho, seus aliados calcularam que o Congresso concentra hoje, pelo menos, 150 &#8220;ca\u00e7adores de Pok\u00e9mons&#8221;, deputados que passam mais tempo de celular em punho, em lives nas redes sociais, do que nas articula\u00e7\u00f5es pol\u00edticas. [&hellip;]<\/p>\n","protected":false},"author":29,"featured_media":3320,"comment_status":"closed","ping_status":"closed","sticky":false,"template":"","format":"standard","meta":{"footnotes":""},"categories":[4],"tags":[],"class_list":["post-3319","post","type-post","status-publish","format-standard","has-post-thumbnail","hentry","category-coluna-brasilia-df"],"_links":{"self":[{"href":"https:\/\/blogs.correiobraziliense.com.br\/denise\/wp-json\/wp\/v2\/posts\/3319","targetHints":{"allow":["GET"]}}],"collection":[{"href":"https:\/\/blogs.correiobraziliense.com.br\/denise\/wp-json\/wp\/v2\/posts"}],"about":[{"href":"https:\/\/blogs.correiobraziliense.com.br\/denise\/wp-json\/wp\/v2\/types\/post"}],"author":[{"embeddable":true,"href":"https:\/\/blogs.correiobraziliense.com.br\/denise\/wp-json\/wp\/v2\/users\/29"}],"replies":[{"embeddable":true,"href":"https:\/\/blogs.correiobraziliense.com.br\/denise\/wp-json\/wp\/v2\/comments?post=3319"}],"version-history":[{"count":3,"href":"https:\/\/blogs.correiobraziliense.com.br\/denise\/wp-json\/wp\/v2\/posts\/3319\/revisions"}],"predecessor-version":[{"id":3323,"href":"https:\/\/blogs.correiobraziliense.com.br\/denise\/wp-json\/wp\/v2\/posts\/3319\/revisions\/3323"}],"wp:featuredmedia":[{"embeddable":true,"href":"https:\/\/blogs.correiobraziliense.com.br\/denise\/wp-json\/wp\/v2\/media\/3320"}],"wp:attachment":[{"href":"https:\/\/blogs.correiobraziliense.com.br\/denise\/wp-json\/wp\/v2\/media?parent=3319"}],"wp:term":[{"taxonomy":"category","embeddable":true,"href":"https:\/\/blogs.correiobraziliense.com.br\/denise\/wp-json\/wp\/v2\/categories?post=3319"},{"taxonomy":"post_tag","embeddable":true,"href":"https:\/\/blogs.correiobraziliense.com.br\/denise\/wp-json\/wp\/v2\/tags?post=3319"}],"curies":[{"name":"wp","href":"https:\/\/api.w.org\/{rel}","templated":true}]}}