{"id":3235,"date":"2019-02-18T08:39:45","date_gmt":"2019-02-18T11:39:45","guid":{"rendered":"https:\/\/blogs.correiobraziliense.com.br\/denise\/?p=3235"},"modified":"2019-02-18T08:58:21","modified_gmt":"2019-02-18T11:58:21","slug":"briga-carlos-bolsonaro-e-bebianno","status":"publish","type":"post","link":"https:\/\/blogs.correiobraziliense.com.br\/denise\/briga-carlos-bolsonaro-e-bebianno\/","title":{"rendered":"Disputa eleitoral no Rio est\u00e1 por tr\u00e1s da briga entre Carlos Bolsonaro e Bebianno"},"content":{"rendered":"<p>A briga entre Carlos Bolsonaro e Gustavo Bebianno tem outros lances. O vereador do Rio de Janeiro n\u00e3o gostou de o ministro ter acompanhado a comitiva da sa\u00fade que visitou o hospital de Bonsucesso. Ficou a suspeita de que deseja algum protagonismo eleitoral no Rio futuramente. E os Bolsonaros n\u00e3o querem concorr\u00eancia.<\/p>\n<p><strong>O teste de Carlos<\/strong>\/ Os pol\u00edticos estar\u00e3o todos de olho no comportamento do filho do presidente. Se Carlos Bolsonaro (foto) deixar de lado os xingamentos no Twitter e passar a cuidar do seu mandato de vereador, ok. Se n\u00e3o, dizem alguns ministros, vai ser dif\u00edcil falar a verdade para o presidente. Vai ficar igual a Dilma, que muita gente n\u00e3o contrariava para n\u00e3o ouvir xingamentos. Quem diria que um dia algu\u00e9m compararia algo do governo Bolsonaro com o da ex-presidente.<\/p>\n","protected":false},"excerpt":{"rendered":"<p>A briga entre Carlos Bolsonaro e Gustavo Bebianno tem outros lances. O vereador do Rio de Janeiro n\u00e3o gostou de o ministro ter acompanhado a comitiva da sa\u00fade que visitou o hospital de Bonsucesso. Ficou a suspeita de que deseja algum protagonismo eleitoral no Rio futuramente. E os Bolsonaros n\u00e3o querem concorr\u00eancia. O teste de Carlos\/ Os pol\u00edticos estar\u00e3o todos [&hellip;]<\/p>\n","protected":false},"author":29,"featured_media":3239,"comment_status":"closed","ping_status":"closed","sticky":false,"template":"","format":"standard","meta":{"footnotes":""},"categories":[4],"tags":[],"class_list":["post-3235","post","type-post","status-publish","format-standard","has-post-thumbnail","hentry","category-coluna-brasilia-df"],"_links":{"self":[{"href":"https:\/\/blogs.correiobraziliense.com.br\/denise\/wp-json\/wp\/v2\/posts\/3235","targetHints":{"allow":["GET"]}}],"collection":[{"href":"https:\/\/blogs.correiobraziliense.com.br\/denise\/wp-json\/wp\/v2\/posts"}],"about":[{"href":"https:\/\/blogs.correiobraziliense.com.br\/denise\/wp-json\/wp\/v2\/types\/post"}],"author":[{"embeddable":true,"href":"https:\/\/blogs.correiobraziliense.com.br\/denise\/wp-json\/wp\/v2\/users\/29"}],"replies":[{"embeddable":true,"href":"https:\/\/blogs.correiobraziliense.com.br\/denise\/wp-json\/wp\/v2\/comments?post=3235"}],"version-history":[{"count":2,"href":"https:\/\/blogs.correiobraziliense.com.br\/denise\/wp-json\/wp\/v2\/posts\/3235\/revisions"}],"predecessor-version":[{"id":3243,"href":"https:\/\/blogs.correiobraziliense.com.br\/denise\/wp-json\/wp\/v2\/posts\/3235\/revisions\/3243"}],"wp:featuredmedia":[{"embeddable":true,"href":"https:\/\/blogs.correiobraziliense.com.br\/denise\/wp-json\/wp\/v2\/media\/3239"}],"wp:attachment":[{"href":"https:\/\/blogs.correiobraziliense.com.br\/denise\/wp-json\/wp\/v2\/media?parent=3235"}],"wp:term":[{"taxonomy":"category","embeddable":true,"href":"https:\/\/blogs.correiobraziliense.com.br\/denise\/wp-json\/wp\/v2\/categories?post=3235"},{"taxonomy":"post_tag","embeddable":true,"href":"https:\/\/blogs.correiobraziliense.com.br\/denise\/wp-json\/wp\/v2\/tags?post=3235"}],"curies":[{"name":"wp","href":"https:\/\/api.w.org\/{rel}","templated":true}]}}