{"id":3223,"date":"2019-02-15T10:47:51","date_gmt":"2019-02-15T12:47:51","guid":{"rendered":"https:\/\/blogs.correiobraziliense.com.br\/denise\/?p=3223"},"modified":"2019-02-15T10:47:51","modified_gmt":"2019-02-15T12:47:51","slug":"idade-minima-aposentadoria","status":"publish","type":"post","link":"https:\/\/blogs.correiobraziliense.com.br\/denise\/idade-minima-aposentadoria\/","title":{"rendered":"Idade m\u00ednima para aposentadoria dificilmente ser\u00e1 mantida como est\u00e1"},"content":{"rendered":"<p>A decis\u00e3o do governo em fechar a idade m\u00ednima para aposentadoria em 65 anos para os homens e 62 para as mulheres dificilmente ser\u00e1 mantida como est\u00e1. N\u00e3o s\u00e3o poucos os parlamentares que defendem idades diferenciadas para v\u00e1rias categorias. H\u00e1 mais chances, segundo a coluna ouviu de v\u00e1rios deputados, de ficar nos 62 para homens e 57 para mulheres.<\/p>\n<h2><strong>Onde mora o perigo<\/strong><\/h2>\n<p>Na base do presidente Jair Bolsonaro, h\u00e1 quem esteja com medo de que as excel\u00eancias comecem a tentar tirar algumas categorias de trabalhadores da idade m\u00ednima. Se isso ocorrer, vai dar problema.<\/p>\n<h2><strong>Onde mora a esperan\u00e7a<\/strong><\/h2>\n<p>Enquanto algumas categorias de servidores\u00a0se mobilizam contra a reforma, apoiadores do presidente v\u00e3o organizar manifesta\u00e7\u00f5es favor\u00e1veis \u00e0s mudan\u00e7as na previd\u00eancia. Afinal, para manter os bons ventos na economia, \u00e9 preciso fazer o dever de casa das reformas.<\/p>\n","protected":false},"excerpt":{"rendered":"<p>A decis\u00e3o do governo em fechar a idade m\u00ednima para aposentadoria em 65 anos para os homens e 62 para as mulheres dificilmente ser\u00e1 mantida como est\u00e1. N\u00e3o s\u00e3o poucos os parlamentares que defendem idades diferenciadas para v\u00e1rias categorias. H\u00e1 mais chances, segundo a coluna ouviu de v\u00e1rios deputados, de ficar nos 62 para homens e 57 para mulheres. Onde [&hellip;]<\/p>\n","protected":false},"author":29,"featured_media":3226,"comment_status":"closed","ping_status":"closed","sticky":false,"template":"","format":"standard","meta":{"footnotes":""},"categories":[4],"tags":[],"class_list":["post-3223","post","type-post","status-publish","format-standard","has-post-thumbnail","hentry","category-coluna-brasilia-df"],"_links":{"self":[{"href":"https:\/\/blogs.correiobraziliense.com.br\/denise\/wp-json\/wp\/v2\/posts\/3223","targetHints":{"allow":["GET"]}}],"collection":[{"href":"https:\/\/blogs.correiobraziliense.com.br\/denise\/wp-json\/wp\/v2\/posts"}],"about":[{"href":"https:\/\/blogs.correiobraziliense.com.br\/denise\/wp-json\/wp\/v2\/types\/post"}],"author":[{"embeddable":true,"href":"https:\/\/blogs.correiobraziliense.com.br\/denise\/wp-json\/wp\/v2\/users\/29"}],"replies":[{"embeddable":true,"href":"https:\/\/blogs.correiobraziliense.com.br\/denise\/wp-json\/wp\/v2\/comments?post=3223"}],"version-history":[{"count":1,"href":"https:\/\/blogs.correiobraziliense.com.br\/denise\/wp-json\/wp\/v2\/posts\/3223\/revisions"}],"predecessor-version":[{"id":3227,"href":"https:\/\/blogs.correiobraziliense.com.br\/denise\/wp-json\/wp\/v2\/posts\/3223\/revisions\/3227"}],"wp:featuredmedia":[{"embeddable":true,"href":"https:\/\/blogs.correiobraziliense.com.br\/denise\/wp-json\/wp\/v2\/media\/3226"}],"wp:attachment":[{"href":"https:\/\/blogs.correiobraziliense.com.br\/denise\/wp-json\/wp\/v2\/media?parent=3223"}],"wp:term":[{"taxonomy":"category","embeddable":true,"href":"https:\/\/blogs.correiobraziliense.com.br\/denise\/wp-json\/wp\/v2\/categories?post=3223"},{"taxonomy":"post_tag","embeddable":true,"href":"https:\/\/blogs.correiobraziliense.com.br\/denise\/wp-json\/wp\/v2\/tags?post=3223"}],"curies":[{"name":"wp","href":"https:\/\/api.w.org\/{rel}","templated":true}]}}