{"id":3126,"date":"2019-01-31T10:11:34","date_gmt":"2019-01-31T12:11:34","guid":{"rendered":"https:\/\/blogs.correiobraziliense.com.br\/denise\/?p=3126"},"modified":"2019-01-31T11:28:12","modified_gmt":"2019-01-31T13:28:12","slug":"gdf-privatizar-brb-ceb-caesb","status":"publish","type":"post","link":"https:\/\/blogs.correiobraziliense.com.br\/denise\/gdf-privatizar-brb-ceb-caesb\/","title":{"rendered":"BNDES faz press\u00e3o para GDF privatizar BRB, CEB e Caesb"},"content":{"rendered":"<p>Em todas as conversas que tem tido com governadores e secret\u00e1rios estaduais, o presidente do Banco Nacional de Desenvolvimento Econ\u00f4mico e Social (BNDES), Joaquim Levy, pergunta qual \u00e9 o portf\u00f3lio de estatais pass\u00edveis de privatiza\u00e7\u00e3o. Em Minas Gerais, por exemplo, se colocou \u00e0 disposi\u00e7\u00e3o para auxiliar na venda de empresas. Nem o Distrito Federal escapou dessa sina.<\/p>\n<p>No encontro com o secret\u00e1rio de Desenvolvimento Econ\u00f4mico do DF, Ruy Coutinho, por exemplo, o assunto era investimentos para infraestrutura, mas Levy fez quest\u00e3o de perguntar se havia uma lista para privatiza\u00e7\u00f5es. Coutinho n\u00e3o avan\u00e7ou nesse tema. Mas, dentro do BNDES, h\u00e1 quem diga que est\u00e3o no radar o BRB, a CEB e a Caesb. Ou seja, as joias da coroa. Mas, segundo t\u00e9cnicos do banco de fomento, isso \u00e9 tema que ser\u00e1 discutido futuramente entre Levy e o governador Ibaneis Rocha.<\/p>\n<h2>\n<strong>O teste de Quint\u00e3o<\/strong><\/h2>\n<p>Assessor especial da Casa Civil, o ex-deputado Leonardo Quint\u00e3o ter\u00e1 uma prova de fogo esse m\u00eas, com a decis\u00e3o do presidente do Conselho de Administra\u00e7\u00e3o de Furnas, Wilson Ferreira, de demitir os indicados por pol\u00edticos. O comandante de Furnas, Ricardo Medeiros, indicado pela bancada do MDB de Minas Gerais, \u00e9 contra as demiss\u00f5es e discutiu feio com Ferreira ontem. A briga ser\u00e1 arbitrada pelo Planalto, onde os afastamentos s\u00e3o bem-vindos. Cabe a Quint\u00e3o calar ou consentir. Ficar\u00e1 mal nas duas situa\u00e7\u00f5es.<\/p>\n<h2>\n<strong>Exemplar<\/strong><\/h2>\n<p>A ordem no governo federal e na Justi\u00e7a \u00e9 n\u00e3o poupar quem mandou construir um refeit\u00f3rio sob a barragem que se rompeu na semana passada, em Brumadinho.<\/p>\n<h2>\n<strong>Pior de tr\u00eas<\/strong><\/h2>\n<p>Davi Alcolumbre (DEM-AP) que se prepare: Cresce no Senado a vis\u00e3o de que deixar o DEM com a Presid\u00eancia das duas Casas Legislativas e, ainda, manter v\u00e1rios ministros no governo, inclusive a Casa Civil, n\u00e3o d\u00e1. E, como Rodrigo Maia \u00e9 tido como um nome consolidado, a tend\u00eancia dos partidos \u00e9 sacrificar a candidatura de Alcolumbre.<\/p>\n<h2>\n<strong>Hora do funil<\/strong><\/h2>\n<p>Dos oito candidatos a presidente da C\u00e2mara, restam seis: Rodrigo Maia (DEM), F\u00e1bio Ramalho (MDB), Ricardo Barros (PP), JHC (PSB), Marcelo Freixo(PSol) e Marcel Van Hatten (Novo). Alceu Moreira (MDB-RS) saiu da disputa ontem para ajudar Fabinho Ramalho a tentar levar a elei\u00e7\u00e3o a um segundo turno.<\/p>\n<p><strong>Cara &amp; crach\u00e1 I<\/strong>\/ Deputados est\u00e3o cada dia mais ind\u00f3cis com o Planalto. Ontem, alguns tentaram entrar l\u00e1 pelos fundos, na \u00e1rea da garagem destinada ao ingresso de ministros, onde \u00e9 poss\u00edvel chegar ao terceiro andar sem ser muito incomodado. N\u00e3o deu certo.<\/p>\n<p><strong>Cara &amp; crach\u00e1 II<\/strong>\/ A seguran\u00e7a, cumprindo ordens, orientou os visitantes a usarem a portaria central, na frente do Pal\u00e1cio, onde o nome do sujeito \u00e9 anotado e o acesso aos andares superiores s\u00f3 \u00e9 permitido mediante autoriza\u00e7\u00e3o. Um deles saiu de l\u00e1 irritado e reclamando \u201csaudades de Temer\u201d.<\/p>\n<p><strong>Cara &amp; crach\u00e1 III<\/strong>\/Nos tempos do presidente Michel Temer, todos entravam direto, pelo mesmo espa\u00e7o dos ministros. Aos habitu\u00e9s era inclusive dispensada a identifica\u00e7\u00e3o naquela portaria. Agora, a batida \u00e9 diferente.<\/p>\n<p><strong>Enquete fraudada<\/strong>\/ o senador Marco do Val (PPS-ES) fez uma enquete nas suas redes para saber quem seus seguidores gostariam de ver na Presid\u00eancia do Senado. Teve que tirar do ar. Estavam fraudando a contagem. Triste viver num pa\u00eds onde nem uma simples enquete para de p\u00e9.<\/p>\n","protected":false},"excerpt":{"rendered":"<p>Em todas as conversas que tem tido com governadores e secret\u00e1rios estaduais, o presidente do Banco Nacional de Desenvolvimento Econ\u00f4mico e Social (BNDES), Joaquim Levy, pergunta qual \u00e9 o portf\u00f3lio de estatais pass\u00edveis de privatiza\u00e7\u00e3o. Em Minas Gerais, por exemplo, se colocou \u00e0 disposi\u00e7\u00e3o para auxiliar na venda de empresas. Nem o Distrito Federal escapou dessa sina. No encontro com [&hellip;]<\/p>\n","protected":false},"author":29,"featured_media":3127,"comment_status":"closed","ping_status":"closed","sticky":false,"template":"","format":"standard","meta":{"footnotes":""},"categories":[4],"tags":[],"class_list":["post-3126","post","type-post","status-publish","format-standard","has-post-thumbnail","hentry","category-coluna-brasilia-df"],"_links":{"self":[{"href":"https:\/\/blogs.correiobraziliense.com.br\/denise\/wp-json\/wp\/v2\/posts\/3126","targetHints":{"allow":["GET"]}}],"collection":[{"href":"https:\/\/blogs.correiobraziliense.com.br\/denise\/wp-json\/wp\/v2\/posts"}],"about":[{"href":"https:\/\/blogs.correiobraziliense.com.br\/denise\/wp-json\/wp\/v2\/types\/post"}],"author":[{"embeddable":true,"href":"https:\/\/blogs.correiobraziliense.com.br\/denise\/wp-json\/wp\/v2\/users\/29"}],"replies":[{"embeddable":true,"href":"https:\/\/blogs.correiobraziliense.com.br\/denise\/wp-json\/wp\/v2\/comments?post=3126"}],"version-history":[{"count":1,"href":"https:\/\/blogs.correiobraziliense.com.br\/denise\/wp-json\/wp\/v2\/posts\/3126\/revisions"}],"predecessor-version":[{"id":3128,"href":"https:\/\/blogs.correiobraziliense.com.br\/denise\/wp-json\/wp\/v2\/posts\/3126\/revisions\/3128"}],"wp:featuredmedia":[{"embeddable":true,"href":"https:\/\/blogs.correiobraziliense.com.br\/denise\/wp-json\/wp\/v2\/media\/3127"}],"wp:attachment":[{"href":"https:\/\/blogs.correiobraziliense.com.br\/denise\/wp-json\/wp\/v2\/media?parent=3126"}],"wp:term":[{"taxonomy":"category","embeddable":true,"href":"https:\/\/blogs.correiobraziliense.com.br\/denise\/wp-json\/wp\/v2\/categories?post=3126"},{"taxonomy":"post_tag","embeddable":true,"href":"https:\/\/blogs.correiobraziliense.com.br\/denise\/wp-json\/wp\/v2\/tags?post=3126"}],"curies":[{"name":"wp","href":"https:\/\/api.w.org\/{rel}","templated":true}]}}