{"id":3121,"date":"2019-01-30T07:58:32","date_gmt":"2019-01-30T09:58:32","guid":{"rendered":"https:\/\/blogs.correiobraziliense.com.br\/denise\/?p=3121"},"modified":"2019-01-30T09:13:26","modified_gmt":"2019-01-30T11:13:26","slug":"mourao-onyx-articulacao-congresso","status":"publish","type":"post","link":"https:\/\/blogs.correiobraziliense.com.br\/denise\/mourao-onyx-articulacao-congresso\/","title":{"rendered":"Ao dizer que dialoga com &#8216;qualquer um&#8217; no Congresso, Mour\u00e3o articula melhor que Onyx"},"content":{"rendered":"<p>No papel de presidente em exerc\u00edcio, o general Hamilton Mour\u00e3o fez o que o ministro da Casa Civil, Onyx Lorenzoni, articulador pol\u00edtico do governo n\u00e3o fez: dizer que dialoga com \u201cqualquer um\u201d no Congresso Nacional. No Senado, Onyx trabalha por Davi Alcolumbre (DEM-AP), irrita o presidente da C\u00e2mara, Rodrigo Maia (DEM-RJ), e os emedeb\u00eas de Renan Calheiros e Simone Tebet. Essa irrita\u00e7\u00e3o toda n\u00e3o vai terminar bem para o principal ministro encarregado de fazer a ponte entre o governo e o parlamento. Mour\u00e3o, por sua vez, que tem quatro anos de Vice-Presid\u00eancia assegurados, vai ocupando espa\u00e7o naturalmente.<\/p>\n<h2><strong>Dupla din\u00e2mica<\/strong><\/h2>\n<p>Fl\u00e1vio Bolsonaro (PSL-RJ) e Major Ol\u00edmpio (PSL-SP) se reuniram ontem. Discutiram estrat\u00e9gias para o segundo turno na elei\u00e7\u00e3o do Senado. Eles n\u00e3o escondem o desconforto com a prefer\u00eancia de Onyx por Alcolumbre.<\/p>\n<h2><strong>\u00c9 para j\u00e1<\/strong><\/h2>\n<p>O ministro do Supremo Tribunal Federal Marco Aur\u00e9lio Mello n\u00e3o vai demorar na an\u00e1lise do caso Fabr\u00edcio Queiroz, o ex-assessor de Fl\u00e1vio Bolsonaro. A ideia \u00e9 devolver logo o processo para o Rio de Janeiro.<\/p>\n<h2><strong>Enquanto isso, no MDB\u2026<\/strong><\/h2>\n<p>Quem se deu bem ontem foi Renan Calheiros (MDB-AL). N\u00e3o disse que era candidato e conseguiu o que queria, deixar para quinta-feira a escolha do nome que representar\u00e1 o MDB na disputa pela Presid\u00eancia do Senado. Com a decis\u00e3o na v\u00e9spera da elei\u00e7\u00e3o, n\u00e3o vai dar tempo de criar uma grande onda anti-Renan.<\/p>\n<h2><strong>\u2026 os bastidores fervem<\/strong><\/h2>\n<p>Renan chega para o confronto com Simone Tebet (MDB-MS) sem veto do Planalto, com um leque de apoios externos no PT e no PSD. A senadora, por sua vez, j\u00e1 fora da lideran\u00e7a do partido, tem aliados espalhando aos quatro ventos a vers\u00e3o de que Renan \u00e9 a \u201c\u00faltima Geni\u201d.<\/p>\n<h2><strong>Jogo de empurra<\/strong><\/h2>\n<p>Petistas estavam irados com a dificuldade dos ju\u00edzes de conceder a Lula o direito de se despedir do irm\u00e3o Vav\u00e1, que faleceu ontem, v\u00edtima de c\u00e2ncer. Ningu\u00e9m parecia com coragem de conceder o que \u00e9 dado a muitos presos comuns. O PT esperava a concess\u00e3o para colocar seu maior l\u00edder novamente em evid\u00eancia, fora das grades. Nem que fosse por algumas horinhas.<\/p>\n<p><strong>Orai e vigiai\/<\/strong> Embora tenha conseguido tirar Arthur Lira (PP-AL) da disputa para presidente da C\u00e2mara e detenha a firme posi\u00e7\u00e3o de favorito, Rodrigo Maia n\u00e3o baixou a guarda. Sabe que, se F\u00e1bio Ramalho (MDB-MG) encantar o baixo clero, problemas vir\u00e3o. Ontem, por exemplo, 50 deputados passaram pelo gabinete do emedebista. Fabinho, ali\u00e1s, corre atr\u00e1s daqueles 30 que, segundo contas do PP, votariam em Arthur Lira.<\/p>\n<p><strong>Chiquinho, o observador<\/strong>\/ Do alto de quem acompanha a pol\u00edtica h\u00e1 mais de 40 anos, seja como assessor de Michel Temer, Jos\u00e9 Sarney, seja no papel de deputado e senador, Francisco Esc\u00f3rcio comenta a situa\u00e7\u00e3o de Onyx Lorenzoni: \u201cEle \u00e9 jovem, inteligente. Aos poucos, vai aprendendo. \u00c9 com o andar da carruagem que a as ab\u00f3boras v\u00e3o se ajeitando\u201d.<\/p>\n<p><strong>Giacobetes versus Soraya<\/strong>\/ Quem chama a aten\u00e7\u00e3o esses dias na C\u00e2mara s\u00e3o as mo\u00e7as que desfilam com camisetas de Giacobo (foto), do PR do Paran\u00e1, para a primeira secretaria. Quem deve concorrer contra ele \u00e9 a deputada Soraya Santos (PR-RJ).<\/p>\n<p><strong>Recorde indigesto\/<\/strong> As contas de autoridades de Minas Gerais indicam que o n\u00famero de mortos decorrentes da trag\u00e9dia de Brumadinho vai superar o de outros rompimentos semelhantes. \u00c9 a barragem \u201cbarata\u201d da Vale mostrando o que n\u00e3o tem pre\u00e7o.<\/p>\n","protected":false},"excerpt":{"rendered":"<p>No papel de presidente em exerc\u00edcio, o general Hamilton Mour\u00e3o fez o que o ministro da Casa Civil, Onyx Lorenzoni, articulador pol\u00edtico do governo n\u00e3o fez: dizer que dialoga com \u201cqualquer um\u201d no Congresso Nacional. No Senado, Onyx trabalha por Davi Alcolumbre (DEM-AP), irrita o presidente da C\u00e2mara, Rodrigo Maia (DEM-RJ), e os emedeb\u00eas de Renan Calheiros e Simone Tebet. [&hellip;]<\/p>\n","protected":false},"author":29,"featured_media":3122,"comment_status":"closed","ping_status":"closed","sticky":false,"template":"","format":"standard","meta":{"footnotes":""},"categories":[4],"tags":[],"class_list":["post-3121","post","type-post","status-publish","format-standard","has-post-thumbnail","hentry","category-coluna-brasilia-df"],"_links":{"self":[{"href":"https:\/\/blogs.correiobraziliense.com.br\/denise\/wp-json\/wp\/v2\/posts\/3121","targetHints":{"allow":["GET"]}}],"collection":[{"href":"https:\/\/blogs.correiobraziliense.com.br\/denise\/wp-json\/wp\/v2\/posts"}],"about":[{"href":"https:\/\/blogs.correiobraziliense.com.br\/denise\/wp-json\/wp\/v2\/types\/post"}],"author":[{"embeddable":true,"href":"https:\/\/blogs.correiobraziliense.com.br\/denise\/wp-json\/wp\/v2\/users\/29"}],"replies":[{"embeddable":true,"href":"https:\/\/blogs.correiobraziliense.com.br\/denise\/wp-json\/wp\/v2\/comments?post=3121"}],"version-history":[{"count":3,"href":"https:\/\/blogs.correiobraziliense.com.br\/denise\/wp-json\/wp\/v2\/posts\/3121\/revisions"}],"predecessor-version":[{"id":3125,"href":"https:\/\/blogs.correiobraziliense.com.br\/denise\/wp-json\/wp\/v2\/posts\/3121\/revisions\/3125"}],"wp:featuredmedia":[{"embeddable":true,"href":"https:\/\/blogs.correiobraziliense.com.br\/denise\/wp-json\/wp\/v2\/media\/3122"}],"wp:attachment":[{"href":"https:\/\/blogs.correiobraziliense.com.br\/denise\/wp-json\/wp\/v2\/media?parent=3121"}],"wp:term":[{"taxonomy":"category","embeddable":true,"href":"https:\/\/blogs.correiobraziliense.com.br\/denise\/wp-json\/wp\/v2\/categories?post=3121"},{"taxonomy":"post_tag","embeddable":true,"href":"https:\/\/blogs.correiobraziliense.com.br\/denise\/wp-json\/wp\/v2\/tags?post=3121"}],"curies":[{"name":"wp","href":"https:\/\/api.w.org\/{rel}","templated":true}]}}